{"id":8296,"date":"2020-04-27T15:58:09","date_gmt":"2020-04-27T14:58:09","guid":{"rendered":"https:\/\/ispah.tecology-hosting.co\/?p=8296"},"modified":"2023-08-23T05:35:52","modified_gmt":"2023-08-23T04:35:52","slug":"report-du-covid-19-et-du-8eme-congres-de-lispah","status":"publish","type":"post","link":"https:\/\/ispah.tecology-hosting.co\/fr\/covid-19-and-8th-ispah-congress-postponed\/","title":{"rendered":"Le 8e congr\u00e8s de l'ISPAH a \u00e9t\u00e9 report\u00e9 \u00e0 2021"},"content":{"rendered":"<p class=\"wp-block-paragraph\"><strong>Les 8<sup>th<\/sup> Le congr\u00e8s de l'ISPAH a \u00e9t\u00e9 report\u00e9 \u00e0 octobre 2021<\/strong><\/p>\n\n\n\n<p class=\"wp-block-paragraph\">Date : 27 avril 2020<\/p>\n\n\n\n<p class=\"wp-block-paragraph\">Chers coll\u00e8gues,<\/p>\n\n\n\n<p class=\"wp-block-paragraph\">Nos pens\u00e9es vont aux personnes touch\u00e9es par l'\u00e9pid\u00e9mie de nouveau coronavirus COVID-19. Nous appr\u00e9cions grandement les professionnels de la sant\u00e9, les communaut\u00e9s et les gouvernements du monde entier qui s'efforcent d'endiguer ce nouveau coronavirus. Les organisateurs de la conf\u00e9rence et l'ISPAH ont examin\u00e9 attentivement les conditions quotidiennes li\u00e9es \u00e0 la propagation du COVID-19 et les implications pour notre prochain congr\u00e8s. Nous avons r\u00e9cemment rencontr\u00e9 les agences et les autorit\u00e9s de sant\u00e9 publique ainsi que le Centre des congr\u00e8s de Vancouver. Nous avons \u00e9galement re\u00e7u de nombreux commentaires de la part de d\u00e9l\u00e9gu\u00e9s et d'orateurs internationaux potentiels.<\/p>\n\n\n\n<p class=\"wp-block-paragraph\">Sur la base de ces r\u00e9actions, le comit\u00e9 d'organisation local et le conseil d'administration de l'ISPAH ont pris la d\u00e9cision difficile de reporter la conf\u00e9rence de la 8<sup>th<\/sup> Congr\u00e8s de l'ISPAH jusqu'\u00e0 <strong>12-14 octobre 2021<\/strong> \u00e0 Vancouver, en Colombie-Britannique. Au cours de nos discussions, il est apparu que plusieurs facteurs limiteraient notre capacit\u00e9 \u00e0 organiser un congr\u00e8s en octobre 2020. Il s'agit notamment de l'\u00e9ventualit\u00e9 d'une deuxi\u00e8me ou d'une troisi\u00e8me vague de l'\u00e9pid\u00e9mie de COVID \u00e0 l'automne 2020, de l'impossibilit\u00e9 pour les d\u00e9l\u00e9gu\u00e9s de voyager (ou de r\u00e9server un voyage) pour le congr\u00e8s, et de la possibilit\u00e9 que le Centre des congr\u00e8s de Vancouver continue \u00e0 \u00eatre utilis\u00e9 comme \u00e9tablissement m\u00e9dical. Plus important encore, nous avons pris cette d\u00e9cision pour garantir la sant\u00e9 et la s\u00e9curit\u00e9 de nos membres et de tous les d\u00e9l\u00e9gu\u00e9s.<\/p>\n\n\n\n<p class=\"wp-block-paragraph\">Nous nous excusons pour les inconv\u00e9nients que cela peut causer dans vos projets de participation au Congr\u00e8s. Nous esp\u00e9rons continuer \u00e0 d\u00e9velopper nos symposiums et notre programme. Pour ce faire, nous offrirons des possibilit\u00e9s suppl\u00e9mentaires de soumission de r\u00e9sum\u00e9s et nous r\u00e9viserons les d\u00e9lais jusqu'au congr\u00e8s de 2021. Ces informations seront prochainement mises \u00e0 jour sur le site web du congr\u00e8s (<a href=\"https:\/\/www.ispah2020.com\/\">www.ispah2020.com<\/a>).<\/p>\n\n\n\n<p class=\"wp-block-paragraph\">Le comit\u00e9 d'organisation local et le personnel travaillent sur des approches alternatives potentielles pour organiser un \u00e9v\u00e9nement virtuel en octobre 2020. Les d\u00e9tails concernant cet \u00e9v\u00e9nement n'ont pas \u00e9t\u00e9 confirm\u00e9s ; cependant, nous envisageons un \u00e9v\u00e9nement d'une journ\u00e9e qui met en lumi\u00e8re certaines des derni\u00e8res informations de pointe issues des symposiums. Des informations suppl\u00e9mentaires concernant cet \u00e9v\u00e9nement seront fournies lorsque les d\u00e9tails seront confirm\u00e9s.<\/p>\n\n\n\n<p class=\"wp-block-paragraph\">La s\u00e9curit\u00e9 de nos participants, de notre personnel et du personnel du Congr\u00e8s est notre premi\u00e8re priorit\u00e9. Nous faisons tout ce qui est en notre pouvoir pour assurer la s\u00e9curit\u00e9 et le bien-\u00eatre de nos participants et leur offrir un maximum de flexibilit\u00e9. Nous esp\u00e9rons que cette d\u00e9cision att\u00e9nuera certaines de vos inqui\u00e9tudes concernant vos d\u00e9placements en cette p\u00e9riode d'incertitude.<\/p>\n\n\n\n<p class=\"wp-block-paragraph\">Nous vous remercions de votre attention.<\/p>\n\n\n\n<p class=\"wp-block-paragraph\">Je vous prie d'agr\u00e9er, Monsieur le Pr\u00e9sident, l'expression de mes sentiments distingu\u00e9s,<\/p>\n\n\n\n<p class=\"wp-block-paragraph\">Darren Warburton (copr\u00e9sident) et Shannon Bredin (copr\u00e9sidente)<\/p>\n\n\n\n<p class=\"wp-block-paragraph\">8<sup>th<\/sup> Congr\u00e8s de l'ISPAH, Vancouver, BC (2020\/21)<\/p>","protected":false},"excerpt":{"rendered":"<p>The 8th ISPAH Congress has been postponed to October 2021 Date: 27 April 2020 Dear Colleagues, Our thoughts go out to the people who have been affected by the novel coronavirus COVID-19 outbreak. We appreciate greatly the healthcare professionals, communities, and governments from around the world who are working to contain this novel coronavirus. The [&hellip;]<\/p>\n","protected":false},"author":9,"featured_media":8303,"comment_status":"closed","ping_status":"open","sticky":false,"template":"","format":"standard","meta":{"_jf_schedule_form":"","_jf_limit_responses":"","country-income-classification":"","slim_seo":{"title":"Le 8e congr\u00e8s de l'ISPAH est report\u00e9 \u00e0 2021 - ISPAH","description":"Le 8e Congr\u00e8s de l'ISPAH a \u00e9t\u00e9 report\u00e9 \u00e0 octobre 2021 Date : 27 avril 2020 Chers coll\u00e8gues, Nos pens\u00e9es vont aux personnes qui ont \u00e9t\u00e9 touch\u00e9es par l'\u00e9pid\u00e9mie de nouveau coronavirus COVID-19. Nous appr\u00e9cions grandement les professionnels de la sant\u00e9, les communaut\u00e9s et les gouvernements du monde entier qui..."},"_slim_seo_primary_term_category":0,"_slim_seo_primary_term_post_tag":0,"footnotes":""},"categories":[60],"tags":[91],"class_list":["post-8296","post","type-post","status-publish","format-standard","has-post-thumbnail","hentry","category-announcements","tag-congress"],"_links":{"self":[{"href":"https:\/\/ispah.tecology-hosting.co\/fr\/wp-json\/wp\/v2\/posts\/8296","targetHints":{"allow":["GET"]}}],"collection":[{"href":"https:\/\/ispah.tecology-hosting.co\/fr\/wp-json\/wp\/v2\/posts"}],"about":[{"href":"https:\/\/ispah.tecology-hosting.co\/fr\/wp-json\/wp\/v2\/types\/post"}],"author":[{"embeddable":true,"href":"https:\/\/ispah.tecology-hosting.co\/fr\/wp-json\/wp\/v2\/users\/9"}],"replies":[{"embeddable":true,"href":"https:\/\/ispah.tecology-hosting.co\/fr\/wp-json\/wp\/v2\/comments?post=8296"}],"version-history":[{"count":0,"href":"https:\/\/ispah.tecology-hosting.co\/fr\/wp-json\/wp\/v2\/posts\/8296\/revisions"}],"wp:featuredmedia":[{"embeddable":true,"href":"https:\/\/ispah.tecology-hosting.co\/fr\/wp-json\/wp\/v2\/media\/8303"}],"wp:attachment":[{"href":"https:\/\/ispah.tecology-hosting.co\/fr\/wp-json\/wp\/v2\/media?parent=8296"}],"wp:term":[{"taxonomy":"category","embeddable":true,"href":"https:\/\/ispah.tecology-hosting.co\/fr\/wp-json\/wp\/v2\/categories?post=8296"},{"taxonomy":"post_tag","embeddable":true,"href":"https:\/\/ispah.tecology-hosting.co\/fr\/wp-json\/wp\/v2\/tags?post=8296"}],"curies":[{"name":"wp","href":"https:\/\/api.w.org\/{rel}","templated":true}]}}