{"id":8208,"date":"2020-03-16T22:07:05","date_gmt":"2020-03-16T22:07:05","guid":{"rendered":"https:\/\/ispah.tecology-hosting.co\/?p=8208"},"modified":"2023-08-23T05:42:33","modified_gmt":"2023-08-23T04:42:33","slug":"mise-a-jour-du-congres-covid-19","status":"publish","type":"post","link":"https:\/\/ispah.tecology-hosting.co\/fr\/covid-19-congress-update\/","title":{"rendered":"COVID-19 et le 8\u00e8me congr\u00e8s de l'ISPAH"},"content":{"rendered":"<p class=\"wp-block-paragraph\"><strong>COVID-19 Information et 8<sup>th<\/sup> Congr\u00e8s de l'ISPAH, Vancouver, 28-31 octobre 2020<\/strong><\/p>\n\n\n\n<p class=\"wp-block-paragraph\">Date : 14 mars 2020<\/p>\n\n\n\n<p class=\"wp-block-paragraph\">Ch\u00e8re communaut\u00e9 ISPAH,<\/p>\n\n\n\n<p class=\"wp-block-paragraph\">Nos pens\u00e9es vont aux personnes qui ont \u00e9t\u00e9 affect\u00e9es par le nouveau coronavirus COVID-19. Nous appr\u00e9cions grandement les professionnels de la sant\u00e9, les communaut\u00e9s et les gouvernements du monde entier qui s'efforcent d'endiguer ce coronavirus.<\/p>\n\n\n\n<p class=\"wp-block-paragraph\">Nous vous contactons au sujet de nos projets pour les 8<sup>th<\/sup> Le congr\u00e8s de l'ISPAH \u00e0 Vancouver, C.-B. (28-31 octobre 2020) dans le contexte de l'annulation r\u00e9cente d'autres \u00e9v\u00e9nements internationaux et des interdictions de voyager li\u00e9es au COVID-19. Bien que notre congr\u00e8s ait lieu dans plus de sept (7) mois, nous comprenons que de nombreux d\u00e9l\u00e9gu\u00e9s potentiels se demandent comment notre congr\u00e8s pourrait \u00eatre affect\u00e9. Nous comprenons \u00e9galement que, dans le contexte actuel, le fait de se rendre \u00e0 un congr\u00e8s international n'est peut-\u00eatre pas la premi\u00e8re chose \u00e0 laquelle vous pensez.<\/p>\n\n\n\n<p class=\"wp-block-paragraph\">Sachez que les organisateurs de la conf\u00e9rence et le conseil d'administration de l'ISPAH examinent attentivement les conditions quotidiennes li\u00e9es \u00e0 la propagation du COVID-19 et les implications pour les d\u00e9l\u00e9gu\u00e9s de notre congr\u00e8s en octobre 2020. Sur la base de notre compr\u00e9hension actuelle et de notre exp\u00e9rience en mati\u00e8re de planification de grandes conf\u00e9rences de cette nature, nous esp\u00e9rons sinc\u00e8rement tenir notre congr\u00e8s comme pr\u00e9vu \u00e0 l'origine (en octobre 2020) et nous sommes en bonne voie pour atteindre cet objectif. <strong>Actuellement, les 8<sup>th<\/sup> Le congr\u00e8s de l'ISPAH (Vancouver 2020) devrait se d\u00e9rouler comme pr\u00e9vu du 28 au 31 octobre 2020. <\/strong><\/p>\n\n\n\n<p class=\"wp-block-paragraph\">Nous reconnaissons toutefois que l'impact potentiel de la propagation du COVID-19 ne sera peut-\u00eatre pas totalement clair au cours des prochains mois. La s\u00e9curit\u00e9 de nos participants, de notre personnel et du personnel du Congr\u00e8s est notre premi\u00e8re priorit\u00e9. Alors que la situation autour du COVID-19 continue d'\u00e9voluer, nous faisons tout ce qui est en notre pouvoir pour assurer la s\u00e9curit\u00e9 et le bien-\u00eatre de nos participants et leur offrir un maximum de flexibilit\u00e9. Nous prolongeons notamment les d\u00e9lais de soumission des symposiums, des ateliers et des r\u00e9sum\u00e9s, nous modifions nos politiques de remboursement et nous prolongeons la date limite d'inscription au congr\u00e8s pour les personnes qui s'inscrivent en avance. Nous esp\u00e9rons que ces mesures contribueront \u00e0 att\u00e9nuer certaines des inqui\u00e9tudes li\u00e9es \u00e0 la pr\u00e9paration de la participation au congr\u00e8s \u00e0 l'automne 2020.<\/p>\n\n\n\n<p class=\"wp-block-paragraph\">L'Agence de la sant\u00e9 publique du Canada surveille actuellement la situation li\u00e9e au COVID en collaboration avec l'Organisation mondiale de la sant\u00e9 et d'autres partenaires internationaux. \u00c0 l'heure actuelle, l'Agence de la sant\u00e9 publique du Canada a \u00e9valu\u00e9 le risque pour la sant\u00e9 publique associ\u00e9 au COVID-19 comme suit&nbsp;<strong>faible<\/strong>&nbsp;pour la population g\u00e9n\u00e9rale du Canada, mais cela pourrait changer. L'Agence de la sant\u00e9 publique du Canada, en collaboration avec ses partenaires provinciaux, territoriaux et communautaires, continue de r\u00e9\u00e9valuer le risque pour la sant\u00e9 publique, sur la base des meilleures donn\u00e9es disponibles, \u00e0 mesure que la situation \u00e9volue. Veuillez consulter les derni\u00e8res&nbsp;<a href=\"https:\/\/travel.gc.ca\/travelling\/health-safety\/travel-health-notices\">avis de sant\u00e9 pour les voyageurs<\/a>&nbsp;avant de voyager. Il existe plusieurs avis sanitaires de voyage actifs pour COVID-19. Chaque pays ou r\u00e9gion peut avoir des&nbsp;<a href=\"https:\/\/travel.gc.ca\/travelling\/health-safety\/travel-health-notices#risklevels\">les niveaux de risque<\/a>. Ces niveaux de risque peuvent changer en fonction de l'\u00e9volution de l'\u00e9v\u00e9nement COVID-19 au niveau international.<\/p>\n\n\n\n<p class=\"wp-block-paragraph\">Nous continuerons \u00e0 surveiller la situation au cours des mois pr\u00e9c\u00e9dant le congr\u00e8s. Nous fournirons des mises \u00e0 jour r\u00e9guli\u00e8res aux d\u00e9l\u00e9gu\u00e9s inscrits et aux pr\u00e9sentateurs accept\u00e9s pendant toute la dur\u00e9e du congr\u00e8s. Nous publierons notamment des messages sur le site web du congr\u00e8s (<a href=\"https:\/\/www.ispah2020.com\/\">www.ispah2020.com<\/a>) et par le biais des m\u00e9dias sociaux (Twitter : @ispah2020 @ispah).<\/p>\n\n\n\n<p class=\"wp-block-paragraph\">Nous vous remercions de votre patience et de votre compr\u00e9hension alors que nous tentons de faire face \u00e0 ce paysage changeant. Les derni\u00e8res d\u00e9clarations de l'OMS sont disponibles \u00e0 l'adresse suivante&nbsp;<a href=\"https:\/\/r20.rs6.net\/tn.jsp?f=001F9j8oMYJRlCecS7il_4RQzUVCJ5rDNKEKAkUMaJliF2rkXc1KT4vbZeSuvgkGBB8Ql1qcFxwalIliZnKZaZOI8VKe7Fz-eoqif6sPavu0dRCDRaNWHc9PkyIvKldBEJ2ka27LA7iKxDLnRmgSZbzB8pgl5lqQWhiSKo4a5MzB3N3ex2qx0lLXQ1wenGjRNOqgTdEMCe73uQ=&amp;c=hsmxHJgLEf9C36K3hjZobfDBlSEAKwNW2CdgBfBvHuQd9ZrVTTH0WQ==&amp;ch=7QhhUx8Po3TZQAyXs5Jm7nSrS5LXB2NjtV9PFStjmS8kHtqR9RP_4w==\">Site web de l'OMS sur l'\u00e9pid\u00e9mie de coronavirus (COVID-19).<\/a><\/p>\n\n\n\n<p class=\"wp-block-paragraph\">Nous nous r\u00e9jouissons de vous accueillir \u00e0 Vancouver en 2020. Pour toute question, veuillez vous adresser \u00e0&nbsp;<a href=\"mailto:info@ispah2020.com\"><span style=\"display:inline;unicode-bidi:bidi-override;direction:rtl;\" class=\"\">moc.0202hapsi<span style=\"display:none;\">obfsctd-37a82e<\/span>@ofni<\/span><\/a>.<\/p>\n\n\n\n<p class=\"wp-block-paragraph\">Je vous prie d'agr\u00e9er, Monsieur le Pr\u00e9sident, l'expression de mes sentiments distingu\u00e9s,<\/p>\n\n\n\n<p class=\"wp-block-paragraph\">Votre comit\u00e9 local d'organisation<\/p>\n\n\n\n<p class=\"wp-block-paragraph\">8<sup>th<\/sup> Congr\u00e8s de l'ISPAH, Vancouver 2020<\/p>","protected":false},"excerpt":{"rendered":"<p>COVID-19 Information and 8th ISPAH Congress, Vancouver, October 28-31, 2020 Date: 14 March 2020 Dear ISPAH Community, Our thoughts go out to the people who have been affected by novel coronavirus COVID-19. We appreciate greatly the healthcare professionals, communities, and governments from around the world who are working to contain this coronavirus. We are reaching [&hellip;]<\/p>\n","protected":false},"author":9,"featured_media":8189,"comment_status":"closed","ping_status":"open","sticky":false,"template":"","format":"standard","meta":{"_jf_schedule_form":"","_jf_limit_responses":"","country-income-classification":"","slim_seo":{"title":"COVID-19 et 8\u00e8me congr\u00e8s de l'ISPAH - ISPAH","description":"COVID-19 Information et 8\u00e8me Congr\u00e8s de l'ISPAH, Vancouver, 28-31 octobre 2020 Date : 14 mars 2020 Ch\u00e8re communaut\u00e9 de l'ISPAH, Nos pens\u00e9es vont aux personnes qui ont \u00e9t\u00e9 affect\u00e9es par le nouveau coronavirus COVID-19. Nous appr\u00e9cions grandement les professionnels de la sant\u00e9, les communaut\u00e9s et les gouvernements du monde entier qui s'efforcent de contenir..."},"_slim_seo_primary_term_category":0,"_slim_seo_primary_term_post_tag":0,"footnotes":""},"categories":[60],"tags":[91],"class_list":["post-8208","post","type-post","status-publish","format-standard","has-post-thumbnail","hentry","category-announcements","tag-congress"],"_links":{"self":[{"href":"https:\/\/ispah.tecology-hosting.co\/fr\/wp-json\/wp\/v2\/posts\/8208","targetHints":{"allow":["GET"]}}],"collection":[{"href":"https:\/\/ispah.tecology-hosting.co\/fr\/wp-json\/wp\/v2\/posts"}],"about":[{"href":"https:\/\/ispah.tecology-hosting.co\/fr\/wp-json\/wp\/v2\/types\/post"}],"author":[{"embeddable":true,"href":"https:\/\/ispah.tecology-hosting.co\/fr\/wp-json\/wp\/v2\/users\/9"}],"replies":[{"embeddable":true,"href":"https:\/\/ispah.tecology-hosting.co\/fr\/wp-json\/wp\/v2\/comments?post=8208"}],"version-history":[{"count":0,"href":"https:\/\/ispah.tecology-hosting.co\/fr\/wp-json\/wp\/v2\/posts\/8208\/revisions"}],"wp:featuredmedia":[{"embeddable":true,"href":"https:\/\/ispah.tecology-hosting.co\/fr\/wp-json\/wp\/v2\/media\/8189"}],"wp:attachment":[{"href":"https:\/\/ispah.tecology-hosting.co\/fr\/wp-json\/wp\/v2\/media?parent=8208"}],"wp:term":[{"taxonomy":"category","embeddable":true,"href":"https:\/\/ispah.tecology-hosting.co\/fr\/wp-json\/wp\/v2\/categories?post=8208"},{"taxonomy":"post_tag","embeddable":true,"href":"https:\/\/ispah.tecology-hosting.co\/fr\/wp-json\/wp\/v2\/tags?post=8208"}],"curies":[{"name":"wp","href":"https:\/\/api.w.org\/{rel}","templated":true}]}}