{"id":8181,"date":"2020-02-20T14:00:19","date_gmt":"2020-02-20T14:00:19","guid":{"rendered":"https:\/\/ispah.tecology-hosting.co\/?p=8181"},"modified":"2024-04-19T20:21:10","modified_gmt":"2024-04-19T19:21:10","slug":"orateurs-principaux-ispah2020","status":"publish","type":"post","link":"https:\/\/ispah.tecology-hosting.co\/fr\/keynote-speakers-ispah2020\/","title":{"rendered":"Annonce des orateurs principaux pour ISPAH 2020"},"content":{"rendered":"<h5 class=\"wp-block-heading\" id=\"we-are-excited-to-announce-the-ispah2020-keynote-speakers-0\">Nous sommes heureux d'annoncer les orateurs principaux d'ISPAH2020...<\/h5>\n\n\n\n<figure class=\"wp-block-image alignright\"><a href=\"https:\/\/ispah.tecology-hosting.co\/wp-content\/uploads\/2020\/02\/Camilo-Mora-1.jpg\"><img decoding=\"async\" src=\"https:\/\/ispah.tecology-hosting.co\/wp-content\/uploads\/2020\/02\/Camilo-Mora-1.jpg\" alt=\"\" \/><\/a><\/figure>\n\n\n\n<h4 class=\"wp-block-heading has-medium-font-size\"><b>Keynote 1<\/b><\/h4>\n\n\n\n<p class=\"wp-block-paragraph\"><b>Camilo Mora - <\/b><b>Impacts du changement climatique sur l'humanit\u00e9 : C'est pire que vous ne le pensez mais c'est encore r\u00e9parable<\/b><\/p>\n\n\n\n<p class=\"wp-block-paragraph\">Camilo Mora Ph.D. est professeur associ\u00e9 \u00e0 l'Universit\u00e9 d'Hawa\u00ef \u00e0 M\u0101noa. Il est l'auteur de plus de 70 publications scientifiques, dont trois ont figur\u00e9 parmi les 100 meilleurs articles scientifiques au monde en 2017, 2013 et 2011 ; dix publications ont \u00e9t\u00e9 publi\u00e9es dans Nature et Science. Ses travaux ont \u00e9t\u00e9 pr\u00e9sent\u00e9s \u00e0 de multiples reprises dans le New York Times, le Washington Post, Newsweek, Time, Fortune, CNN, et m\u00eame des cha\u00eenes conservatrices telles que Fox News et Breitbart, parmi beaucoup d'autres.<\/p>\n\n\n\n<div style=\"height:40px\" aria-hidden=\"true\" class=\"wp-block-spacer\"><\/div>\n\n\n\n<h4 class=\"wp-block-heading has-medium-font-size\"><b>Keynote 2 <\/b><\/h4>\n\n\n\n<figure class=\"wp-block-image alignright\"><a href=\"https:\/\/ispah.tecology-hosting.co\/wp-content\/uploads\/2020\/02\/Horn-Miller.png\"><img decoding=\"async\" src=\"https:\/\/ispah.tecology-hosting.co\/wp-content\/uploads\/2020\/02\/Horn-Miller-201x300.png\" alt=\"\" \/><\/a><\/figure>\n\n\n\n<p class=\"wp-block-paragraph\"><b>Waneek Horn-Miller -&nbsp;<\/b><strong>\u00c9l\u00e9ments de la motivation indig\u00e8ne dans l'activit\u00e9 physique, le sport et la vie<\/strong><\/p>\n\n\n\n<p class=\"wp-block-paragraph\">En tant que membre de l'\u00e9quipe nationale f\u00e9minine de water-polo, Waneek Horn-Miller a remport\u00e9 une m\u00e9daille d'or aux Jeux panam\u00e9ricains de 1999 \u00e0 Winnipeg. Elle a ensuite \u00e9t\u00e9 co-capitaine de la premi\u00e8re \u00e9quipe f\u00e9minine canadienne de water-polo aux Jeux olympiques, qui a termin\u00e9 cinqui\u00e8me \u00e0 Sydney en 2000. Pendant la p\u00e9riode pr\u00e9c\u00e9dant ces Jeux, Horn-Miller a fait la couverture du magazine TIME. Elle a ensuite aid\u00e9 le Canada \u00e0 remporter une m\u00e9daille de bronze aux Championnats du monde de la FINA en 2001. <\/p>\n\n\n\n<p class=\"wp-block-paragraph\">Waneek a \u00e9galement particip\u00e9 \u00e0 cinq Jeux autochtones d'Am\u00e9rique du Nord en natation et en tir \u00e0 la carabine. Horn-Miller travaille et voyage beaucoup dans le monde indig\u00e8ne en tant que conf\u00e9renci\u00e8re motivatrice et maintenant en tant qu'\u00e9tudiante dipl\u00f4m\u00e9e \u00e0 l'UBC, o\u00f9 elle \u00e9tudie les aspects de la motivation indig\u00e8ne dans le cadre du programme d'\u00e9tudes indig\u00e8nes en kin\u00e9siologie (\u00c9cole de kin\u00e9siologie). <\/p>\n\n\n\n<p class=\"wp-block-paragraph\">Elle est une avocate passionn\u00e9e du sport, de la forme physique et du bien-\u00eatre, et partage son parcours, depuis le moment o\u00f9 elle a \u00e9t\u00e9 poignard\u00e9e pendant la c\u00e9l\u00e8bre crise d'Oka jusqu'aux Jeux olympiques, comme un exemple du pouvoir du sport pour aider les jeunes autochtones \u00e0 concentrer leurs \u00e9motions et leurs exp\u00e9riences sur la r\u00e9alisation de leurs objectifs. En tant qu'une des rares athl\u00e8tes olympiques autochtones du Canada, Waneek a utilis\u00e9 sa passion et ses exp\u00e9riences dans le sport pour influencer les dirigeants autochtones et non autochtones \u00e0 faire de l'acc\u00e8s au sport une priorit\u00e9 dans la construction des nations.<\/p>\n\n\n\n<div style=\"height:40px\" aria-hidden=\"true\" class=\"wp-block-spacer\"><\/div>\n\n\n\n<h4 class=\"wp-block-heading has-medium-font-size\"><b>Keynote 3<\/b><\/h4>\n\n\n\n<figure class=\"wp-block-image alignright\"><a href=\"https:\/\/ispah.tecology-hosting.co\/wp-content\/uploads\/2020\/02\/OlgaSarmiento2.png\"><img decoding=\"async\" src=\"https:\/\/ispah.tecology-hosting.co\/wp-content\/uploads\/2020\/02\/OlgaSarmiento2-293x300.png\" alt=\"\" \/><\/a><\/figure>\n\n\n\n<p class=\"wp-block-paragraph\"><b>Olga Sarmiento - <strong>Promotion de l'activit\u00e9 physique dans les populations d'Am\u00e9rique latine : Un conte de r\u00e9alisme magique&nbsp;<\/strong><\/b><\/p>\n\n\n\n<p class=\"wp-block-paragraph\">Olga L. Sarmiento est professeur au d\u00e9partement de sant\u00e9 publique de l'\u00e9cole de m\u00e9decine de l'Universidad de Los Andes (Bogot\u00e1, Colombie). Ses recherches transdisciplinaires portent sur la relation entre l'environnement b\u00e2ti, la politique et l'activit\u00e9 physique, et plus particuli\u00e8rement sur les programmes communautaires inclusifs et durables en Am\u00e9rique latine. <\/p>\n\n\n\n<p class=\"wp-block-paragraph\">Le Dr Sarmiento a \u00e9t\u00e9 membre du conseil d'administration de la \"Soci\u00e9t\u00e9 internationale pour l'activit\u00e9 physique et la sant\u00e9\" (ISPAH), du \"Global Advocacy for Physical Activity\" (GAPA), du \"R\u00e9seau de sant\u00e9 urbaine pour l'Am\u00e9rique latine et les Cara\u00efbes\" et de la \"Soci\u00e9t\u00e9 internationale pour la sant\u00e9 urbaine\". <\/p>\n\n\n\n<p class=\"wp-block-paragraph\">Elle est actuellement chercheuse pour le projet \"Urban Health in Latin America\" (SALURBAL), le \"International Physical Activity, and Environment Network\" (IPEN), l'\"International Study of Childhood Obesity, Lifestyle and the Environment\" (ISCOLE) et le \"Stanford-Colombia Collaboratory on Chronic Disease\" (S-C3). Elle a re\u00e7u des distinctions du minist\u00e8re des sports de Colombie et de l'Institut des sports et des loisirs de Bogot\u00e1 (Colombie) pour avoir promu des comportements sains en Colombie par le biais de travaux universitaires.<\/p>\n\n\n\n<div style=\"height:40px\" aria-hidden=\"true\" class=\"wp-block-spacer\"><\/div>\n\n\n\n<h4 class=\"wp-block-heading has-medium-font-size\"><b>Note de synth\u00e8se 4<\/b><\/h4>\n\n\n\n<figure class=\"wp-block-image alignright\"><a href=\"https:\/\/ispah.tecology-hosting.co\/wp-content\/uploads\/2020\/02\/Stamatakis.png\"><img decoding=\"async\" src=\"https:\/\/ispah.tecology-hosting.co\/wp-content\/uploads\/2020\/02\/Stamatakis-283x300.png\" alt=\"\" \/><\/a><\/figure>\n\n\n\n<p class=\"wp-block-paragraph\"><b>Emmanuel Stamatakis - 20 ans de recherche sur le comportement s\u00e9dentaire : R\u00e9volution, \u00e9volution ou reconditionnement ?<\/b><\/p>\n\n\n\n<p class=\"wp-block-paragraph\">Emmanuel est professeur d'activit\u00e9 physique et de sant\u00e9 des populations, chercheur principal au NHMRC et responsable du th\u00e8me de l'activit\u00e9 physique et de l'exercice au Charles Perkins Centre de l'Universit\u00e9 de Sydney.  Il a obtenu son doctorat \u00e0 l'universit\u00e9 de Bristol en 2003 et a effectu\u00e9 un post-doctorat en \u00e9pid\u00e9miologie \u00e0 l'University College London. <\/p>\n\n\n\n<p class=\"wp-block-paragraph\">Il dirige un programme de recherche qui examine les effets sur la sant\u00e9 de l'activit\u00e9 physique et d'autres comportements li\u00e9s au mode de vie \u00e0 l'aide d'\u00e9tudes de cohortes et de consortiums de donn\u00e9es internationaux. Emmanuel a cr\u00e9\u00e9 et dirige le consortium Prospective Physical Activity, Sitting and Sleep (ProPASS), une collaboration internationale impliquant un certain nombre de cohortes de donn\u00e9es \u00e0 haute r\u00e9solution sur l'activit\u00e9 physique et les comportements s\u00e9dentaires, ainsi que le couplage de dossiers administratifs de sant\u00e9. <\/p>\n\n\n\n<p class=\"wp-block-paragraph\">Il a publi\u00e9 plus de 250 articles \u00e9valu\u00e9s par des pairs et, en 2019, il a figur\u00e9 sur la liste des chercheurs les plus cit\u00e9s de Clarivate.  Il participe \u00e0 la mise \u00e0 jour 2019-20 de l'activit\u00e9 physique mondiale et du comportement s\u00e9dentaire de l'OMS en tant que copr\u00e9sident du groupe d'\u00e9laboration des lignes directrices et responsable du sous-groupe sur l'activit\u00e9 physique chez les adultes. Il est l'un des quatre r\u00e9dacteurs du British Journal of Sports Medicine et le r\u00e9dacteur en chef du BMJ Open Sport &amp; Exercise Medicine.<\/p>\n\n\n\n<div style=\"height:40px\" aria-hidden=\"true\" class=\"wp-block-spacer\"><\/div>\n\n\n\n<h4 class=\"wp-block-heading has-medium-font-size\"><b>Keynote 5<\/b><\/h4>\n\n\n\n<figure class=\"wp-block-image alignright\"><a href=\"https:\/\/ispah.tecology-hosting.co\/wp-content\/uploads\/2020\/02\/RyanRhodes.png\"><img decoding=\"async\" src=\"https:\/\/ispah.tecology-hosting.co\/wp-content\/uploads\/2020\/02\/RyanRhodes-300x300.png\" alt=\"\" \/><\/a><\/figure>\n\n\n\n<p class=\"wp-block-paragraph\"><strong>Ryan E. Rhodes -&nbsp;<\/strong><strong>Tout dans la famille : Ce qui fonctionne et ce qui ne fonctionne pas dans la promotion du soutien parental \u00e0 l'activit\u00e9 physique des jeunes<\/strong><\/p>\n\n\n\n<p class=\"wp-block-paragraph\">Ryan E. Rhodes est professeur \u00e0 la School of Exercise Science, Physical and Health Education, directeur du Behavioral Medicine Laboratory et directeur associ\u00e9 de l'Institute on Aging and Lifelong Health \u00e0 l'universit\u00e9 de Victoria, au Canada. Son principal domaine de recherche est la psychologie de l'activit\u00e9 physique, avec un accent particulier sur la promotion pendant les transitions critiques de la vie telles que la parentalit\u00e9 et le d\u00e9veloppement familial pr\u00e9coce. <\/p>\n\n\n\n<p class=\"wp-block-paragraph\">Le Dr Rhodes est \u00e9galement l'un des experts mondiaux du foss\u00e9 entre l'intention et le comportement, rendu populaire par les r\u00e9solutions du Nouvel An que les gens s'efforcent de mettre en \u0153uvre chaque ann\u00e9e. Son \u00e9quipe a cr\u00e9\u00e9 un mod\u00e8le th\u00e9orique, connu sous le nom de contr\u00f4le de l'action multiprocessus, qui a \u00e9t\u00e9 valid\u00e9 avec succ\u00e8s pour aider \u00e0 transformer les bonnes intentions en changements de comportement durables par la formation d'habitudes et d'identit\u00e9s. Le Dr Rhodes a obtenu plus de 90 subventions pour ses recherches et a contribu\u00e9 \u00e0 plus de 350 publications, 25 chapitres d'ouvrages et deux livres. <\/p>\n\n\n\n<p class=\"wp-block-paragraph\">Le Dr Rhodes est membre de l'Acad\u00e9mie canadienne des sciences de la sant\u00e9, de la Soci\u00e9t\u00e9 de m\u00e9decine comportementale, de l'Acad\u00e9mie de m\u00e9decine comportementale, de l'American Psychological Association (Distinguished Affiliate) et membre du Coll\u00e8ge de la Soci\u00e9t\u00e9 royale du Canada. Il est co-r\u00e9dacteur en chef de Psychology and Health, r\u00e9dacteur associ\u00e9 de Health Psychology et de Exercise and Sports Sciences Reviews, et co-pr\u00e9sident du groupe d'int\u00e9r\u00eat sp\u00e9cial sur la th\u00e9orie et les techniques de changement de comportement de la Society of Behavioral Medicine.<\/p>","protected":false},"excerpt":{"rendered":"<p>We are excited to announce the ISPAH2020 keynote speakers&#8230; Keynote 1 Camilo Mora &#8211; Impacts of Climate Change on Humanity: It is Worse Than You Think but Still Fixable Camilo Mora Ph.D.&nbsp; is an Associate Professor at the University of Hawai\u2018i at M\u0101noa. He is the author of over 70 scientific publications, three of which [&hellip;]<\/p>\n","protected":false},"author":9,"featured_media":28793,"comment_status":"closed","ping_status":"open","sticky":false,"template":"","format":"standard","meta":{"_jf_schedule_form":"","_jf_limit_responses":"","country-income-classification":"","slim_seo":{"title":"Annonce des orateurs principaux pour ISPAH 2020 - ISPAH","description":"Nous sommes heureux d'annoncer les orateurs principaux d'ISPAH2020... Keynote 1 Camilo Mora - Impacts du changement climatique sur l'humanit\u00e9 : C'est pire que vous ne le pensez mais c'est encore r\u00e9parable Camilo Mora Ph.D. est professeur associ\u00e9 \u00e0 l'Universit\u00e9 d'Hawa\u00ef \u00e0 M\u0101noa. Il est l'auteur de plus de 70..."},"_slim_seo_primary_term_category":0,"_slim_seo_primary_term_post_tag":0,"footnotes":""},"categories":[60],"tags":[91],"class_list":["post-8181","post","type-post","status-publish","format-standard","has-post-thumbnail","hentry","category-announcements","tag-congress"],"_links":{"self":[{"href":"https:\/\/ispah.tecology-hosting.co\/fr\/wp-json\/wp\/v2\/posts\/8181","targetHints":{"allow":["GET"]}}],"collection":[{"href":"https:\/\/ispah.tecology-hosting.co\/fr\/wp-json\/wp\/v2\/posts"}],"about":[{"href":"https:\/\/ispah.tecology-hosting.co\/fr\/wp-json\/wp\/v2\/types\/post"}],"author":[{"embeddable":true,"href":"https:\/\/ispah.tecology-hosting.co\/fr\/wp-json\/wp\/v2\/users\/9"}],"replies":[{"embeddable":true,"href":"https:\/\/ispah.tecology-hosting.co\/fr\/wp-json\/wp\/v2\/comments?post=8181"}],"version-history":[{"count":0,"href":"https:\/\/ispah.tecology-hosting.co\/fr\/wp-json\/wp\/v2\/posts\/8181\/revisions"}],"wp:featuredmedia":[{"embeddable":true,"href":"https:\/\/ispah.tecology-hosting.co\/fr\/wp-json\/wp\/v2\/media\/28793"}],"wp:attachment":[{"href":"https:\/\/ispah.tecology-hosting.co\/fr\/wp-json\/wp\/v2\/media?parent=8181"}],"wp:term":[{"taxonomy":"category","embeddable":true,"href":"https:\/\/ispah.tecology-hosting.co\/fr\/wp-json\/wp\/v2\/categories?post=8181"},{"taxonomy":"post_tag","embeddable":true,"href":"https:\/\/ispah.tecology-hosting.co\/fr\/wp-json\/wp\/v2\/tags?post=8181"}],"curies":[{"name":"wp","href":"https:\/\/api.w.org\/{rel}","templated":true}]}}