{"id":34487,"date":"2025-08-14T05:58:50","date_gmt":"2025-08-14T04:58:50","guid":{"rendered":"https:\/\/ispah.tecology-hosting.co\/?p=34487"},"modified":"2025-08-21T07:36:15","modified_gmt":"2025-08-21T06:36:15","slug":"environnements-actifs-ispah-gappa-webinar-2","status":"publish","type":"post","link":"https:\/\/ispah.tecology-hosting.co\/fr\/active-environments-ispah-gappa-webinar-2\/","title":{"rendered":"Environnements actifs : Webinaire ISPAH GAPPA #2"},"content":{"rendered":"<p class=\"wp-block-paragraph\">Il s'agit du deuxi\u00e8me d'une s\u00e9rie de quatre webinaires sur les solutions \u00e0 l'inactivit\u00e9 physique, con\u00e7us autour des \u00e9l\u00e9ments du Plan d'action mondial pour l'activit\u00e9 physique (GAPPA) de l'Organisation mondiale de la sant\u00e9.<\/p>\n\n\n\n<p class=\"wp-block-paragraph\">Ce webinaire porte sur les \"environnements actifs\" et pr\u00e9sentera des solutions en mati\u00e8re d'activit\u00e9 physique qui sont mises en \u0153uvre \u00e0 grande \u00e9chelle dans diff\u00e9rents contextes et pour diff\u00e9rentes populations.<\/p>\n\n\n\n<p class=\"wp-block-paragraph\">D'autres webinaires seront consacr\u00e9s aux \"syst\u00e8mes actifs\" (gouvernance et politiques) et aux \"soci\u00e9t\u00e9s actives\" (normes sociales et attitudes).<\/p>\n\n\n\n<h2 class=\"wp-block-heading\">Quand ? <\/h2>\n\n\n\n<p class=\"has-accent-color has-text-color has-link-color has-large-font-size wp-elements-1 wp-block-paragraph\"><strong>Lundi 8 septembre 2025<\/strong><\/p>\n\n\n\n<figure class=\"wp-block-table is-style-stripes\"><table class=\"has-contrast-color has-text-color has-link-color has-fixed-layout\"><tbody><tr><td class=\"has-text-align-center\" data-align=\"center\"><strong>Localisation<\/strong><\/td><td class=\"has-text-align-left\" data-align=\"left\"><strong>L'heure<\/strong><\/td><\/tr><tr><td class=\"has-text-align-center\" data-align=\"center\">     Londres<\/td><td class=\"has-text-align-left\" data-align=\"left\">8 heures<\/td><\/tr><tr><td class=\"has-text-align-center\" data-align=\"center\">     Berlin<\/td><td class=\"has-text-align-left\" data-align=\"left\">9 heures<\/td><\/tr><tr><td class=\"has-text-align-center\" data-align=\"center\">     Delhi<\/td><td class=\"has-text-align-left\" data-align=\"left\">12:30<\/td><\/tr><tr><td class=\"has-text-align-center\" data-align=\"center\">     Singapour<\/td><td class=\"has-text-align-left\" data-align=\"left\">15h<\/td><\/tr><tr><td class=\"has-text-align-center\" data-align=\"center\">     Australie orientale<\/td><td class=\"has-text-align-left\" data-align=\"left\">5 heures de l'apr\u00e8s-midi<\/td><\/tr><\/tbody><\/table><\/figure>\n\n\n\n<h2 class=\"wp-block-heading\" id=\"speakers-1\">Intervenants :<\/h2>\n\n\n\n<p class=\"has-large-font-size wp-block-paragraph\"><strong>Dr. Tiago Canelas<\/strong><\/p>\n\n\n\n<div class=\"wp-block-columns is-layout-flex wp-container-core-columns-is-layout-04822461 wp-block-columns-is-layout-flex\">\n<div class=\"wp-block-column is-layout-flow wp-block-column-is-layout-flow\">\n<p class=\"wp-block-paragraph\">Le Dr Canelas est chercheur associ\u00e9 principal au R\u00e9seau mondial de recherche sur l'alimentation et l'activit\u00e9 (GDAR) \u00e0 l'universit\u00e9 de Cambridge, au Royaume-Uni. Il poss\u00e8de une formation interdisciplinaire allant de la g\u00e9ographie (licence) \u00e0 la sant\u00e9 mondiale (ma\u00eetrise et doctorat). Ses travaux portent sur la gestion des catastrophes, le changement climatique, l'environnement b\u00e2ti, l'alimentation, l'activit\u00e9 physique et les maladies infectieuses et non transmissibles, en particulier dans les pays \u00e0 revenu faible ou interm\u00e9diaire. En dehors du monde universitaire, il aime faire des cartes et s'entra\u00eener pour des triathlons.<br><\/p>\n<\/div>\n\n\n\n<div class=\"wp-block-column is-layout-flow wp-block-column-is-layout-flow\">\n<figure data-wp-context=\"{&quot;imageId&quot;:&quot;6a9d450b936a8&quot;}\" data-wp-interactive=\"core\/image\" data-wp-key=\"6a9d450b936a8\" class=\"wp-block-image aligncenter size-large is-resized wp-lightbox-container\"><img decoding=\"async\" width=\"790\" height=\"1080\" data-wp-class--hide=\"state.isContentHidden\" data-wp-class--show=\"state.isContentVisible\" data-wp-init=\"callbacks.setButtonStyles\" data-wp-on--click=\"actions.showLightbox\" data-wp-on--load=\"callbacks.setButtonStyles\" data-wp-on--pointerdown=\"actions.preloadImage\" data-wp-on--pointerenter=\"actions.preloadImageWithDelay\" data-wp-on--pointerleave=\"actions.cancelPreload\" data-wp-on-window--resize=\"callbacks.setButtonStyles\" src=\"https:\/\/ispah.tecology-hosting.co\/wp-content\/uploads\/2025\/08\/Tiago-790x1080.jpeg\" alt=\"Tiago\" class=\"wp-image-34530\" style=\"width:261px;height:auto\" srcset=\"https:\/\/ispah.tecology-hosting.co\/wp-content\/uploads\/2025\/08\/Tiago-790x1080.jpeg 790w, https:\/\/ispah.tecology-hosting.co\/wp-content\/uploads\/2025\/08\/Tiago-702x960.jpeg 702w, https:\/\/ispah.tecology-hosting.co\/wp-content\/uploads\/2025\/08\/Tiago.jpeg 1404w\" sizes=\"(max-width: 790px) 100vw, 790px\" \/><button\n\t\t\tclass=\"lightbox-trigger\"\n\t\t\ttype=\"button\"\n\t\t\taria-haspopup=\"dialog\"\n\t\t\tdata-wp-bind--aria-label=\"state.thisImage.triggerButtonAriaLabel\"\n\t\t\tdata-wp-init=\"callbacks.initTriggerButton\"\n\t\t\tdata-wp-on--click=\"actions.showLightbox\"\n\t\t\tdata-wp-style--right=\"state.thisImage.buttonRight\"\n\t\t\tdata-wp-style--top=\"state.thisImage.buttonTop\"\n\t\t>\n\t\t\t<svg xmlns=\"http:\/\/www.w3.org\/2000\/svg\" width=\"12\" height=\"12\" fill=\"none\" viewbox=\"0 0 12 12\">\n\t\t\t\t<path fill=\"#fff\" d=\"M2 0a2 2 0 0 0-2 2v2h1.5V2a.5.5 0 0 1 .5-.5h2V0H2Zm2 10.5H2a.5.5 0 0 1-.5-.5V8H0v2a2 2 0 0 0 2 2h2v-1.5ZM8 12v-1.5h2a.5.5 0 0 0 .5-.5V8H12v2a2 2 0 0 1-2 2H8Zm2-12a2 2 0 0 1 2 2v2h-1.5V2a.5.5 0 0 0-.5-.5H8V0h2Z\" \/>\n\t\t\t<\/svg>\n\t\t<\/button><\/figure>\n<\/div>\n<\/div>\n\n\n\n<p class=\"wp-block-paragraph\">La pr\u00e9sentation du Dr Canelas portera sur une \u00e9tude qui a \u00e9valu\u00e9 comment les environnements urbains de quatre villes africaines contribuent au risque de maladies non transmissibles par le biais de l'inactivit\u00e9 physique, d'une alimentation malsaine et des risques li\u00e9s au climat. L'\u00e9quipe a utilis\u00e9 des outils normalis\u00e9s, adapt\u00e9s avec des partenaires locaux, pour recueillir des donn\u00e9es dans 23 petites zones, avec diff\u00e9rents niveaux de privation socio-\u00e9conomique. Les r\u00e9sultats nous aident \u00e0 comprendre comment les risques syn\u00e9miques fa\u00e7onnent la sant\u00e9 urbaine et ce qu'il faut faire pour les mesurer de mani\u00e8re significative.<\/p>\n\n\n\n<p class=\"has-large-font-size wp-block-paragraph\"><strong>Prof. Jasper Schipperijn<\/strong><\/p>\n\n\n\n<p class=\"wp-block-paragraph\">M. Schipperijn est professeur d'environnements de vie active au d\u00e9partement des sciences du sport et de la biom\u00e9canique clinique de l'universit\u00e9 du Danemark m\u00e9ridional.<\/p>\n\n\n\n<div class=\"wp-block-media-text is-stacked-on-mobile\" style=\"grid-template-columns:56% auto\"><figure class=\"wp-block-media-text__media\"><img decoding=\"async\" width=\"1620\" height=\"1080\" src=\"https:\/\/ispah.tecology-hosting.co\/wp-content\/uploads\/2025\/08\/Jasper-1620x1080.jpg\" alt=\"Jasper\" class=\"wp-image-34531 size-full\" srcset=\"https:\/\/ispah.tecology-hosting.co\/wp-content\/uploads\/2025\/08\/Jasper-1620x1080.jpg 1620w, https:\/\/ispah.tecology-hosting.co\/wp-content\/uploads\/2025\/08\/Jasper-960x640.jpg 960w, https:\/\/ispah.tecology-hosting.co\/wp-content\/uploads\/2025\/08\/Jasper.jpg 1920w\" sizes=\"(max-width: 1620px) 100vw, 1620px\" \/><\/figure><div class=\"wp-block-media-text__content\">\n<p class=\"wp-block-paragraph\"> Ses recherches s'articulent autour de trois th\u00e8mes principaux : 1) les aires de jeux, 2) la r\u00e9alisation d'\u00e9tudes d'intervention pluridisciplinaires visant \u00e0 cr\u00e9er des environnements de vie active et 3) le d\u00e9veloppement d'outils et de m\u00e9thodes permettant de mesurer la vie active et l'environnement dans lequel elle s'inscrit.<\/p>\n<\/div><\/div>\n\n\n\n<p class=\"wp-block-paragraph\">Une grande partie de son travail s'appuie sur des \u00e9tudes d'intervention ou des exp\u00e9riences naturelles qui impliquent des changements dans l'environnement b\u00e2ti, par exemple la co-cr\u00e9ation et la r\u00e9novation de cours d'\u00e9cole, d'espaces verts urbains, d'espaces publics ouverts ou d'installations pour les cyclistes.<\/p>\n\n\n\n<p class=\"wp-block-paragraph\">La pr\u00e9sentation du professeur Schipperijn donnera un aper\u00e7u des travaux sur la cr\u00e9ation d'environnements actifs pour et avec les enfants et les jeunes.<\/p>\n\n\n\n<p class=\"has-large-font-size wp-block-paragraph\"><strong>Dr. Melanie Lowe<\/strong><\/p>\n\n\n\n<div class=\"wp-block-media-text is-stacked-on-mobile\" style=\"grid-template-columns:43% auto\"><figure class=\"wp-block-media-text__media\"><img decoding=\"async\" width=\"994\" height=\"1080\" src=\"https:\/\/ispah.tecology-hosting.co\/wp-content\/uploads\/2025\/08\/Melanie_MSSI-edited_cropped-994x1080.jpg\" alt=\"Melanie mssi \u00e9dit\u00e9e cropped\" class=\"wp-image-34532 size-full\" srcset=\"https:\/\/ispah.tecology-hosting.co\/wp-content\/uploads\/2025\/08\/Melanie_MSSI-edited_cropped-994x1080.jpg 994w, https:\/\/ispah.tecology-hosting.co\/wp-content\/uploads\/2025\/08\/Melanie_MSSI-edited_cropped-884x960.jpg 884w, https:\/\/ispah.tecology-hosting.co\/wp-content\/uploads\/2025\/08\/Melanie_MSSI-edited_cropped.jpg 1767w\" sizes=\"(max-width: 994px) 100vw, 994px\" \/><\/figure><div class=\"wp-block-media-text__content\">\n<p class=\"wp-block-paragraph\">Le Dr Lowe est chercheur principal du vice-chancelier au Centre de recherche urbaine de l'universit\u00e9 RMIT, \u00e0 Melbourne, en Australie. Lowe est un chercheur en urbanisme et en sant\u00e9 publique qui \u00e9tudie comment planifier des villes saines, actives et r\u00e9silientes et d\u00e9veloppe des indicateurs fond\u00e9s sur des donn\u00e9es probantes afin de contr\u00f4ler et d'informer les politiques. Le Dr Lowe est codirecteur de l'Institut de recherche en sant\u00e9 publique de l'Universit\u00e9 de Melbourne (RMIT).&nbsp;<a href=\"https:\/\/secure-web.cisco.com\/1EXAVlYS69WSMWCLMgPC6Ahd1zmRMp5h5v5Sgi8jRHY2W91sv80m1tZDDh7ZT9EbeBzFP7XysTND_C3-OjihiLIpJHssq6sxGjysmhD-4HkljDHwA7_rSmBfJ8QTQb9vzB-KpbB-ptO9uRJHRvcma2LZ7F9H8C30rIH1qCXLL5dfTDQE3SAUubbHiphhYHWHd3fSy-Ws3SzIe5RQ-BipdoFOMYAd3LpDAIg9S7OrybhvWMOcbxTPDEz6nEUlis3-TjEmM69XLbmbHBlm9JuZ1zIGNhYrjsPG5i5pYqM5GjCcl3VfeTaPduUMy9RUcYnKwcv5sMMqUuyAumXKvX9RNfkbsCCSP0s0aUlZ1i_1V9ygtSG6HYk6-r3V44XiF5eZquagfHWkX2Kv5juado50_tYesyXtg5aqyvT4rAQntsc-W_MrY8WgPx9P3Fc0Eol_O\/https%3A%2F%2Fwww.healthysustainablecities.org%2F\" target=\"_blank\" rel=\"noreferrer noopener\">Observatoire mondial des villes saines et durables<\/a>qui fournit des indicateurs de conception et de planification urbaines saines et durables pour les villes du monde entier.<\/p>\n<\/div><\/div>\n\n\n\n<p class=\"wp-block-paragraph\"> Le Dr Lowe collabore avec des \u00e9quipes multidisciplinaires de chercheurs et de d\u00e9cideurs politiques afin de renforcer la prise en compte de la sant\u00e9 dans la planification urbaine. Les recherches du Dr Lowe ont \u00e9t\u00e9 incluses dans les politiques locales, \u00e9tatiques et f\u00e9d\u00e9rales en Australie et sont utilis\u00e9es par des organisations internationales.<\/p>\n\n\n\n<p class=\"wp-block-paragraph\">La pr\u00e9sentation du Dr Lowe portera sur la mesure des progr\u00e8s accomplis en mati\u00e8re de villes actives \u00e0 l'\u00e9chelle internationale. L'Observatoire mondial des villes saines et durables fournit des indicateurs spatiaux et politiques comparables et fond\u00e9s sur des donn\u00e9es probantes en mati\u00e8re d'am\u00e9nagement et de planification urbains sains, actifs et durables pour les villes du monde entier.  Cette pr\u00e9sentation d\u00e9crira les r\u00e9cents progr\u00e8s r\u00e9alis\u00e9s dans l'extension de l'Observatoire mondial, gr\u00e2ce au d\u00e9veloppement de nouveaux indicateurs, \u00e0 l'augmentation du nombre de membres internationaux et \u00e0 l'ajout de nouvelles villes \u00e0 notre plateforme scientifique ouverte. Notre collaboration mondiale renforce les capacit\u00e9s de plaidoyer et aide \u00e0 suivre les progr\u00e8s vers des environnements urbains qui promeuvent la vie active et la r\u00e9silience climatique.<\/p>\n\n\n<div id=\"alert-wgnfm9atjg\" class=\"wp-block-tecology-alert alert  alert-primary\" role=\"alert\" aria-live=\"polite\"><div class=\"alert-content\"><p class=\"has-text-align-center wp-block-paragraph\"><strong>A noter : <\/strong>Il s'agit d'un webinaire r\u00e9serv\u00e9 aux membres de l'ISPAH.<\/p><\/div><\/div>\n\n\n<div class=\"wp-block-buttons is-content-justification-center is-layout-flex wp-container-core-buttons-is-layout-ae92ed25 wp-block-buttons-is-layout-flex\" style=\"margin-top:var(--wp--preset--spacing--20)\">\n<div class=\"wp-block-button\"><a class=\"wp-block-button__link wp-element-button\" href=\"https:\/\/ispah.tecology-hosting.co\/fr\/espace-membres\/webinars\/\"><strong>S'INSCRIRE AU WEBINAIRE ICI<\/strong><\/a><\/div>\n<\/div>","protected":false},"excerpt":{"rendered":"<p>This is the second in a series of four webinars on solutions to physical inactivity designed around the elements of the World Health Organization&#8217;s Global Action Plan on Physical Activity (GAPPA). This webinar focuses on &#8220;Active Environments&#8221; and will showcase solutions solutions to physical activity that are delivered at scale in different settings targeting different [&hellip;]<\/p>\n","protected":false},"author":1154,"featured_media":34542,"comment_status":"closed","ping_status":"closed","sticky":false,"template":"","format":"standard","meta":{"_jf_schedule_form":"","_jf_limit_responses":"","country-income-classification":"","slim_seo":{"title":"Active Environments: ISPAH GAPPA Webinar #2 - ISPAH","description":"Il s'agit du deuxi\u00e8me d'une s\u00e9rie de quatre webinaires sur les solutions \u00e0 l'inactivit\u00e9 physique, con\u00e7us autour des \u00e9l\u00e9ments de la strat\u00e9gie mondiale de l'Organisation mondiale de la sant\u00e9 pour l'activit\u00e9 physique."},"_slim_seo_primary_term_category":0,"_slim_seo_primary_term_post_tag":0,"footnotes":""},"categories":[39],"tags":[399,400,401],"class_list":["post-34487","post","type-post","status-publish","format-standard","has-post-thumbnail","hentry","category-events","tag-active-environments","tag-gappa","tag-webinar"],"_links":{"self":[{"href":"https:\/\/ispah.tecology-hosting.co\/fr\/wp-json\/wp\/v2\/posts\/34487","targetHints":{"allow":["GET"]}}],"collection":[{"href":"https:\/\/ispah.tecology-hosting.co\/fr\/wp-json\/wp\/v2\/posts"}],"about":[{"href":"https:\/\/ispah.tecology-hosting.co\/fr\/wp-json\/wp\/v2\/types\/post"}],"author":[{"embeddable":true,"href":"https:\/\/ispah.tecology-hosting.co\/fr\/wp-json\/wp\/v2\/users\/1154"}],"replies":[{"embeddable":true,"href":"https:\/\/ispah.tecology-hosting.co\/fr\/wp-json\/wp\/v2\/comments?post=34487"}],"version-history":[{"count":7,"href":"https:\/\/ispah.tecology-hosting.co\/fr\/wp-json\/wp\/v2\/posts\/34487\/revisions"}],"predecessor-version":[{"id":34586,"href":"https:\/\/ispah.tecology-hosting.co\/fr\/wp-json\/wp\/v2\/posts\/34487\/revisions\/34586"}],"wp:featuredmedia":[{"embeddable":true,"href":"https:\/\/ispah.tecology-hosting.co\/fr\/wp-json\/wp\/v2\/media\/34542"}],"wp:attachment":[{"href":"https:\/\/ispah.tecology-hosting.co\/fr\/wp-json\/wp\/v2\/media?parent=34487"}],"wp:term":[{"taxonomy":"category","embeddable":true,"href":"https:\/\/ispah.tecology-hosting.co\/fr\/wp-json\/wp\/v2\/categories?post=34487"},{"taxonomy":"post_tag","embeddable":true,"href":"https:\/\/ispah.tecology-hosting.co\/fr\/wp-json\/wp\/v2\/tags?post=34487"}],"curies":[{"name":"wp","href":"https:\/\/api.w.org\/{rel}","templated":true}]}}