{"id":34285,"date":"2025-06-24T14:01:51","date_gmt":"2025-06-24T13:01:51","guid":{"rendered":"https:\/\/ispah.tecology-hosting.co\/?p=34285"},"modified":"2025-07-08T05:21:35","modified_gmt":"2025-07-08T04:21:35","slug":"promouvoir-la-marche-et-le-cyclisme-une-boite-a-outils-doptions-politiques","status":"publish","type":"post","link":"https:\/\/ispah.tecology-hosting.co\/fr\/promoting-walking-and-cycling-a-toolkit-of-policy-options\/","title":{"rendered":"Promouvoir la marche et le v\u00e9lo : Une bo\u00eete \u00e0 outils d'options politiques\u00a0"},"content":{"rendered":"<p class=\"has-x-small-font-size wp-block-paragraph\">Cr\u00e9dit photo : Gregore Iven Mielke<\/p>\n\n\n\n<p class=\"wp-block-paragraph\"><strong><em>La nouvelle ressource de l'OMS s'aligne sur les 8 investissements de l'ISPAH pour promouvoir la marche et le v\u00e9lo par le biais d'un changement syst\u00e9mique.<\/em><\/strong>&nbsp;<\/p>\n\n\n\n<p class=\"wp-block-paragraph\"><strong>De quoi s'agit-il ?&nbsp;<\/strong>&nbsp;<\/p>\n\n\n\n<p class=\"wp-block-paragraph\">L'Organisation mondiale de la sant\u00e9 (OMS) a publi\u00e9 une nouvelle bo\u00eete \u00e0 outils pour aider les gouvernements, les urbanistes et les professionnels de la sant\u00e9 \u00e0 promouvoir la marche et le v\u00e9lo. Cette ressource offre une feuille de route pratique pour int\u00e9grer la mobilit\u00e9 active dans la vie quotidienne et l'am\u00e9nagement urbain. Il pr\u00e9sente sept domaines politiques cl\u00e9s, des \u00e9tudes de cas r\u00e9els et la mise en \u0153uvre d'\u00e9l\u00e9ments facilitateurs tels que la gouvernance, le financement et la l\u00e9gislation.&nbsp;<\/p>\n\n\n\n<p class=\"wp-block-paragraph\"><a href=\"https:\/\/iris.who.int\/bitstream\/handle\/10665\/381335\/9789240109902-eng.pdf?sequence=1\" target=\"_blank\" rel=\"noreferrer noopener\">Acc\u00e9der \u00e0 la bo\u00eete \u00e0 outils ici<\/a>&nbsp;<\/p>\n\n\n\n<p class=\"wp-block-paragraph\"><strong>Pourquoi est-ce important ?<\/strong>&nbsp;&nbsp;<\/p>\n\n\n\n<p class=\"wp-block-paragraph\">La marche et le v\u00e9lo sont des outils simples, peu co\u00fbteux et puissants qui favorisent l'activit\u00e9 physique, le bien-\u00eatre mental, l'assainissement de l'air et la s\u00e9curit\u00e9 routi\u00e8re. Cependant, dans de nombreux pays, les infrastructures et les politiques donnent encore la priorit\u00e9 aux v\u00e9hicules motoris\u00e9s priv\u00e9s, ce qui contribue aux accidents de la route et aux in\u00e9galit\u00e9s en mati\u00e8re de sant\u00e9 dans les villes.&nbsp;<\/p>\n\n\n\n<p class=\"wp-block-paragraph\">Cette bo\u00eete \u00e0 outils arrive \u00e0 un moment critique : alors que les gouvernements s'efforcent d'atteindre l'objectif de la<strong>Objectifs de d\u00e9veloppement durable pour 2030<\/strong>Ce guide, approuv\u00e9 par l'OMS, propose des strat\u00e9gies claires et r\u00e9alisables. Il soutient les efforts visant \u00e0 mettre en place des syst\u00e8mes de mobilit\u00e9 inclusifs, s\u00fbrs et centr\u00e9s sur l'\u00eatre humain, fortement align\u00e9s sur<strong>Les huit investissements de l'ISPAH en faveur de l'activit\u00e9 physique<\/strong>.&nbsp;<\/p>\n\n\n\n<p class=\"wp-block-paragraph\"><strong>Que propose la bo\u00eete \u00e0 outils ?<\/strong>&nbsp;<\/p>\n\n\n\n<p class=\"wp-block-paragraph\">Les avantages globaux de la marche et du v\u00e9lo sont pr\u00e9sent\u00e9s, notamment leur r\u00f4le dans la r\u00e9alisation des Objectifs de d\u00e9veloppement durable 2030, l'am\u00e9lioration de la sant\u00e9 physique et mentale, l'am\u00e9lioration de la s\u00e9curit\u00e9 routi\u00e8re, la r\u00e9duction des in\u00e9galit\u00e9s, le soutien \u00e0 l'utilisation des transports publics et la contribution \u00e0 l'efficacit\u00e9 \u00e9conomique.&nbsp;<\/p>\n\n\n\n<p class=\"wp-block-paragraph\">La bo\u00eete \u00e0 outils pr\u00e9sente sept domaines d'action strat\u00e9giques :&nbsp;<\/p>\n\n\n\n<ol start=\"1\" class=\"wp-block-list\">\n<li><strong>Int\u00e9gration des politiques<\/strong>- Int\u00e9grer la marche et le v\u00e9lo dans toutes les strat\u00e9gies nationales et locales pertinentes.&nbsp;<\/li>\n<\/ol>\n\n\n\n<ol start=\"2\" class=\"wp-block-list\">\n<li><strong>Des infrastructures s\u00fbres et connect\u00e9es<\/strong>- Assurer des itin\u00e9raires complets, continus et prot\u00e9g\u00e9s.&nbsp;<\/li>\n<\/ol>\n\n\n\n<ol start=\"3\" class=\"wp-block-list\">\n<li><strong>Conception de rues inclusives<\/strong>- Cr\u00e9er des rues pour les utilisateurs de tous \u00e2ges et de toutes capacit\u00e9s.&nbsp;<\/li>\n<\/ol>\n\n\n\n<ol start=\"4\" class=\"wp-block-list\">\n<li><strong>Am\u00e9lioration du comportement des utilisateurs<\/strong>- Promouvoir l'\u00e9ducation \u00e0 la s\u00e9curit\u00e9 routi\u00e8re et l'application de la loi.&nbsp;<\/li>\n<\/ol>\n\n\n\n<ol start=\"5\" class=\"wp-block-list\">\n<li><strong>Protection juridique et hi\u00e9rarchisation<\/strong>- \u00c9tablir des r\u00e9glementations pour soutenir les modes actifs.&nbsp;<\/li>\n<\/ol>\n\n\n\n<ol start=\"6\" class=\"wp-block-list\">\n<li><strong>Syst\u00e8mes de transport int\u00e9gr\u00e9s<\/strong>- Relier la marche et le v\u00e9lo aux transports publics.&nbsp;<\/li>\n<\/ol>\n\n\n\n<ol start=\"7\" class=\"wp-block-list\">\n<li><strong>Promotion et incitations<\/strong>- Soutenir le changement de comportement par la communication et le soutien financier.&nbsp;<\/li>\n<\/ol>\n\n\n\n<figure data-wp-context=\"{&quot;imageId&quot;:&quot;6a9d450911f25&quot;}\" data-wp-interactive=\"core\/image\" data-wp-key=\"6a9d450911f25\" class=\"wp-block-image size-full wp-lightbox-container\"><img decoding=\"async\" width=\"235\" height=\"220\" data-wp-class--hide=\"state.isContentHidden\" data-wp-class--show=\"state.isContentVisible\" data-wp-init=\"callbacks.setButtonStyles\" data-wp-on--click=\"actions.showLightbox\" data-wp-on--load=\"callbacks.setButtonStyles\" data-wp-on--pointerdown=\"actions.preloadImage\" data-wp-on--pointerenter=\"actions.preloadImageWithDelay\" data-wp-on--pointerleave=\"actions.cancelPreload\" data-wp-on-window--resize=\"callbacks.setButtonStyles\" src=\"https:\/\/ispah.tecology-hosting.co\/wp-content\/uploads\/2025\/06\/image-1.png\" alt=\"Image\" class=\"wp-image-34286\" \/><button\n\t\t\tclass=\"lightbox-trigger\"\n\t\t\ttype=\"button\"\n\t\t\taria-haspopup=\"dialog\"\n\t\t\tdata-wp-bind--aria-label=\"state.thisImage.triggerButtonAriaLabel\"\n\t\t\tdata-wp-init=\"callbacks.initTriggerButton\"\n\t\t\tdata-wp-on--click=\"actions.showLightbox\"\n\t\t\tdata-wp-style--right=\"state.thisImage.buttonRight\"\n\t\t\tdata-wp-style--top=\"state.thisImage.buttonTop\"\n\t\t>\n\t\t\t<svg xmlns=\"http:\/\/www.w3.org\/2000\/svg\" width=\"12\" height=\"12\" fill=\"none\" viewbox=\"0 0 12 12\">\n\t\t\t\t<path fill=\"#fff\" d=\"M2 0a2 2 0 0 0-2 2v2h1.5V2a.5.5 0 0 1 .5-.5h2V0H2Zm2 10.5H2a.5.5 0 0 1-.5-.5V8H0v2a2 2 0 0 0 2 2h2v-1.5ZM8 12v-1.5h2a.5.5 0 0 0 .5-.5V8H12v2a2 2 0 0 1-2 2H8Zm2-12a2 2 0 0 1 2 2v2h-1.5V2a.5.5 0 0 0-.5-.5H8V0h2Z\" \/>\n\t\t\t<\/svg>\n\t\t<\/button><\/figure>\n\n\n\n<p class=\"wp-block-paragraph\">(OMS, 2025)&nbsp;<\/p>\n\n\n\n<p class=\"wp-block-paragraph\">Il examine \u00e9galement les facteurs cl\u00e9s de la mise en \u0153uvre, notamment la bonne gouvernance, la participation de la soci\u00e9t\u00e9 civile, un plaidoyer fort, un personnel form\u00e9, une l\u00e9gislation favorable et un financement durable.&nbsp;<\/p>\n\n\n\n<p class=\"wp-block-paragraph\">La bo\u00eete \u00e0 outils fournit \u00e9galement des conseils sur la mani\u00e8re de suivre les progr\u00e8s, avec des suggestions de collecte de donn\u00e9es et d'indicateurs, et se termine par une section sur la mani\u00e8re de traduire les recommandations en actions aux niveaux national et local.&nbsp;<\/p>\n\n\n\n<p class=\"wp-block-paragraph\">Les annexes fournissent des outils et des ressources suppl\u00e9mentaires, tels que les outils d'\u00e9valuation de l'OMS, les objectifs mondiaux et les liens vers les lignes directrices internationales pertinentes.&nbsp;<\/p>\n\n\n\n<p class=\"wp-block-paragraph\"><strong>Messages \u00e0 emporter<\/strong>&nbsp;&nbsp;<\/p>\n\n\n\n<ul class=\"wp-block-list\">\n<li>La nouvelle bo\u00eete \u00e0 outils de l'OMS propose des pistes politiques claires pour promouvoir la marche et le v\u00e9lo dans le cadre de strat\u00e9gies nationales et locales.&nbsp;<\/li>\n<\/ul>\n\n\n\n<ul class=\"wp-block-list\">\n<li>Il soutient cinq des huit investissements de l'ISPAH, avec une forte pertinence pour les secteurs des transports, de la planification, de la sant\u00e9 et du climat.&nbsp;<\/li>\n<\/ul>\n\n\n\n<ul class=\"wp-block-list\">\n<li>Il fournit une feuille de route pratique pour une action int\u00e9gr\u00e9e dans plusieurs secteurs afin de cr\u00e9er des communaut\u00e9s plus saines et plus actives.&nbsp;<\/li>\n<\/ul>\n\n\n\n<p class=\"wp-block-paragraph\"><strong>R\u00e9f\u00e9rence : <\/strong>Promouvoir la marche et le v\u00e9lo : une bo\u00eete \u00e0 outils d'options politiques. Gen\u00e8ve : Organisation mondiale de la sant\u00e9 ; 2025. Licence : CC BY-NC-SA 3.0 IGO.&nbsp;<\/p>","protected":false},"excerpt":{"rendered":"<p>Photo Credit: Gregore Iven Mielke New WHO resource aligns with ISPAH\u2019s 8 Investments to promote walking and cycling through systems-based change&nbsp; What is it about?&nbsp;&nbsp; The World Health Organization (WHO) has released a new policy toolkit to help governments, city planners, and health professionals promote walking and cycling. This resource offers a practical roadmap for [&hellip;]<\/p>\n","protected":false},"author":1154,"featured_media":34308,"comment_status":"closed","ping_status":"closed","sticky":false,"template":"","format":"standard","meta":{"_jf_schedule_form":"","_jf_limit_responses":"","country-income-classification":"","slim_seo":{"title":"Promoting Walking and Cycling: A toolkit of Policy Options\u00a0 - ISPAH","description":"Cr\u00e9dit photo : Gregore Iven Mielke La nouvelle ressource de l'OMS s'aligne sur les 8 investissements de l'ISPAH pour promouvoir la marche et le v\u00e9lo par le biais d'un changement syst\u00e9mique."},"_slim_seo_primary_term_category":0,"_slim_seo_primary_term_post_tag":0,"footnotes":""},"categories":[82,97,98,23,103,99,100],"tags":[],"class_list":["post-34285","post","type-post","status-publish","format-standard","has-post-thumbnail","hentry","category-8-investments","category-active-travel","category-active-urban-design","category-blog","category-community-wide-programmes","category-healthcare","category-public-education"],"_links":{"self":[{"href":"https:\/\/ispah.tecology-hosting.co\/fr\/wp-json\/wp\/v2\/posts\/34285","targetHints":{"allow":["GET"]}}],"collection":[{"href":"https:\/\/ispah.tecology-hosting.co\/fr\/wp-json\/wp\/v2\/posts"}],"about":[{"href":"https:\/\/ispah.tecology-hosting.co\/fr\/wp-json\/wp\/v2\/types\/post"}],"author":[{"embeddable":true,"href":"https:\/\/ispah.tecology-hosting.co\/fr\/wp-json\/wp\/v2\/users\/1154"}],"replies":[{"embeddable":true,"href":"https:\/\/ispah.tecology-hosting.co\/fr\/wp-json\/wp\/v2\/comments?post=34285"}],"version-history":[{"count":2,"href":"https:\/\/ispah.tecology-hosting.co\/fr\/wp-json\/wp\/v2\/posts\/34285\/revisions"}],"predecessor-version":[{"id":34310,"href":"https:\/\/ispah.tecology-hosting.co\/fr\/wp-json\/wp\/v2\/posts\/34285\/revisions\/34310"}],"wp:featuredmedia":[{"embeddable":true,"href":"https:\/\/ispah.tecology-hosting.co\/fr\/wp-json\/wp\/v2\/media\/34308"}],"wp:attachment":[{"href":"https:\/\/ispah.tecology-hosting.co\/fr\/wp-json\/wp\/v2\/media?parent=34285"}],"wp:term":[{"taxonomy":"category","embeddable":true,"href":"https:\/\/ispah.tecology-hosting.co\/fr\/wp-json\/wp\/v2\/categories?post=34285"},{"taxonomy":"post_tag","embeddable":true,"href":"https:\/\/ispah.tecology-hosting.co\/fr\/wp-json\/wp\/v2\/tags?post=34285"}],"curies":[{"name":"wp","href":"https:\/\/api.w.org\/{rel}","templated":true}]}}