{"id":33987,"date":"2025-06-02T15:01:00","date_gmt":"2025-06-02T14:01:00","guid":{"rendered":"https:\/\/ispah.tecology-hosting.co\/?p=33987"},"modified":"2025-05-21T04:33:07","modified_gmt":"2025-05-21T03:33:07","slug":"pedalez-pour-le-changement-en-celebrant-la-journee-mondiale-de-la-bicyclette","status":"publish","type":"post","link":"https:\/\/ispah.tecology-hosting.co\/fr\/pedal-for-change-celebrating-world-bicycle-day\/","title":{"rendered":"P\u00e9dalez pour le changement : C\u00e9l\u00e9bration de la Journ\u00e9e mondiale de la bicyclette\u00a0"},"content":{"rendered":"<p class=\"has-large-font-size wp-block-paragraph\"><em>Un mouvement mondial qui met en avant le pouvoir des v\u00e9los en mati\u00e8re de durabilit\u00e9, de sant\u00e9 et d'impact social.<\/em><\/p>\n\n\n\n<p class=\"wp-block-paragraph\"><strong>Pourquoi c\u00e9l\u00e9brer la journ\u00e9e mondiale du v\u00e9lo ?<\/strong>&nbsp;<\/p>\n\n\n\n<p class=\"wp-block-paragraph\">Depuis sa cr\u00e9ation en 2018, <a href=\"https:\/\/www.who.int\/campaigns\/world-bicycle-day\/\" target=\"_blank\" rel=\"noreferrer noopener\">Journ\u00e9e mondiale du v\u00e9lo<\/a> est c\u00e9l\u00e9br\u00e9e chaque ann\u00e9e le 3 juin<sup>rd<\/sup> par les d\u00e9fenseurs de la bicyclette du monde entier. Sous l'\u00e9gide du gouvernement du Turkm\u00e9nistan, la Journ\u00e9e mondiale de la bicyclette reconna\u00eet \"le caract\u00e8re unique, la long\u00e9vit\u00e9 et la polyvalence de la bicyclette... un moyen de transport simple, abordable, fiable, propre et respectueux de l'environnement, qui favorise la gestion de l'environnement et la sant\u00e9\".&nbsp;&nbsp;<\/p>\n\n\n\n<div class=\"wp-block-media-text has-media-on-the-right is-stacked-on-mobile\"><div class=\"wp-block-media-text__content\">\n<p class=\"wp-block-paragraph\">La Journ\u00e9e mondiale de la bicyclette a \u00e9t\u00e9 lanc\u00e9e en 2015 par le professeur Leszek Sibilski dans le cadre d'un projet universitaire sur le r\u00f4le des bicyclettes dans le d\u00e9veloppement. Elle s'est transform\u00e9e en un mouvement mondial de sensibilisation et a obtenu le soutien de la Commission des droits de l'homme de l'ONU. <a href=\"http:\/\/www.sum4all.org\/\" target=\"_blank\" rel=\"noreferrer noopener\">Mobilit\u00e9 durable pour tous<\/a>. En avril 2018, l'Assembl\u00e9e g\u00e9n\u00e9rale des Nations unies a adopt\u00e9 \u00e0 l'unanimit\u00e9 une r\u00e9solution d\u00e9signant officiellement le 3 juin comme la Journ\u00e9e mondiale de la bicyclette.&nbsp;<\/p>\n\n\n\n<p class=\"wp-block-paragraph\">Alors que les villes sont confront\u00e9es \u00e0 l'augmentation des \u00e9missions, des embouteillages et des probl\u00e8mes de sant\u00e9, les bicyclettes offrent une solution \u00e9volutive. Ils r\u00e9duisent l'empreinte carbone, facilitent la circulation et encouragent les modes de vie actifs. La c\u00e9l\u00e9bration de la Journ\u00e9e mondiale de la bicyclette nous rappelle le r\u00f4le unique de la bicyclette dans l'avancement du d\u00e9veloppement durable.<a href=\"https:\/\/worldhope.org\/how-we-work\/sustainable-development-goals\/?keyword=&amp;gad_source=1&amp;gad_campaignid=22163685509&amp;gbraid=0AAAAADnQ015cy3k8kRfTT4LWTDlOzF3lM&amp;gclid=Cj0KCQjwrPHABhCIARIsAFW2XBPL42DMhBFfAv4fVzvbD-fb2zIs-KZ64sNEi2TmZIT7vfVsMAg7rhYaAn4FEALw_wcB\" target=\"_blank\" rel=\"noreferrer noopener\"> Objectifs de d\u00e9veloppement durable des Nations unies<\/a> - de l'\u00e9nergie propre et de l'action climatique \u00e0 l'\u00e9ducation, l'\u00e9quit\u00e9 et le bien-\u00eatre.&nbsp;&nbsp;<\/p>\n<\/div><figure class=\"wp-block-media-text__media\"><img decoding=\"async\" width=\"720\" height=\"1080\" src=\"https:\/\/ispah.tecology-hosting.co\/wp-content\/uploads\/2025\/05\/n-flkbc0ub8-720x1080.jpg\" alt=\"gar\u00e7on \u00e0 v\u00e9lo\" class=\"wp-image-34001 size-full\" srcset=\"https:\/\/ispah.tecology-hosting.co\/wp-content\/uploads\/2025\/05\/n-flkbc0ub8-720x1080.jpg 720w, https:\/\/ispah.tecology-hosting.co\/wp-content\/uploads\/2025\/05\/n-flkbc0ub8-640x960.jpg 640w, https:\/\/ispah.tecology-hosting.co\/wp-content\/uploads\/2025\/05\/n-flkbc0ub8.jpg 800w\" sizes=\"(max-width: 720px) 100vw, 720px\" \/><\/figure><\/div>\n\n\n\n<p class=\"wp-block-paragraph\"><strong>L'\u00e9volution de la bicyclette<\/strong>&nbsp;<\/p>\n\n\n\n<p class=\"wp-block-paragraph\">La bicyclette a une longue <a href=\"https:\/\/www.santafixie.co.uk\/bloguk\/the-evolution-of-the-bicycle\/\" target=\"_blank\" rel=\"noreferrer noopener\">une histoire fascinante<\/a>. En 1817, l'inventeur allemand <a href=\"https:\/\/www.cyclinguk.org\/cycle\/draisienne-1817-2017-200-years-cycling-innovation-design\" target=\"_blank\" rel=\"noreferrer noopener\">Karl von Drais<\/a> a construit la \"machine \u00e0 courir\", un v\u00e9hicule sans chevaux \u00e0 deux roues propuls\u00e9 par son conducteur. Quelques d\u00e9cennies plus tard, des p\u00e9dales ont \u00e9t\u00e9 ajout\u00e9es, suivies d'innovations telles que le v\u00e9hicule \u00e0 roues hautes, le <a href=\"https:\/\/www.bicyclehistory.net\/bicycle-history\/penny-farthing\/\" target=\"_blank\" rel=\"noreferrer noopener\">penny-farthing<\/a> dans les ann\u00e9es 1860, avec une grande roue avant et une petite roue arri\u00e8re, notoirement difficile \u00e0 conduire.&nbsp;&nbsp;<\/p>\n\n\n\n<p class=\"wp-block-paragraph\">La fin du XIXe si\u00e8cle a vu l'apparition de la bicyclette moderne \"de s\u00e9curit\u00e9\", qui ressemble aux mod\u00e8les actuels, avec deux roues de taille \u00e9gale et un m\u00e9canisme \u00e0 cha\u00eene, offrant une plus grande stabilit\u00e9 et une plus grande accessibilit\u00e9, ce qui a conduit \u00e0 une croissance rapide de la popularit\u00e9 mondiale. Au fil du temps, la technologie du cyclisme a \u00e9volu\u00e9 : des cadres plus l\u00e9gers, des vitesses et des mod\u00e8les adapt\u00e9s au terrain ont \u00e9largi les possibilit\u00e9s offertes aux cyclistes, qu'il s'agisse de navetteurs urbains ou ruraux ou d'athl\u00e8tes cyclistes.&nbsp;&nbsp;<\/p>\n\n\n\n<p class=\"wp-block-paragraph\">Aujourd'hui, les cultures cyclistes prosp\u00e8rent <a href=\"https:\/\/protectmybike.co.uk\/blog\/view\/cycling-cultures-around-the-world\" target=\"_blank\" rel=\"noreferrer noopener\">autour du monde<\/a>. Des Ciclov\u00edas dominicales sans voiture de Bogota aux autoroutes cyclables de Copenhague, le v\u00e9lo est plus qu'un moyen de transport, c'est un mode de vie. Des villes comme Amsterdam, Tokyo et Le Cap illustrent la fa\u00e7on dont les v\u00e9los sont int\u00e9gr\u00e9s dans les habitudes quotidiennes, l'urbanisme et les loisirs. Qu'il s'agisse de l'infrastructure de classe mondiale des Pays-Bas, du partage ordonn\u00e9 des rues au Japon ou du renouveau croissant du cyclisme en Inde, diverses cultures adoptent le v\u00e9lo pour construire des communaut\u00e9s plus saines, plus vertes et plus connect\u00e9es.&nbsp;<\/p>\n\n\n\n<figure data-wp-context=\"{&quot;imageId&quot;:&quot;6a9d4504b843c&quot;}\" data-wp-interactive=\"core\/image\" data-wp-key=\"6a9d4504b843c\" class=\"wp-block-image size-full wp-lightbox-container\"><img decoding=\"async\" width=\"1600\" height=\"1067\" data-wp-class--hide=\"state.isContentHidden\" data-wp-class--show=\"state.isContentVisible\" data-wp-init=\"callbacks.setButtonStyles\" data-wp-on--click=\"actions.showLightbox\" data-wp-on--load=\"callbacks.setButtonStyles\" data-wp-on--pointerdown=\"actions.preloadImage\" data-wp-on--pointerenter=\"actions.preloadImageWithDelay\" data-wp-on--pointerleave=\"actions.cancelPreload\" data-wp-on-window--resize=\"callbacks.setButtonStyles\" src=\"https:\/\/ispah.tecology-hosting.co\/wp-content\/uploads\/2025\/05\/kehncocldbk.jpg\" alt=\"bicyclette de banlieue assortie gar\u00e9e devant pr\u00e8s d&#039;une voiture jaune en journ\u00e9e\" class=\"wp-image-33998\" srcset=\"https:\/\/ispah.tecology-hosting.co\/wp-content\/uploads\/2025\/05\/kehncocldbk.jpg 1600w, https:\/\/ispah.tecology-hosting.co\/wp-content\/uploads\/2025\/05\/kehncocldbk-960x640.jpg 960w\" sizes=\"(max-width: 1600px) 100vw, 1600px\" \/><button\n\t\t\tclass=\"lightbox-trigger\"\n\t\t\ttype=\"button\"\n\t\t\taria-haspopup=\"dialog\"\n\t\t\tdata-wp-bind--aria-label=\"state.thisImage.triggerButtonAriaLabel\"\n\t\t\tdata-wp-init=\"callbacks.initTriggerButton\"\n\t\t\tdata-wp-on--click=\"actions.showLightbox\"\n\t\t\tdata-wp-style--right=\"state.thisImage.buttonRight\"\n\t\t\tdata-wp-style--top=\"state.thisImage.buttonTop\"\n\t\t>\n\t\t\t<svg xmlns=\"http:\/\/www.w3.org\/2000\/svg\" width=\"12\" height=\"12\" fill=\"none\" viewbox=\"0 0 12 12\">\n\t\t\t\t<path fill=\"#fff\" d=\"M2 0a2 2 0 0 0-2 2v2h1.5V2a.5.5 0 0 1 .5-.5h2V0H2Zm2 10.5H2a.5.5 0 0 1-.5-.5V8H0v2a2 2 0 0 0 2 2h2v-1.5ZM8 12v-1.5h2a.5.5 0 0 0 .5-.5V8H12v2a2 2 0 0 1-2 2H8Zm2-12a2 2 0 0 1 2 2v2h-1.5V2a.5.5 0 0 0-.5-.5H8V0h2Z\" \/>\n\t\t\t<\/svg>\n\t\t<\/button><\/figure>\n\n\n\n<p class=\"wp-block-paragraph\"><strong>Les bicyclettes comme outils de changement<\/strong>&nbsp;<\/p>\n\n\n\n<p class=\"wp-block-paragraph\">Les v\u00e9los ne font pas que d\u00e9placer les gens, ils changent des vies. Des organisations \u00e0 but non lucratif du monde entier exploitent le pouvoir des v\u00e9los pour relever des d\u00e9fis sociaux, tels que :&nbsp;&nbsp;<\/p>\n\n\n\n<ul class=\"wp-block-list\">\n<li>Le <a href=\"https:\/\/worldbicyclerelief.org\/who-we-are\/\" target=\"_blank\" rel=\"noreferrer noopener\">Aide mondiale \u00e0 la bicyclette<\/a> a exploit\u00e9 ce potentiel \u00e0 l'\u00e9chelle mondiale en concevant et en fabriquant la bicyclette Buffalo. Fond\u00e9e en 2005 en r\u00e9ponse au tsunami de l'oc\u00e9an Indien, 24 000 \"Buffalo\" ont \u00e9t\u00e9 distribu\u00e9s aux communaut\u00e9s d\u00e9plac\u00e9es du Sri Lanka pour aider les survivants \u00e0 retrouver l'acc\u00e8s aux \u00e9coles, aux cliniques et aux emplois. Depuis, World Bicycle Relief a permis \u00e0 des millions de personnes de s'\u00e9manciper, prouvant que quelque chose d'aussi simple qu'un v\u00e9lo peut ouvrir les portes de l'\u00e9ducation, des soins de sant\u00e9 et des opportunit\u00e9s \u00e9conomiques. Pour en savoir plus, regardez cette vid\u00e9o : <a href=\"https:\/\/www.google.com\/search?q=world+bicycle+relief+video+africa+buffalo+bikes&amp;sca_esv=b5b85f1110a5fb0d&amp;udm=7&amp;biw=1368&amp;bih=751&amp;sxsrf=AHTn8zqTtufU1KTKMeMeLDPQH0eDt8jafQ%3A1746648596801&amp;ei=FL4baPDXMPfVi-gPgteCiAI&amp;ved=0ahUKEwjwsaOJlZKNAxX36gIHHYKrACEQ4dUDCBA&amp;uact=5&amp;oq=world+bicycle+relief+video+africa+buffalo+bikes&amp;gs_lp=EhZnd3Mtd2l6LW1vZGVsZXNzLXZpZGVvIi93b3JsZCBiaWN5Y2xlIHJlbGllZiB2aWRlbyBhZnJpY2EgYnVmZmFsbyBiaWtlczIHECEYoAEYCkjwQlCOJli-QHACeACQAQCYAZgBoAGRC6oBBDMuMTC4AQPIAQD4AQGYAg-gArUMwgIHECMYJxiuAsICBRAhGKABwgIFECEYnwXCAgQQIRgVmAMAiAYBkgcEMy4xMqAHmD6yBwQxLjEyuAeXDA&amp;sclient=gws-wiz-modeless-video#fpstate=ive&amp;ip=1&amp;vld=cid:b9f55065,vid:Y0c7DrazvrY,st:0\" target=\"_blank\" rel=\"noreferrer noopener\">Le v\u00e9lo au service d'un avenir meilleur : Garantir l'\u00e9quit\u00e9 en mati\u00e8re d'\u00e9ducation pour les filles<\/a>.\u00a0<\/li>\n<\/ul>\n\n\n\n<ul class=\"wp-block-list\">\n<li>Le <a href=\"https:\/\/www.bloomberg.org\/government-innovation\/spurring-innovation-in-cities\/bloomberg-initiative-for-cycling-infrastructure\/#:~:text=The%20Bloomberg%20Initiative%20for%20Cycling,and%20well%2Dbeing%20of%20communities.\" target=\"_blank\" rel=\"noreferrer noopener\">Initiative Bloomberg pour les infrastructures cyclables (BICI)<\/a> soutient les villes du monde entier dans la construction de r\u00e9seaux cyclables plus s\u00fbrs et connect\u00e9s. Lanc\u00e9 en partenariat avec l'initiative \"Global Designing Cities\", le BICI fournit un financement et une expertise technique pour aider les villes \u00e0 concevoir des rues adapt\u00e9es aux cyclistes qui augmentent le taux de cyclisme, am\u00e9liorent la sant\u00e9 et renforcent l'habitabilit\u00e9 urbaine. En 2023, dix villes r\u00e9parties sur cinq continents ont re\u00e7u des subventions pour d\u00e9velopper des solutions de mobilit\u00e9 innovantes et durables pour plus de 15 millions de r\u00e9sidents.&nbsp;<\/li>\n<\/ul>\n\n\n\n<figure data-wp-context=\"{&quot;imageId&quot;:&quot;6a9d4504b888c&quot;}\" data-wp-interactive=\"core\/image\" data-wp-key=\"6a9d4504b888c\" class=\"wp-block-image size-large wp-lightbox-container\"><img decoding=\"async\" width=\"1617\" height=\"1080\" data-wp-class--hide=\"state.isContentHidden\" data-wp-class--show=\"state.isContentVisible\" data-wp-init=\"callbacks.setButtonStyles\" data-wp-on--click=\"actions.showLightbox\" data-wp-on--load=\"callbacks.setButtonStyles\" data-wp-on--pointerdown=\"actions.preloadImage\" data-wp-on--pointerenter=\"actions.preloadImageWithDelay\" data-wp-on--pointerleave=\"actions.cancelPreload\" data-wp-on-window--resize=\"callbacks.setButtonStyles\" src=\"https:\/\/ispah.tecology-hosting.co\/wp-content\/uploads\/2025\/06\/AdobeStock_502827179-1617x1080.jpeg\" alt=\"Marquage routier, panneaux pour pi\u00e9tons et cyclistes sur la route. Trottoir pour pi\u00e9tons et cyclistes sur une surface asphalt\u00e9e dans le parc. pas de personnes.\" class=\"wp-image-33999\" srcset=\"https:\/\/ispah.tecology-hosting.co\/wp-content\/uploads\/2025\/06\/AdobeStock_502827179-1617x1080.jpeg 1617w, https:\/\/ispah.tecology-hosting.co\/wp-content\/uploads\/2025\/06\/AdobeStock_502827179-960x641.jpeg 960w, https:\/\/ispah.tecology-hosting.co\/wp-content\/uploads\/2025\/06\/AdobeStock_502827179.jpeg 1920w\" sizes=\"(max-width: 1617px) 100vw, 1617px\" \/><button\n\t\t\tclass=\"lightbox-trigger\"\n\t\t\ttype=\"button\"\n\t\t\taria-haspopup=\"dialog\"\n\t\t\tdata-wp-bind--aria-label=\"state.thisImage.triggerButtonAriaLabel\"\n\t\t\tdata-wp-init=\"callbacks.initTriggerButton\"\n\t\t\tdata-wp-on--click=\"actions.showLightbox\"\n\t\t\tdata-wp-style--right=\"state.thisImage.buttonRight\"\n\t\t\tdata-wp-style--top=\"state.thisImage.buttonTop\"\n\t\t>\n\t\t\t<svg xmlns=\"http:\/\/www.w3.org\/2000\/svg\" width=\"12\" height=\"12\" fill=\"none\" viewbox=\"0 0 12 12\">\n\t\t\t\t<path fill=\"#fff\" d=\"M2 0a2 2 0 0 0-2 2v2h1.5V2a.5.5 0 0 1 .5-.5h2V0H2Zm2 10.5H2a.5.5 0 0 1-.5-.5V8H0v2a2 2 0 0 0 2 2h2v-1.5ZM8 12v-1.5h2a.5.5 0 0 0 .5-.5V8H12v2a2 2 0 0 1-2 2H8Zm2-12a2 2 0 0 1 2 2v2h-1.5V2a.5.5 0 0 0-.5-.5H8V0h2Z\" \/>\n\t\t\t<\/svg>\n\t\t<\/button><figcaption class=\"wp-element-caption\">Marquage routier pour pi\u00e9tons et cyclistes sur la route. Trottoir pour pi\u00e9tons et cyclistes sur une surface asphalt\u00e9e dans le parc. Pas de personnes. Photo de haute qualit\u00e9<\/figcaption><\/figure>\n\n\n\n<p class=\"wp-block-paragraph\"><strong>Messages \u00e0 emporter :<\/strong><\/p>\n\n\n\n<ul class=\"wp-block-list\">\n<li><strong>Faire progresser la durabilit\u00e9 : <\/strong>Les v\u00e9los ne produisent aucune \u00e9mission, et m\u00eame les v\u00e9los \u00e9lectriques ont un impact environnemental bien moindre que les voitures, ce qui fait du v\u00e9lo l'un des moyens de transport les plus durables.<\/li>\n\n\n\n<li><strong>Promouvoir la sant\u00e9 :<\/strong> Le v\u00e9lo renforce la sant\u00e9 physique et mentale et aide \u00e0 pr\u00e9venir les maladies chroniques telles que le diab\u00e8te et l'hypertension art\u00e9rielle.<\/li>\n\n\n\n<li><strong>Favoriser l'inclusion sociale : <\/strong>Les v\u00e9los offrent un moyen de transport abordable et fiable, en particulier dans les communaut\u00e9s mal desservies, ce qui permet de combler les lacunes en mati\u00e8re de mobilit\u00e9, d'\u00e9ducation et d'opportunit\u00e9s.<\/li>\n<\/ul>\n\n\n\n<p class=\"wp-block-paragraph\"><strong>Auteur: :<\/strong><\/p>\n\n\n\n<p class=\"wp-block-paragraph\">Dr Mark Stoutenberg | Wolfson Research Institute for Health &amp; Well-Being, Durham University, Durham, UK&nbsp;<\/p>","protected":false},"excerpt":{"rendered":"<p>A global movement that highlights the power of bicycles for sustainability, health, and social impact. Why celebrate world bicycle day?&nbsp; Since its establishment in 2018, World Bicycle Day has been celebrated annually on June 3rd by cycling advocates around the globe. Spearheaded by the government of Turkmenistan, World Bicycle Day recognizes &#8220;the uniqueness, longevity and [&hellip;]<\/p>\n","protected":false},"author":1436,"featured_media":33996,"comment_status":"closed","ping_status":"closed","sticky":false,"template":"","format":"standard","meta":{"_jf_schedule_form":"","_jf_limit_responses":"","country-income-classification":"","slim_seo":{"title":"Pedal for Change: Celebrating World Bicycle Day\u00a0 - ISPAH","description":"Un mouvement mondial qui met en lumi\u00e8re le pouvoir des v\u00e9los en mati\u00e8re de durabilit\u00e9, de sant\u00e9 et d'impact social. Pourquoi c\u00e9l\u00e9brer la journ\u00e9e mondiale du v\u00e9lo ?   Depuis sa cr\u00e9ation, la Journ\u00e9e mondiale du v\u00e9lo"},"_slim_seo_primary_term_category":0,"_slim_seo_primary_term_post_tag":0,"footnotes":""},"categories":[82,97,23],"tags":[363,128,364,365,366],"class_list":["post-33987","post","type-post","status-publish","format-standard","has-post-thumbnail","hentry","category-8-investments","category-active-travel","category-blog","tag-bicycle","tag-environment","tag-health","tag-social-justice","tag-transportation"],"_links":{"self":[{"href":"https:\/\/ispah.tecology-hosting.co\/fr\/wp-json\/wp\/v2\/posts\/33987","targetHints":{"allow":["GET"]}}],"collection":[{"href":"https:\/\/ispah.tecology-hosting.co\/fr\/wp-json\/wp\/v2\/posts"}],"about":[{"href":"https:\/\/ispah.tecology-hosting.co\/fr\/wp-json\/wp\/v2\/types\/post"}],"author":[{"embeddable":true,"href":"https:\/\/ispah.tecology-hosting.co\/fr\/wp-json\/wp\/v2\/users\/1436"}],"replies":[{"embeddable":true,"href":"https:\/\/ispah.tecology-hosting.co\/fr\/wp-json\/wp\/v2\/comments?post=33987"}],"version-history":[{"count":4,"href":"https:\/\/ispah.tecology-hosting.co\/fr\/wp-json\/wp\/v2\/posts\/33987\/revisions"}],"predecessor-version":[{"id":34003,"href":"https:\/\/ispah.tecology-hosting.co\/fr\/wp-json\/wp\/v2\/posts\/33987\/revisions\/34003"}],"wp:featuredmedia":[{"embeddable":true,"href":"https:\/\/ispah.tecology-hosting.co\/fr\/wp-json\/wp\/v2\/media\/33996"}],"wp:attachment":[{"href":"https:\/\/ispah.tecology-hosting.co\/fr\/wp-json\/wp\/v2\/media?parent=33987"}],"wp:term":[{"taxonomy":"category","embeddable":true,"href":"https:\/\/ispah.tecology-hosting.co\/fr\/wp-json\/wp\/v2\/categories?post=33987"},{"taxonomy":"post_tag","embeddable":true,"href":"https:\/\/ispah.tecology-hosting.co\/fr\/wp-json\/wp\/v2\/tags?post=33987"}],"curies":[{"name":"wp","href":"https:\/\/api.w.org\/{rel}","templated":true}]}}