{"id":33715,"date":"2025-04-06T19:59:00","date_gmt":"2025-04-06T18:59:00","guid":{"rendered":"https:\/\/ispah.tecology-hosting.co\/?p=33715"},"modified":"2025-08-21T06:59:09","modified_gmt":"2025-08-21T05:59:09","slug":"journee-mondiale-de-la-sante-2025-le-role-de-lactivite-physique-dans-la-sante-maternelle-et-neonatale","status":"publish","type":"post","link":"https:\/\/ispah.tecology-hosting.co\/fr\/world-health-day-2025-the-role-of-physical-activity-in-maternal-and-newborn-health\/","title":{"rendered":"Journ\u00e9e mondiale de la sant\u00e9 2025 : Le r\u00f4le de l'activit\u00e9 physique dans la sant\u00e9 de la m\u00e8re et du nouveau-n\u00e9\u00a0"},"content":{"rendered":"<p class=\"wp-block-paragraph\">Chaque m\u00e8re et chaque b\u00e9b\u00e9 m\u00e9ritent de prendre un bon d\u00e9part dans la vie. Pourtant, toutes les sept secondes, un d\u00e9c\u00e8s maternel ou n\u00e9onatal \u00e9vitable survient dans le monde (OMS, 2025). Cette Journ\u00e9e mondiale de la sant\u00e9, c\u00e9l\u00e9br\u00e9e le 7 avril 2025, marque le lancement d'une campagne mondiale d'une dur\u00e9e d'un an : <a href=\"https:\/\/www.who.int\/campaigns\/world-health-day\/2025\" title=\"\">Des d\u00e9buts sains, un avenir plein d'espoir<\/a>. Men\u00e9e par l'OMS et ses partenaires, cette initiative appelle \u00e0 une action urgente pour am\u00e9liorer la sant\u00e9 des m\u00e8res et des nouveau-n\u00e9s et garantir un meilleur soutien aux familles, aujourd'hui et demain.&nbsp;<\/p>\n\n\n\n<p class=\"has-large-font-size wp-block-paragraph\"><strong>Pourquoi c'est important<\/strong>&nbsp;<\/p>\n\n\n\n<p class=\"wp-block-paragraph\">La sant\u00e9 des m\u00e8res et des b\u00e9b\u00e9s est essentielle \u00e0 la prosp\u00e9rit\u00e9 des communaut\u00e9s et \u00e0 un avenir plus sain pour tous. Cependant, des statistiques alarmantes montrent que pr\u00e8s de 300 000 femmes meurent chaque ann\u00e9e de complications li\u00e9es \u00e0 la grossesse (OMS, 2024), que plus de 2 millions de nouveau-n\u00e9s ne survivent pas \u00e0 leur premier mois et que 2 millions d'autres sont mort-n\u00e9s (UNICEF, 2020). Quatre pays sur cinq n'\u00e9tant pas en mesure d'atteindre les objectifs de survie maternelle pour 2030 (OMS, 2025), un changement s'impose d\u00e8s maintenant.&nbsp;<\/p>\n\n\n\n<figure data-wp-context=\"{&quot;imageId&quot;:&quot;6a9d45076286b&quot;}\" data-wp-interactive=\"core\/image\" data-wp-key=\"6a9d45076286b\" class=\"wp-block-image size-full wp-lightbox-container\"><img decoding=\"async\" width=\"1920\" height=\"521\" data-wp-class--hide=\"state.isContentHidden\" data-wp-class--show=\"state.isContentVisible\" data-wp-init=\"callbacks.setButtonStyles\" data-wp-on--click=\"actions.showLightbox\" data-wp-on--load=\"callbacks.setButtonStyles\" data-wp-on--pointerdown=\"actions.preloadImage\" data-wp-on--pointerenter=\"actions.preloadImageWithDelay\" data-wp-on--pointerleave=\"actions.cancelPreload\" data-wp-on-window--resize=\"callbacks.setButtonStyles\" src=\"https:\/\/ispah.tecology-hosting.co\/wp-content\/uploads\/2025\/04\/AdobeStock_614192250.webp\" alt=\"Adobestock 614192250\" class=\"wp-image-33724\" srcset=\"https:\/\/ispah.tecology-hosting.co\/wp-content\/uploads\/2025\/04\/AdobeStock_614192250.webp 1920w, https:\/\/ispah.tecology-hosting.co\/wp-content\/uploads\/2025\/04\/AdobeStock_614192250-960x261.webp 960w\" sizes=\"(max-width: 1920px) 100vw, 1920px\" \/><button\n\t\t\tclass=\"lightbox-trigger\"\n\t\t\ttype=\"button\"\n\t\t\taria-haspopup=\"dialog\"\n\t\t\tdata-wp-bind--aria-label=\"state.thisImage.triggerButtonAriaLabel\"\n\t\t\tdata-wp-init=\"callbacks.initTriggerButton\"\n\t\t\tdata-wp-on--click=\"actions.showLightbox\"\n\t\t\tdata-wp-style--right=\"state.thisImage.buttonRight\"\n\t\t\tdata-wp-style--top=\"state.thisImage.buttonTop\"\n\t\t>\n\t\t\t<svg xmlns=\"http:\/\/www.w3.org\/2000\/svg\" width=\"12\" height=\"12\" fill=\"none\" viewbox=\"0 0 12 12\">\n\t\t\t\t<path fill=\"#fff\" d=\"M2 0a2 2 0 0 0-2 2v2h1.5V2a.5.5 0 0 1 .5-.5h2V0H2Zm2 10.5H2a.5.5 0 0 1-.5-.5V8H0v2a2 2 0 0 0 2 2h2v-1.5ZM8 12v-1.5h2a.5.5 0 0 0 .5-.5V8H12v2a2 2 0 0 1-2 2H8Zm2-12a2 2 0 0 1 2 2v2h-1.5V2a.5.5 0 0 0-.5-.5H8V0h2Z\" \/>\n\t\t\t<\/svg>\n\t\t<\/button><\/figure>\n\n\n\n<p class=\"has-large-font-size wp-block-paragraph\"><strong>Le r\u00f4le de l'activit\u00e9 physique dans la sant\u00e9 de la m\u00e8re et du nouveau-n\u00e9<\/strong>&nbsp;<\/p>\n\n\n\n<ul class=\"wp-block-list is-style-default\">\n<li class=\"has-contrast-color has-text-color has-link-color wp-elements-1\"><strong>R\u00e9duire les complications de la grossesse<\/strong>&nbsp;\n<ul class=\"wp-block-list\">\n<li class=\"has-contrast-color has-text-color has-link-color wp-elements-2\">Une activit\u00e9 physique r\u00e9guli\u00e8re r\u00e9duit le risque de diab\u00e8te gestationnel de 36% (Xie et al, 2024).&nbsp;<\/li>\n\n\n\n<li class=\"has-contrast-color has-text-color has-link-color wp-elements-3\">L'exercice contribue \u00e0 r\u00e9duire les troubles hypertensifs, y compris la pr\u00e9\u00e9clampsie, une cause majeure de mortalit\u00e9 maternelle (Mottola et al., 2018, Taliento et al., 2024).&nbsp;<\/li>\n\n\n\n<li class=\"has-contrast-color has-text-color has-link-color wp-elements-4\">Les femmes actives connaissent des dur\u00e9es d'accouchement plus courtes et une probabilit\u00e9 plus faible de devoir subir une c\u00e9sarienne (Rodriquez-Blanque et al., 2019) ; Dokl et al., 2020 ; Nascimento et al., 2012).&nbsp;<\/li>\n<\/ul>\n<\/li>\n\n\n\n<li class=\"has-contrast-color has-text-color has-link-color wp-elements-5\"><strong>Soutenir la sant\u00e9 du f\u0153tus et du nouveau-n\u00e9&nbsp;<\/strong>\n<ul class=\"wp-block-list\">\n<li class=\"has-contrast-color has-text-color has-link-color wp-elements-6\">L'activit\u00e9 physique renforce la fonction placentaire, am\u00e9liorant l'apport d'oxyg\u00e8ne et de nutriments au f\u0153tus (Chae et al., 2022 ; Melzer et al., 2010).&nbsp;<\/li>\n\n\n\n<li class=\"has-contrast-color has-text-color has-link-color wp-elements-7\">Les b\u00e9b\u00e9s n\u00e9s de m\u00e8res physiquement actives ont tendance \u00e0 avoir un poids de naissance plus sain et des risques r\u00e9duits de troubles m\u00e9taboliques plus tard dans la vie (Menke et al., 2022 ; Wiebe et al., 2015).&nbsp;<\/li>\n\n\n\n<li class=\"has-contrast-color has-text-color has-link-color wp-elements-8\">L'exercice physique a \u00e9t\u00e9 associ\u00e9 \u00e0 des risques plus faibles de mortinaissance et de naissance pr\u00e9matur\u00e9e (Zhang et al., 2024).&nbsp;<\/li>\n<\/ul>\n<\/li>\n\n\n\n<li class=\"has-contrast-color has-text-color has-link-color wp-elements-9\"><strong>Am\u00e9liorer le bien-\u00eatre mental et \u00e9motionnel&nbsp;<\/strong>\n<ul class=\"wp-block-list\">\n<li class=\"has-contrast-color has-text-color has-link-color wp-elements-10\">L'activit\u00e9 physique est une intervention importante \u00e0 examiner pour le traitement et la pr\u00e9vention de la d\u00e9pression post-partum (Beth et al., 2014).&nbsp;<\/li>\n\n\n\n<li class=\"has-contrast-color has-text-color has-link-color wp-elements-11\">Le fait de bouger r\u00e9guli\u00e8rement r\u00e9duit le stress et l'anxi\u00e9t\u00e9, ce qui am\u00e9liore le lien maternel et le bien-\u00eatre g\u00e9n\u00e9ral (Daley et al., 2015).&nbsp;<\/li>\n<\/ul>\n<\/li>\n<\/ul>\n\n\n\n<figure data-wp-context=\"{&quot;imageId&quot;:&quot;6a9d450762fa9&quot;}\" data-wp-interactive=\"core\/image\" data-wp-key=\"6a9d450762fa9\" class=\"wp-block-image size-full wp-lightbox-container\"><img decoding=\"async\" width=\"1920\" height=\"683\" data-wp-class--hide=\"state.isContentHidden\" data-wp-class--show=\"state.isContentVisible\" data-wp-init=\"callbacks.setButtonStyles\" data-wp-on--click=\"actions.showLightbox\" data-wp-on--load=\"callbacks.setButtonStyles\" data-wp-on--pointerdown=\"actions.preloadImage\" data-wp-on--pointerenter=\"actions.preloadImageWithDelay\" data-wp-on--pointerleave=\"actions.cancelPreload\" data-wp-on-window--resize=\"callbacks.setButtonStyles\" src=\"https:\/\/ispah.tecology-hosting.co\/wp-content\/uploads\/2025\/04\/AdobeStock_385690480.webp\" alt=\"Adobestock 385690480\" class=\"wp-image-33725\" srcset=\"https:\/\/ispah.tecology-hosting.co\/wp-content\/uploads\/2025\/04\/AdobeStock_385690480.webp 1920w, https:\/\/ispah.tecology-hosting.co\/wp-content\/uploads\/2025\/04\/AdobeStock_385690480-960x342.webp 960w\" sizes=\"(max-width: 1920px) 100vw, 1920px\" \/><button\n\t\t\tclass=\"lightbox-trigger\"\n\t\t\ttype=\"button\"\n\t\t\taria-haspopup=\"dialog\"\n\t\t\tdata-wp-bind--aria-label=\"state.thisImage.triggerButtonAriaLabel\"\n\t\t\tdata-wp-init=\"callbacks.initTriggerButton\"\n\t\t\tdata-wp-on--click=\"actions.showLightbox\"\n\t\t\tdata-wp-style--right=\"state.thisImage.buttonRight\"\n\t\t\tdata-wp-style--top=\"state.thisImage.buttonTop\"\n\t\t>\n\t\t\t<svg xmlns=\"http:\/\/www.w3.org\/2000\/svg\" width=\"12\" height=\"12\" fill=\"none\" viewbox=\"0 0 12 12\">\n\t\t\t\t<path fill=\"#fff\" d=\"M2 0a2 2 0 0 0-2 2v2h1.5V2a.5.5 0 0 1 .5-.5h2V0H2Zm2 10.5H2a.5.5 0 0 1-.5-.5V8H0v2a2 2 0 0 0 2 2h2v-1.5ZM8 12v-1.5h2a.5.5 0 0 0 .5-.5V8H12v2a2 2 0 0 1-2 2H8Zm2-12a2 2 0 0 1 2 2v2h-1.5V2a.5.5 0 0 0-.5-.5H8V0h2Z\" \/>\n\t\t\t<\/svg>\n\t\t<\/button><\/figure>\n\n\n\n<p class=\"has-large-font-size wp-block-paragraph\"><strong>Le r\u00f4le des <\/strong><strong>l'ISPAH 8 <\/strong><strong>Investissements&nbsp;<\/strong>&nbsp;<\/p>\n\n\n\n<p class=\"wp-block-paragraph\"><a href=\"https:\/\/ispah.tecology-hosting.co\/fr\/ressources\/ressources-cles\/8-investissements\/\" target=\"_blank\" rel=\"noreferrer noopener\"><strong>Les 8 investissements de l'ISPAH en faveur de l'activit\u00e9 physique<\/strong><\/a> soulignent l'importance des strat\u00e9gies d'activit\u00e9 physique fond\u00e9es sur des donn\u00e9es probantes, qui peuvent am\u00e9liorer les r\u00e9sultats en mati\u00e8re de sant\u00e9 tout au long de la vie. Ces investissements soutiennent l'activit\u00e9 physique des femmes en \u00e2ge de procr\u00e9er, pendant la grossesse, et celle des enfants et des familles pendant leur croissance. Par exemple, les environnements actifs, l'int\u00e9gration de l'activit\u00e9 physique dans les soins de sant\u00e9 de routine, les politiques d'int\u00e9gration \u00e0 l'\u00e9cole et sur le lieu de travail et l'am\u00e9nagement urbain actif peuvent tous jouer un r\u00f4le dans l'am\u00e9lioration de la sant\u00e9 maternelle, la r\u00e9duction des complications li\u00e9es \u00e0 la grossesse et l'am\u00e9lioration du d\u00e9veloppement des enfants dans le monde entier.&nbsp;&nbsp;<\/p>\n\n\n\n<p class=\"wp-block-paragraph\">Malgr\u00e9 ces avantages, de nombreuses femmes se heurtent \u00e0 des obstacles qui les emp\u00eachent de rester actives avant et apr\u00e8s l'accouchement, notamment le manque de connaissances, les normes sociales, les contraintes de temps et l'h\u00e9sitation des prestataires de soins de sant\u00e9. <\/p>\n\n\n\n<p class=\"wp-block-paragraph\">Pour y rem\u00e9dier, les gouvernements, les professionnels de la sant\u00e9 et les communaut\u00e9s pourraient.. :&nbsp;<\/p>\n\n\n\n<div class=\"wp-block-group is-layout-grid wp-container-core-group-is-layout-226cebe5 wp-block-group-is-layout-grid\">\n<div class=\"wp-block-group wp-container-content-5e2576f9 is-layout-grid wp-container-core-group-is-layout-0ecc4df0 wp-block-group-is-layout-grid\">\n<p class=\"has-accent-2-background-color has-background wp-block-paragraph\"><strong>Exemple d'action<\/strong><\/p>\n<\/div>\n\n\n\n<p class=\"has-accent-2-background-color has-background wp-container-content-5e2576f9 wp-block-paragraph\"><strong>Lequel des 8 investissements ?<\/strong><\/p>\n<\/div>\n\n\n\n<div class=\"wp-block-group has-base-3-background-color has-background is-layout-grid wp-container-core-group-is-layout-226cebe5 wp-block-group-is-layout-grid\">\n<p class=\"has-base-3-background-color has-background wp-block-paragraph\">Promouvoir des programmes d'activit\u00e9 physique accessibles et fond\u00e9s sur des donn\u00e9es probantes, adapt\u00e9s \u00e0 la grossesse et au post-partum. Hayman et al (2023) ont constat\u00e9 que les directives nationales sur l'activit\u00e9 physique pendant la grossesse, bien que peu connues, semblent \u00eatre coh\u00e9rentes en termes de s\u00e9curit\u00e9 pour la m\u00e8re et l'enfant \u00e0 na\u00eetre.<\/p>\n\n\n\n<ul class=\"wp-block-list has-base-3-background-color has-background\">\n<li>Soins de sant\u00e9 \u00c9ducation du public, y compris les m\u00e9dias&nbsp;&nbsp;<\/li>\n<\/ul>\n<\/div>\n\n\n\n<div class=\"wp-block-group is-layout-grid wp-container-core-group-is-layout-226cebe5 wp-block-group-is-layout-grid\">\n<p class=\"has-accent-2-background-color has-background wp-block-paragraph\">Int\u00e9grer des conseils en mati\u00e8re d'activit\u00e9 physique dans les services de soins de sant\u00e9 maternelle.&nbsp;<\/p>\n\n\n\n<ul class=\"wp-block-list has-accent-2-background-color has-background\">\n<li>Soins de sant\u00e9<\/li>\n<\/ul>\n<\/div>\n\n\n\n<div class=\"wp-block-group is-layout-grid wp-container-core-group-is-layout-226cebe5 wp-block-group-is-layout-grid\">\n<p class=\"has-base-3-background-color has-background wp-block-paragraph\">Encourager les politiques qui soutiennent les modes de vie actifs, telles que les politiques de cong\u00e9 de maternit\u00e9 qui donnent la priorit\u00e9 au bien-\u00eatre.&nbsp;<\/p>\n\n\n\n<ul class=\"wp-block-list has-base-3-background-color has-background\">\n<li>Lieux de travail<\/li>\n<\/ul>\n<\/div>\n\n\n\n<div class=\"wp-block-group is-layout-grid wp-container-core-group-is-layout-226cebe5 wp-block-group-is-layout-grid\">\n<p class=\"has-accent-2-background-color has-background wp-block-paragraph\">Engager les familles et les communaut\u00e9s \u00e0 aider les m\u00e8res \u00e0 rester actives.&nbsp;<\/p>\n\n\n\n<ul class=\"wp-block-list has-accent-2-background-color has-background\">\n<li>Sport et loisirs pour tous&nbsp;<\/li>\n\n\n\n<li>Programmes communautaires&nbsp;<\/li>\n<\/ul>\n<\/div>\n\n\n\n<div class=\"wp-block-group is-layout-grid wp-container-core-group-is-layout-226cebe5 wp-block-group-is-layout-grid\">\n<p class=\"has-base-3-background-color has-background wp-block-paragraph\">Fournir un soutien sur mesure aux m\u00e8res et aux familles, en particulier celles qui sont moins repr\u00e9sent\u00e9es dans les modes de vie actifs tels que la marche ou le v\u00e9lo, afin qu'elles se sentent en s\u00e9curit\u00e9 et bienvenues dans les rues et les espaces publics.&nbsp;&nbsp;<\/p>\n\n\n\n<ul class=\"wp-block-list has-base-3-background-color has-background\">\n<li>Conception urbaine active<\/li>\n\n\n\n<li>Transport actif<\/li>\n<\/ul>\n<\/div>\n\n\n\n<p class=\"has-large-font-size wp-block-paragraph\"><strong>Comment vous pouvez aider<\/strong><strong> \u00e0 l'occasion de la Journ\u00e9e mondiale de la sant\u00e9 2025<\/strong>&nbsp;<\/p>\n\n\n\n<ul class=\"wp-block-list\">\n<li>Sensibiliser le public \u00e0 cette journ\u00e9e et partager des id\u00e9es fond\u00e9es sur des donn\u00e9es probantes en utilisant #HopefulFutures et #HealthForAll.&nbsp;&nbsp;<\/li>\n<\/ul>\n\n\n\n<ul class=\"wp-block-list\">\n<li>Participer \u00e0 <a href=\"https:\/\/www.who.int\/campaigns\/world-health-day\/2025\" target=\"_blank\" rel=\"noreferrer noopener\">\u00e9v\u00e9nements ax\u00e9s sur la sant\u00e9 maternelle et n\u00e9onatale<\/a>&nbsp;<\/li>\n<\/ul>\n\n\n\n<ul class=\"wp-block-list\">\n<li>Plaider pour des politiques qui int\u00e8grent l'activit\u00e9 physique dans les politiques nationales et infranationales en faveur des m\u00e8res, des enfants et des familles.&nbsp;<\/li>\n<\/ul>\n\n\n\n<ul class=\"wp-block-list\">\n<li>Soutenir les initiatives en mati\u00e8re de sant\u00e9 maternelle par des dons ou un engagement communautaire.&nbsp;<\/li>\n<\/ul>\n\n\n\n<p class=\"has-accent-color has-text-color has-link-color has-medium-font-size wp-elements-12 wp-block-paragraph\"><em><strong>Rejoignez le mouvement, car des grossesses saines ouvrent la voie \u00e0 des g\u00e9n\u00e9rations plus saines.<\/strong>&nbsp;<\/em><\/p>\n\n\n\n<figure data-wp-context=\"{&quot;imageId&quot;:&quot;6a9d450763dea&quot;}\" data-wp-interactive=\"core\/image\" data-wp-key=\"6a9d450763dea\" class=\"wp-block-image size-large wp-lightbox-container\"><img decoding=\"async\" width=\"1547\" height=\"1080\" data-wp-class--hide=\"state.isContentHidden\" data-wp-class--show=\"state.isContentVisible\" data-wp-init=\"callbacks.setButtonStyles\" data-wp-on--click=\"actions.showLightbox\" data-wp-on--load=\"callbacks.setButtonStyles\" data-wp-on--pointerdown=\"actions.preloadImage\" data-wp-on--pointerenter=\"actions.preloadImageWithDelay\" data-wp-on--pointerleave=\"actions.cancelPreload\" data-wp-on-window--resize=\"callbacks.setButtonStyles\" src=\"https:\/\/ispah.tecology-hosting.co\/wp-content\/uploads\/2025\/04\/AdobeStock_539636862-1547x1080.webp\" alt=\"Adobestock 539636862\" class=\"wp-image-33728\" srcset=\"https:\/\/ispah.tecology-hosting.co\/wp-content\/uploads\/2025\/04\/AdobeStock_539636862-1547x1080.webp 1547w, https:\/\/ispah.tecology-hosting.co\/wp-content\/uploads\/2025\/04\/AdobeStock_539636862-960x670.webp 960w, https:\/\/ispah.tecology-hosting.co\/wp-content\/uploads\/2025\/04\/AdobeStock_539636862.webp 1920w\" sizes=\"(max-width: 1547px) 100vw, 1547px\" \/><button\n\t\t\tclass=\"lightbox-trigger\"\n\t\t\ttype=\"button\"\n\t\t\taria-haspopup=\"dialog\"\n\t\t\tdata-wp-bind--aria-label=\"state.thisImage.triggerButtonAriaLabel\"\n\t\t\tdata-wp-init=\"callbacks.initTriggerButton\"\n\t\t\tdata-wp-on--click=\"actions.showLightbox\"\n\t\t\tdata-wp-style--right=\"state.thisImage.buttonRight\"\n\t\t\tdata-wp-style--top=\"state.thisImage.buttonTop\"\n\t\t>\n\t\t\t<svg xmlns=\"http:\/\/www.w3.org\/2000\/svg\" width=\"12\" height=\"12\" fill=\"none\" viewbox=\"0 0 12 12\">\n\t\t\t\t<path fill=\"#fff\" d=\"M2 0a2 2 0 0 0-2 2v2h1.5V2a.5.5 0 0 1 .5-.5h2V0H2Zm2 10.5H2a.5.5 0 0 1-.5-.5V8H0v2a2 2 0 0 0 2 2h2v-1.5ZM8 12v-1.5h2a.5.5 0 0 0 .5-.5V8H12v2a2 2 0 0 1-2 2H8Zm2-12a2 2 0 0 1 2 2v2h-1.5V2a.5.5 0 0 0-.5-.5H8V0h2Z\" \/>\n\t\t\t<\/svg>\n\t\t<\/button><\/figure>\n\n\n\n<p class=\"has-small-font-size wp-block-paragraph\"><strong>R\u00e9f\u00e9rences :<\/strong>&nbsp;<\/p>\n\n\n\n<ul class=\"wp-block-list\">\n<li class=\"has-x-small-font-size\">Bailit J.L., et al (2010). Maternal and neonatal outcomes by labor onset type and gestational age (R\u00e9sultats maternels et n\u00e9onataux en fonction du type d'accouchement et de l'\u00e2ge gestationnel). American Journal of Obstetrics and Gynecology, 202(6), 606.e1-606.e6.&nbsp;&nbsp;<\/li>\n<\/ul>\n\n\n\n<ul class=\"wp-block-list\">\n<li class=\"has-x-small-font-size\">Beth A. Lewis, Dwenda K. Gjerdingen, Melissa D. Avery, John R. Sirard, Hongfei Guo, Katie Schuver, Bess H. Marcus. (2014). Un essai randomis\u00e9 examinant une intervention d'activit\u00e9 physique pour la pr\u00e9vention de la d\u00e9pression post-partum : The healthy mom trial, Mental Health and Physical Activity, Volume 7, Issue 1, Pages 42-49, ISSN 1755-2966, <a href=\"https:\/\/doi.org\/10.1016\/j.mhpa.2013.11.002\" target=\"_blank\" rel=\"noreferrer noopener\">https:\/\/doi.org\/10.1016\/j.mhpa.2013.11.002<\/a>.&nbsp;<\/li>\n<\/ul>\n\n\n\n<ul class=\"wp-block-list\">\n<li class=\"has-x-small-font-size\">Chae, S. A., Son, J. S. et Du, M. (2022). Prenatal exercise in fetal development : a placental perspective. The FEBS journal, 289(11), 3058-3071. https:\/\/doi.org\/10.1111\/febs.16173&nbsp;<\/li>\n<\/ul>\n\n\n\n<ul class=\"wp-block-list\">\n<li class=\"has-x-small-font-size\">Daley, A. J., et al. (2015). The effectiveness of exercise for the prevention and treatment of antenatal depression : systematic review with meta-analysis (L'efficacit\u00e9 de l'exercice pour la pr\u00e9vention et le traitement de la d\u00e9pression pr\u00e9natale : revue syst\u00e9matique avec m\u00e9ta-analyse). BJOG. 2015;122(1):57-62&nbsp;<\/li>\n<\/ul>\n\n\n\n<ul class=\"wp-block-list has-x-small-font-size\">\n<li>Dejan Dokl, Valerija Rogelj, David Bogataj. (2020). Villages intelligents adapt\u00e9s aux personnes \u00e2g\u00e9es : Literature Review and Research Agenda, IFAC-PapersOnLine, 10.1016\/j.ifacol.2022.09.459, 55, 10, (928-933).&nbsp;<\/li>\n<\/ul>\n\n\n\n<ul class=\"wp-block-list has-x-small-font-size\">\n<li>Hayman M, et al. (2023). Public health guidelines for physical activity during pregnancy from the around the world : a scoping reviewBritish Journal of Sports Medicine, 57:940-947.&nbsp;<\/li>\n<\/ul>\n\n\n\n<ul class=\"wp-block-list has-x-small-font-size\">\n<li>ISPAH (2024). 8 investissements qui fonctionnent pour l'activit\u00e9 physique. Tir\u00e9 de<a href=\"https:\/\/ispah.tecology-hosting.co\/fr\/ressources\/ressources-cles\/8-investissements\/\" target=\"_blank\" rel=\"noreferrer noopener\">Site web de l'ISPAH<\/a>.&nbsp;<\/li>\n<\/ul>\n\n\n\n<ul class=\"wp-block-list has-x-small-font-size\">\n<li>Menke, B. R., Duchette, C., Tinius, R. A., Wilson, A. Q., Altizer, E. A. et Maples, J. M. (2022). Activit\u00e9 physique pendant la grossesse et composition corporelle du nouveau-n\u00e9 : A Systematic Review. International journal of environmental research and public health, 19(12), 7127. https:\/\/doi.org\/10.3390\/ijerph19127127&nbsp;<\/li>\n<\/ul>\n\n\n\n<ul class=\"wp-block-list has-x-small-font-size\">\n<li>Mottola, M.F., et al. (2018). Lignes directrices canadiennes sur l'activit\u00e9 physique pendant la grossesse. BJSM, 52(21), 1339-1346.&nbsp;&nbsp;<\/li>\n<\/ul>\n\n\n\n<ul class=\"wp-block-list has-x-small-font-size\">\n<li>Nascimento, S. L., Surita, F. G., &amp; Cecatti, J. G. 2012. Physical exercise during pregnancy : a systematic review, 24(6), 387-394.&nbsp;&nbsp;<\/li>\n<\/ul>\n\n\n\n<ul class=\"wp-block-list has-x-small-font-size\">\n<li>Poyatos-Le\u00f3n, R., et al. (2017). Effets des interventions bas\u00e9es sur l'exercice sur la d\u00e9pression post-partum : Une m\u00e9ta-analyse d'essais contr\u00f4l\u00e9s randomis\u00e9s. Archives of Women's Mental Health, 20(3), 373-388.&nbsp;&nbsp;<\/li>\n<\/ul>\n\n\n\n<ul class=\"wp-block-list has-x-small-font-size\">\n<li>Rodr\u00edguez-Blanque, R., S\u00e1nchez-Garc\u00eda, J. C., S\u00e1nchez-L\u00f3pez, A. M. et Aguilar-Cordero, M. J. (2019). L'activit\u00e9 physique pendant la grossesse et son influence sur le d\u00e9lai d'accouchement : un essai clinique randomis\u00e9. PeerJ, 7, e6370. https:\/\/doi.org\/10.7717\/peerj.6370&nbsp;<\/li>\n<\/ul>\n\n\n\n<ul class=\"wp-block-list has-x-small-font-size\">\n<li>Taliento, C., Piccolotti, I., Sabattini, A., Tormen, M., Cappadona, R., Greco, P., &amp; Scutiero, G. (2024). Effet de l'activit\u00e9 physique pendant la grossesse sur le risque de troubles de l'hypertension et de diab\u00e8te gestationnel : Evidence Generated by New RCTs and Systematic Reviews. Journal of clinical medicine, 13(8), 2198. https:\/\/doi.org\/10.3390\/jcm13082198&nbsp;<\/li>\n<\/ul>\n\n\n\n<ul class=\"wp-block-list has-x-small-font-size\">\n<li>UNICEF (2020). Mettre fin aux d\u00e9c\u00e8s de nouveau-n\u00e9s et aux mortinaissances \u00e9vitables d'ici \u00e0 2030. Tir\u00e9 de<a href=\"https:\/\/www.unicef.org\/media\/77166\/file\/Ending-preventable-newborn-deaths-and-stillbirths-by-2030-universal-health-coverage-in-2020\u20132025.pdf\" target=\"_blank\" rel=\"noreferrer noopener\">Site Internet de l'UNICEF<\/a>.&nbsp;<\/li>\n<\/ul>\n\n\n\n<ul class=\"wp-block-list has-x-small-font-size\">\n<li>OMS (2023). Acc\u00e9l\u00e9ration de la r\u00e9alisation de l'objectif de d\u00e9veloppement durable en mati\u00e8re de sant\u00e9 maternelle et de mortalit\u00e9 infantile. Extrait de<a href=\"https:\/\/apps.who.int\/gb\/ebwha\/pdf_files\/EB154\/B154_12-en.pdf\" target=\"_blank\" rel=\"noreferrer noopener\">Rapport de l'OMS<\/a>.&nbsp;<\/li>\n<\/ul>\n\n\n\n<ul class=\"wp-block-list has-x-small-font-size\">\n<li>OMS (2025). Campagne de la Journ\u00e9e mondiale de la sant\u00e9 2025. Tir\u00e9 de<a href=\"https:\/\/www.who.int\/campaigns\/world-health-day\/2025#:~:text=Tragically%2C%20based%20on%20currently%20published,preventable%20death%20every%207%20seconds.\" target=\"_blank\" rel=\"noreferrer noopener\">Site web de l'OMS.<\/a>&nbsp;<\/li>\n<\/ul>\n\n\n\n<ul class=\"wp-block-list has-x-small-font-size\">\n<li>Wiebe, H. W., et al. (2015). L'effet de l'exercice pr\u00e9natal supervis\u00e9 sur la croissance f\u0153tale : une m\u00e9ta-analyse. Obstetrics &amp; Gynecology, 125(5), 1185-1194.&nbsp;&nbsp;<\/li>\n<\/ul>\n\n\n\n<ul class=\"wp-block-list has-x-small-font-size\">\n<li>Xie, W., Zhang, L., Cheng, J. et al. (2024). Physical activity during pregnancy and the risk of gestational diabetes mellitus : a systematic review and dose-response meta-analysis. BMC Public Health 24, 594. https:\/\/doi.org\/10.1186\/s12889-024-18131-7&nbsp;<\/li>\n<\/ul>\n\n\n\n<ul class=\"wp-block-list\">\n<li class=\"has-x-small-font-size\">Zhang J, Xiao Y, Bai S, Lin S, Du S, Wang Z. The Association Between Exercise During Pregnancy and the Risk of Preterm Birth. Int J Womens Health. 2024;16:219-228, https:\/\/doi.org\/10.2147\/IJWH.S447270&nbsp;&nbsp;<\/li>\n<\/ul>","protected":false},"excerpt":{"rendered":"<p>Every mother and baby deserve a healthy start in life. Yet, every seven seconds, a preventable maternal or newborn death occurs worldwide (WHO, 2025). This World Health Day, observed on\u202f7 April 2025, marks the launch of a global year-long campaign: Healthy Beginnings, Hopeful Futures. Led by WHO and its partners, this initiative calls for urgent [&hellip;]<\/p>\n","protected":false},"author":1154,"featured_media":33723,"comment_status":"closed","ping_status":"closed","sticky":false,"template":"","format":"standard","meta":{"_jf_schedule_form":"","_jf_limit_responses":"","country-income-classification":"","slim_seo":{"title":"World Health Day 2025: The Role of Physical Activity in Maternal and Newborn Health\u00a0 - ISPAH","description":"Chaque m\u00e8re et chaque b\u00e9b\u00e9 m\u00e9ritent de prendre un bon d\u00e9part dans la vie. Pourtant, toutes les sept secondes, un d\u00e9c\u00e8s maternel ou n\u00e9onatal \u00e9vitable survient dans le monde (OMS, 2025). Ce monde"},"_slim_seo_primary_term_category":0,"_slim_seo_primary_term_post_tag":0,"footnotes":""},"categories":[82,23,99],"tags":[350,351,352],"class_list":["post-33715","post","type-post","status-publish","format-standard","has-post-thumbnail","hentry","category-8-investments","category-blog","category-healthcare","tag-maternal-health","tag-newborn-health","tag-pregnancy"],"_links":{"self":[{"href":"https:\/\/ispah.tecology-hosting.co\/fr\/wp-json\/wp\/v2\/posts\/33715","targetHints":{"allow":["GET"]}}],"collection":[{"href":"https:\/\/ispah.tecology-hosting.co\/fr\/wp-json\/wp\/v2\/posts"}],"about":[{"href":"https:\/\/ispah.tecology-hosting.co\/fr\/wp-json\/wp\/v2\/types\/post"}],"author":[{"embeddable":true,"href":"https:\/\/ispah.tecology-hosting.co\/fr\/wp-json\/wp\/v2\/users\/1154"}],"replies":[{"embeddable":true,"href":"https:\/\/ispah.tecology-hosting.co\/fr\/wp-json\/wp\/v2\/comments?post=33715"}],"version-history":[{"count":1,"href":"https:\/\/ispah.tecology-hosting.co\/fr\/wp-json\/wp\/v2\/posts\/33715\/revisions"}],"predecessor-version":[{"id":34573,"href":"https:\/\/ispah.tecology-hosting.co\/fr\/wp-json\/wp\/v2\/posts\/33715\/revisions\/34573"}],"wp:featuredmedia":[{"embeddable":true,"href":"https:\/\/ispah.tecology-hosting.co\/fr\/wp-json\/wp\/v2\/media\/33723"}],"wp:attachment":[{"href":"https:\/\/ispah.tecology-hosting.co\/fr\/wp-json\/wp\/v2\/media?parent=33715"}],"wp:term":[{"taxonomy":"category","embeddable":true,"href":"https:\/\/ispah.tecology-hosting.co\/fr\/wp-json\/wp\/v2\/categories?post=33715"},{"taxonomy":"post_tag","embeddable":true,"href":"https:\/\/ispah.tecology-hosting.co\/fr\/wp-json\/wp\/v2\/tags?post=33715"}],"curies":[{"name":"wp","href":"https:\/\/api.w.org\/{rel}","templated":true}]}}