{"id":33564,"date":"2025-04-05T23:59:00","date_gmt":"2025-04-05T22:59:00","guid":{"rendered":"https:\/\/ispah.tecology-hosting.co\/?p=33564"},"modified":"2025-08-21T06:59:52","modified_gmt":"2025-08-21T05:59:52","slug":"journee-mondiale-de-lactivite-physique-2025-la-meme-chose-ne-suffit-pas","status":"publish","type":"post","link":"https:\/\/ispah.tecology-hosting.co\/fr\/world-day-for-physical-activity-2025-more-of-the-same-is-not-enough\/","title":{"rendered":"Journ\u00e9e mondiale de l'activit\u00e9 physique 2025 : Il ne suffit pas d'en faire plus\u00a0"},"content":{"rendered":"<p class=\"wp-block-paragraph\"><strong>Pourquoi une journ\u00e9e consacr\u00e9e \u00e0 l'activit\u00e9 physique ?<\/strong>&nbsp;<\/p>\n\n\n\n<p class=\"wp-block-paragraph\">L'activit\u00e9 physique fait partie de la vie quotidienne de l'homme depuis des si\u00e8cles. Cependant, l'activit\u00e9 <a href=\"https:\/\/www.thelancet.com\/series\/physical-activity\" target=\"_blank\" rel=\"noreferrer noopener\">2012 Lancet Physical Activity Series<\/a> a montr\u00e9 que l'inactivit\u00e9 physique \u00e9tait responsable de plus de 5 millions de d\u00e9c\u00e8s par an dans le monde. Cette charge de morbidit\u00e9 massive imputable \u00e0 l'inactivit\u00e9 physique est due (a) \u00e0 la forte pr\u00e9valence de l'inactivit\u00e9 observ\u00e9e \u00e0 la fois chez les adultes (~30%) et les adolescents (~80%) dans le monde entier ; et (b) au risque accru de nombreuses maladies chez les individus inactifs par rapport \u00e0 leurs pairs actifs. Malgr\u00e9 des progr\u00e8s significatifs dans la surveillance, la recherche et la politique en mati\u00e8re d'activit\u00e9 physique dans le monde entier, <a href=\"https:\/\/pubmed.ncbi.nlm.nih.gov\/38942042\" target=\"_blank\" rel=\"noreferrer noopener\">les niveaux d'activit\u00e9 physique n'augmentent pas<\/a> qui sugg\u00e8re que \"plus de la m\u00eame chose ne suffit pas\".  C'est pourquoi nous devons rappeler aux professionnels de la sant\u00e9, aux d\u00e9cideurs politiques et \u00e0 la soci\u00e9t\u00e9 en g\u00e9n\u00e9ral l'importance de l'activit\u00e9 physique pour la sant\u00e9, d'o\u00f9 la n\u00e9cessit\u00e9 d'une Journ\u00e9e mondiale de l'activit\u00e9 physique annuelle.&nbsp;<\/p>\n\n\n\n<figure data-wp-context=\"{&quot;imageId&quot;:&quot;6a9d5a408db79&quot;}\" data-wp-interactive=\"core\/image\" data-wp-key=\"6a9d5a408db79\" class=\"wp-block-image size-large wp-lightbox-container\"><img decoding=\"async\" width=\"1620\" height=\"1080\" data-wp-class--hide=\"state.isContentHidden\" data-wp-class--show=\"state.isContentVisible\" data-wp-init=\"callbacks.setButtonStyles\" data-wp-on--click=\"actions.showLightbox\" data-wp-on--load=\"callbacks.setButtonStyles\" data-wp-on--pointerdown=\"actions.preloadImage\" data-wp-on--pointerenter=\"actions.preloadImageWithDelay\" data-wp-on--pointerleave=\"actions.cancelPreload\" data-wp-on-window--resize=\"callbacks.setButtonStyles\" src=\"https:\/\/ispah.tecology-hosting.co\/wp-content\/uploads\/2025\/03\/AdobeStock_520330942-1620x1080.webp\" alt=\"Adobestock 520330942\" class=\"wp-image-33650\" srcset=\"https:\/\/ispah.tecology-hosting.co\/wp-content\/uploads\/2025\/03\/AdobeStock_520330942-1620x1080.webp 1620w, https:\/\/ispah.tecology-hosting.co\/wp-content\/uploads\/2025\/03\/AdobeStock_520330942-960x640.webp 960w, https:\/\/ispah.tecology-hosting.co\/wp-content\/uploads\/2025\/03\/AdobeStock_520330942-768x512.webp 768w, https:\/\/ispah.tecology-hosting.co\/wp-content\/uploads\/2025\/03\/AdobeStock_520330942-1536x1024.webp 1536w, https:\/\/ispah.tecology-hosting.co\/wp-content\/uploads\/2025\/03\/AdobeStock_520330942-18x12.webp 18w, https:\/\/ispah.tecology-hosting.co\/wp-content\/uploads\/2025\/03\/AdobeStock_520330942.webp 1920w\" sizes=\"(max-width: 1620px) 100vw, 1620px\" \/><button\n\t\t\tclass=\"lightbox-trigger\"\n\t\t\ttype=\"button\"\n\t\t\taria-haspopup=\"dialog\"\n\t\t\tdata-wp-bind--aria-label=\"state.thisImage.triggerButtonAriaLabel\"\n\t\t\tdata-wp-init=\"callbacks.initTriggerButton\"\n\t\t\tdata-wp-on--click=\"actions.showLightbox\"\n\t\t\tdata-wp-style--right=\"state.thisImage.buttonRight\"\n\t\t\tdata-wp-style--top=\"state.thisImage.buttonTop\"\n\t\t>\n\t\t\t<svg xmlns=\"http:\/\/www.w3.org\/2000\/svg\" width=\"12\" height=\"12\" fill=\"none\" viewbox=\"0 0 12 12\">\n\t\t\t\t<path fill=\"#fff\" d=\"M2 0a2 2 0 0 0-2 2v2h1.5V2a.5.5 0 0 1 .5-.5h2V0H2Zm2 10.5H2a.5.5 0 0 1-.5-.5V8H0v2a2 2 0 0 0 2 2h2v-1.5ZM8 12v-1.5h2a.5.5 0 0 0 .5-.5V8H12v2a2 2 0 0 1-2 2H8Zm2-12a2 2 0 0 1 2 2v2h-1.5V2a.5.5 0 0 0-.5-.5H8V0h2Z\" \/>\n\t\t\t<\/svg>\n\t\t<\/button><\/figure>\n\n\n\n<p class=\"wp-block-paragraph\"><strong>Quelle est l'histoire ?<\/strong>&nbsp;<\/p>\n\n\n\n<p class=\"wp-block-paragraph\">L'activit\u00e9 physique est <a href=\"https:\/\/pubmed.ncbi.nlm.nih.gov\/39327916\/\" target=\"_blank\" rel=\"noreferrer noopener\">d\u00e9fini<\/a> comme tout mouvement corporel produit par les muscles squelettiques et entra\u00eenant une d\u00e9pense d'\u00e9nergie. Il incombe aux gouvernements de faciliter le choix de l'activit\u00e9 physique dans le cadre de la vie quotidienne. L'acc\u00e8s \u00e0 une activit\u00e9 physique agr\u00e9able, s\u00fbre, saine, \u00e9quitable et cibl\u00e9e doit \u00eatre une priorit\u00e9 pour la soci\u00e9t\u00e9. Les<a href=\"https:\/\/ispah.tecology-hosting.co\/fr\/\" target=\"_blank\" rel=\"noreferrer noopener\">Soci\u00e9t\u00e9 internationale pour l'activit\u00e9 physique et la sant\u00e9 (ISPAH)<\/a>soutient la Journ\u00e9e mondiale de l'activit\u00e9 physique 2025 dans le cadre de ses efforts globaux de promotion de l'activit\u00e9 physique et de la sant\u00e9, et plus particuli\u00e8rement par l'interm\u00e9diaire de l'Agence europ\u00e9enne pour la s\u00e9curit\u00e9 et la sant\u00e9.<a href=\"https:\/\/ispah.tecology-hosting.co\/wp-content\/uploads\/2020\/11\/English-Eight-Investments-That-Work-FINAL.pdf\" target=\"_blank\" rel=\"noreferrer noopener\"><em>Huit investissements efficaces pour l'activit\u00e9 physique<\/em><\/a>- des strat\u00e9gies concr\u00e8tes pour promouvoir des communaut\u00e9s plus saines en int\u00e9grant l'activit\u00e9 physique dans les politiques nationales et infranationales.&nbsp;<\/p>\n\n\n\n<p class=\"wp-block-paragraph\"><strong>Quelle est la solution ?<\/strong>&nbsp;<\/p>\n\n\n\n<p class=\"wp-block-paragraph\">Il est temps de passer d'une approche \"<a href=\"https:\/\/pubmed.ncbi.nlm.nih.gov\/3872850\/\" target=\"_blank\" rel=\"noreferrer noopener\">les personnes malades<\/a>\"La promotion de l'activit\u00e9 physique s'est concentr\u00e9e pendant des d\u00e9cennies sur les personnes inactives. Pendant des d\u00e9cennies, la promotion de l'activit\u00e9 physique s'est concentr\u00e9e sur les personnes inactives. Il est temps de se concentrer sur l'ensemble de la population et de viser une augmentation de l'activit\u00e9 physique dans l'ensemble de la r\u00e9partition de l'activit\u00e9 physique. Un ensemble de preuves solides sugg\u00e8re que <a href=\"https:\/\/pubmed.ncbi.nlm.nih.gov\/39762423\/\" target=\"_blank\" rel=\"noreferrer noopener\">une certaine activit\u00e9 physique<\/a>m\u00eame si elle est inf\u00e9rieure aux 150 minutes recommand\u00e9es par semaine, apporte des avantages substantiels en termes de sant\u00e9 aux individus et aux communaut\u00e9s.&nbsp;<\/p>\n\n\n\n<figure data-wp-context=\"{&quot;imageId&quot;:&quot;6a9d5a408dff7&quot;}\" data-wp-interactive=\"core\/image\" data-wp-key=\"6a9d5a408dff7\" class=\"wp-block-image size-full wp-lightbox-container\"><img decoding=\"async\" width=\"1920\" height=\"596\" data-wp-class--hide=\"state.isContentHidden\" data-wp-class--show=\"state.isContentVisible\" data-wp-init=\"callbacks.setButtonStyles\" data-wp-on--click=\"actions.showLightbox\" data-wp-on--load=\"callbacks.setButtonStyles\" data-wp-on--pointerdown=\"actions.preloadImage\" data-wp-on--pointerenter=\"actions.preloadImageWithDelay\" data-wp-on--pointerleave=\"actions.cancelPreload\" data-wp-on-window--resize=\"callbacks.setButtonStyles\" src=\"https:\/\/ispah.tecology-hosting.co\/wp-content\/uploads\/2025\/03\/AdobeStock_472814826.webp\" alt=\"Adobestock 472814826\" class=\"wp-image-33649\" srcset=\"https:\/\/ispah.tecology-hosting.co\/wp-content\/uploads\/2025\/03\/AdobeStock_472814826.webp 1920w, https:\/\/ispah.tecology-hosting.co\/wp-content\/uploads\/2025\/03\/AdobeStock_472814826-960x298.webp 960w, https:\/\/ispah.tecology-hosting.co\/wp-content\/uploads\/2025\/03\/AdobeStock_472814826-768x238.webp 768w, https:\/\/ispah.tecology-hosting.co\/wp-content\/uploads\/2025\/03\/AdobeStock_472814826-1536x477.webp 1536w, https:\/\/ispah.tecology-hosting.co\/wp-content\/uploads\/2025\/03\/AdobeStock_472814826-18x6.webp 18w\" sizes=\"(max-width: 1920px) 100vw, 1920px\" \/><button\n\t\t\tclass=\"lightbox-trigger\"\n\t\t\ttype=\"button\"\n\t\t\taria-haspopup=\"dialog\"\n\t\t\tdata-wp-bind--aria-label=\"state.thisImage.triggerButtonAriaLabel\"\n\t\t\tdata-wp-init=\"callbacks.initTriggerButton\"\n\t\t\tdata-wp-on--click=\"actions.showLightbox\"\n\t\t\tdata-wp-style--right=\"state.thisImage.buttonRight\"\n\t\t\tdata-wp-style--top=\"state.thisImage.buttonTop\"\n\t\t>\n\t\t\t<svg xmlns=\"http:\/\/www.w3.org\/2000\/svg\" width=\"12\" height=\"12\" fill=\"none\" viewbox=\"0 0 12 12\">\n\t\t\t\t<path fill=\"#fff\" d=\"M2 0a2 2 0 0 0-2 2v2h1.5V2a.5.5 0 0 1 .5-.5h2V0H2Zm2 10.5H2a.5.5 0 0 1-.5-.5V8H0v2a2 2 0 0 0 2 2h2v-1.5ZM8 12v-1.5h2a.5.5 0 0 0 .5-.5V8H12v2a2 2 0 0 1-2 2H8Zm2-12a2 2 0 0 1 2 2v2h-1.5V2a.5.5 0 0 0-.5-.5H8V0h2Z\" \/>\n\t\t\t<\/svg>\n\t\t<\/button><\/figure>\n\n\n\n<p class=\"wp-block-paragraph\">Pour atteindre un tel objectif, il est toutefois indispensable de tenir compte du contexte dans lequel les gens vivent. Une part importante de l'activit\u00e9 physique, en particulier dans les pays \u00e0 revenu faible et interm\u00e9diaire et parmi les familles \u00e0 faible revenu dans les pays \u00e0 revenu \u00e9lev\u00e9, <a href=\"https:\/\/pubmed.ncbi.nlm.nih.gov\/36525957\/\" target=\"_blank\" rel=\"noreferrer noopener\">est plus une n\u00e9cessit\u00e9 qu'un choix<\/a>. Dans de tels cas, outre la promotion de l'activit\u00e9 physique, il est imp\u00e9ratif de promouvoir la sant\u00e9, l'\u00e9quit\u00e9 et la justice. Il est \u00e9galement essentiel de travailler en dehors du secteur de la sant\u00e9 ; pour accro\u00eetre l'activit\u00e9 physique, il faut \u00e9galement travailler avec les secteurs du sport, de l'environnement urbain, de l'\u00e9ducation et de la planification.&nbsp;&nbsp;<\/p>\n\n\n\n<p class=\"wp-block-paragraph\">Depuis des d\u00e9cennies, le domaine se concentre sur l'activit\u00e9 physique totale, qui combine les activit\u00e9s pratiqu\u00e9es au travail, \u00e0 l'\u00e9cole, \u00e0 la maison, pendant les loisirs et dans les moyens de transport. Il est temps d'\u00e9tudier chacun de ces domaines s\u00e9par\u00e9ment, car les activit\u00e9s qui s'y d\u00e9roulent varient consid\u00e9rablement en termes de n\u00e9cessit\u00e9 et de choix.&nbsp;&nbsp;<\/p>\n\n\n\n<p class=\"has-large-font-size wp-block-paragraph\"><strong>Messages cl\u00e9s<\/strong>&nbsp;<\/p>\n\n\n\n<ul class=\"wp-block-list\">\n<li>L'inactivit\u00e9 physique est \u00e0 l'origine d'autant de d\u00e9c\u00e8s que le tabagisme chaque ann\u00e9e dans le monde.&nbsp;<\/li>\n\n\n\n<li>Les niveaux d'activit\u00e9 physique n'augmentent pas dans le monde.&nbsp;&nbsp;<\/li>\n\n\n\n<li>Il est temps de changer l'orientation de la promotion de l'activit\u00e9 physique : au lieu de cibler les personnes inactives, il est temps d'inciter l'ensemble de la population \u00e0 bouger davantage.&nbsp;&nbsp;<\/li>\n\n\n\n<li>Il est imp\u00e9ratif de tenir compte du contexte dans lequel l'activit\u00e9 physique est pratiqu\u00e9e et de savoir si elle est pratiqu\u00e9e comme une n\u00e9cessit\u00e9 ou comme un choix.&nbsp;<\/li>\n<\/ul>\n\n\n\n<p class=\"wp-block-paragraph\"><strong>Auteurs<\/strong>&nbsp;<\/p>\n\n\n\n<p class=\"wp-block-paragraph\">Pedro C Hallal &amp; Adrian Bauman - Boursiers de l'ISPAH&nbsp;&nbsp;<\/p>","protected":false},"excerpt":{"rendered":"<p>Why a Day for Physical Activity?&nbsp; Physical activity is part of human routine living for centuries. However, the 2012 Lancet Physical Activity Series showed that physical inactivity was responsible for 5+ million deaths per year globally. This massive burden of disease attributable to physical inactivity is due to (a) the high prevalence of inactivity observed [&hellip;]<\/p>\n","protected":false},"author":470,"featured_media":33692,"comment_status":"closed","ping_status":"closed","sticky":false,"template":"","format":"standard","meta":{"_jf_schedule_form":"","_jf_limit_responses":"","country-income-classification":"","slim_seo":{"title":"World Day for Physical Activity 2025: More of the Same is not Enough\u00a0 - ISPAH","description":"Pourquoi une journ\u00e9e consacr\u00e9e \u00e0 l'activit\u00e9 physique ?   L'activit\u00e9 physique fait partie de la vie quotidienne de l'homme depuis des si\u00e8cles. Cependant, la s\u00e9rie 2012 sur l'activit\u00e9 physique du Lancet montre que l'activit\u00e9 physique est un \u00e9l\u00e9ment essentiel de la vie de tous les jours."},"_slim_seo_primary_term_category":0,"_slim_seo_primary_term_post_tag":0,"footnotes":""},"categories":[82,23],"tags":[346,347,345],"class_list":["post-33564","post","type-post","status-publish","format-standard","has-post-thumbnail","hentry","category-8-investments","category-blog","tag-healthy-populations","tag-multisector-approach","tag-policy-worldwide"],"_links":{"self":[{"href":"https:\/\/ispah.tecology-hosting.co\/fr\/wp-json\/wp\/v2\/posts\/33564","targetHints":{"allow":["GET"]}}],"collection":[{"href":"https:\/\/ispah.tecology-hosting.co\/fr\/wp-json\/wp\/v2\/posts"}],"about":[{"href":"https:\/\/ispah.tecology-hosting.co\/fr\/wp-json\/wp\/v2\/types\/post"}],"author":[{"embeddable":true,"href":"https:\/\/ispah.tecology-hosting.co\/fr\/wp-json\/wp\/v2\/users\/470"}],"replies":[{"embeddable":true,"href":"https:\/\/ispah.tecology-hosting.co\/fr\/wp-json\/wp\/v2\/comments?post=33564"}],"version-history":[{"count":1,"href":"https:\/\/ispah.tecology-hosting.co\/fr\/wp-json\/wp\/v2\/posts\/33564\/revisions"}],"predecessor-version":[{"id":34574,"href":"https:\/\/ispah.tecology-hosting.co\/fr\/wp-json\/wp\/v2\/posts\/33564\/revisions\/34574"}],"wp:featuredmedia":[{"embeddable":true,"href":"https:\/\/ispah.tecology-hosting.co\/fr\/wp-json\/wp\/v2\/media\/33692"}],"wp:attachment":[{"href":"https:\/\/ispah.tecology-hosting.co\/fr\/wp-json\/wp\/v2\/media?parent=33564"}],"wp:term":[{"taxonomy":"category","embeddable":true,"href":"https:\/\/ispah.tecology-hosting.co\/fr\/wp-json\/wp\/v2\/categories?post=33564"},{"taxonomy":"post_tag","embeddable":true,"href":"https:\/\/ispah.tecology-hosting.co\/fr\/wp-json\/wp\/v2\/tags?post=33564"}],"curies":[{"name":"wp","href":"https:\/\/api.w.org\/{rel}","templated":true}]}}