{"id":33441,"date":"2025-03-03T01:42:14","date_gmt":"2025-03-03T01:42:14","guid":{"rendered":"https:\/\/ispah.tecology-hosting.co\/?p=33441"},"modified":"2025-03-05T06:20:32","modified_gmt":"2025-03-05T06:20:32","slug":"journee-mondiale-de-lobesite-2025-lispah-soutient-une-approche-systemique-pour-une-vie-plus-saine","status":"publish","type":"post","link":"https:\/\/ispah.tecology-hosting.co\/fr\/world-obesity-day-2025-ispah-supports-a-systems-focus-for-healthier-lives\/","title":{"rendered":"Journ\u00e9e mondiale de l'ob\u00e9sit\u00e9 2025 : L'ISPAH soutient une approche syst\u00e9mique pour une vie plus saine"},"content":{"rendered":"<p class=\"has-large-font-size wp-block-paragraph\"><strong>Pourquoi une journ\u00e9e de l'ob\u00e9sit\u00e9 ?<\/strong><\/p>\n\n\n\n<p class=\"wp-block-paragraph\">L'ob\u00e9sit\u00e9 reste largement incomprise, principalement parce que de nombreuses personnes continuent d'attribuer cette maladie \u00e0 des facteurs de risque. <a href=\"https:\/\/www.who.int\/news-room\/fact-sheets\/detail\/obesity-and-overweight\">maladie<\/a> d'\u00eatre la cons\u00e9quence de <a href=\"https:\/\/obesitycanada.ca\/understanding-obesity\/5-facts\/\">choix personnels<\/a>. Malheureusement, ces <a href=\"https:\/\/www.cfp.ca\/content\/60\/11\/973.short\">Croyances (erron\u00e9es)<\/a> peut conduire \u00e0 <a href=\"https:\/\/link.springer.com\/article\/10.1007\/s13679-023-00495-3\">la stigmatisation li\u00e9e au poids<\/a>, <a href=\"https:\/\/obesitycanada.ca\/for-patients\/weight-bias\/#:~:text=Weight%20stigma%20refers%20to%20social,%2Ddiscipline%20or%20self%2Dcontrol.\">les pr\u00e9jug\u00e9s et la discrimination<\/a>-des attitudes, des st\u00e9r\u00e9otypes et des actions nuisibles et largement r\u00e9pandus qui ont des effets n\u00e9gatifs sur la sant\u00e9 et l'environnement. <a href=\"https:\/\/link.springer.com\/article\/10.1186\/S12916-018-1116-5\">impacts n\u00e9gatifs<\/a> aux niveaux individuel et soci\u00e9tal.<\/p>\n\n\n\n<p class=\"has-large-font-size wp-block-paragraph\"><strong>Quelle est l'histoire ?<\/strong><\/p>\n\n\n\n<p class=\"wp-block-paragraph\"><a href=\"https:\/\/www.who.int\/news-room\/fact-sheets\/detail\/obesity-and-overweight\">Ob\u00e9sit\u00e9<\/a>&nbsp;a \u00e9t\u00e9 d\u00e9finie comme une maladie chronique, <a href=\"https:\/\/www.gov.uk\/government\/publications\/reducing-obesity-obesity-system-map\">complexe<\/a>L'adiposit\u00e9 est une maladie \u00e0 multiples facettes dans laquelle l'exc\u00e8s de graisse corporelle (adiposit\u00e9) nuit \u00e0 la sant\u00e9. <a href=\"https:\/\/www.worldobesityday.org\/\">Journ\u00e9e mondiale de l'ob\u00e9sit\u00e9 2025<\/a>qui s'est tenue le 4 mars<sup>th<\/sup>Il appelle \u00e0 une action mondiale en d\u00e9pla\u00e7ant l'attention des pays de l'Union europ\u00e9enne vers les pays de l'Est. <em>individuel<\/em> \u00e0 la <em>syst\u00e8mes<\/em> (par exemple, environnementale, socioculturelle, politique, \u00e9conomique) qui contribuent \u00e0 l'augmentation de la population. <a href=\"https:\/\/www.thelancet.com\/journals\/lancet\/article\/PIIS0140-6736(23)02750-2\/fulltext\">l'augmentation des taux d'ob\u00e9sit\u00e9 dans le monde<\/a>.<\/p>\n\n\n\n<figure data-wp-context=\"{&quot;imageId&quot;:&quot;6a9d5a3791d73&quot;}\" data-wp-interactive=\"core\/image\" data-wp-key=\"6a9d5a3791d73\" class=\"wp-block-image size-full wp-lightbox-container\"><img decoding=\"async\" width=\"1080\" height=\"1080\" data-wp-class--hide=\"state.isContentHidden\" data-wp-class--show=\"state.isContentVisible\" data-wp-init=\"callbacks.setButtonStyles\" data-wp-on--click=\"actions.showLightbox\" data-wp-on--load=\"callbacks.setButtonStyles\" data-wp-on--pointerdown=\"actions.preloadImage\" data-wp-on--pointerenter=\"actions.preloadImageWithDelay\" data-wp-on--pointerleave=\"actions.cancelPreload\" data-wp-on-window--resize=\"callbacks.setButtonStyles\" src=\"https:\/\/ispah.tecology-hosting.co\/wp-content\/uploads\/2025\/03\/WOD_Announcement_Instagram_v1.webp\" alt=\"Wod Annonce Instagram V1\" class=\"wp-image-33445\" srcset=\"https:\/\/ispah.tecology-hosting.co\/wp-content\/uploads\/2025\/03\/WOD_Announcement_Instagram_v1.webp 1080w, https:\/\/ispah.tecology-hosting.co\/wp-content\/uploads\/2025\/03\/WOD_Announcement_Instagram_v1-960x960.webp 960w, https:\/\/ispah.tecology-hosting.co\/wp-content\/uploads\/2025\/03\/WOD_Announcement_Instagram_v1-300x300.webp 300w, https:\/\/ispah.tecology-hosting.co\/wp-content\/uploads\/2025\/03\/WOD_Announcement_Instagram_v1-768x768.webp 768w\" sizes=\"(max-width: 1080px) 100vw, 1080px\" \/><button\n\t\t\tclass=\"lightbox-trigger\"\n\t\t\ttype=\"button\"\n\t\t\taria-haspopup=\"dialog\"\n\t\t\tdata-wp-bind--aria-label=\"state.thisImage.triggerButtonAriaLabel\"\n\t\t\tdata-wp-init=\"callbacks.initTriggerButton\"\n\t\t\tdata-wp-on--click=\"actions.showLightbox\"\n\t\t\tdata-wp-style--right=\"state.thisImage.buttonRight\"\n\t\t\tdata-wp-style--top=\"state.thisImage.buttonTop\"\n\t\t>\n\t\t\t<svg xmlns=\"http:\/\/www.w3.org\/2000\/svg\" width=\"12\" height=\"12\" fill=\"none\" viewbox=\"0 0 12 12\">\n\t\t\t\t<path fill=\"#fff\" d=\"M2 0a2 2 0 0 0-2 2v2h1.5V2a.5.5 0 0 1 .5-.5h2V0H2Zm2 10.5H2a.5.5 0 0 1-.5-.5V8H0v2a2 2 0 0 0 2 2h2v-1.5ZM8 12v-1.5h2a.5.5 0 0 0 .5-.5V8H12v2a2 2 0 0 1-2 2H8Zm2-12a2 2 0 0 1 2 2v2h-1.5V2a.5.5 0 0 0-.5-.5H8V0h2Z\" \/>\n\t\t\t<\/svg>\n\t\t<\/button><figcaption class=\"wp-element-caption\">Journ\u00e9e mondiale de l'ob\u00e9sit\u00e9, 2025. https:\/\/www.worldobesityday.org<\/figcaption><\/figure>\n\n\n\n<p class=\"wp-block-paragraph\">Le <a href=\"https:\/\/ispah.tecology-hosting.co\/fr\/\">Soci\u00e9t\u00e9 internationale pour l'activit\u00e9 physique et la sant\u00e9 (ISPAH)<\/a> soutient la Journ\u00e9e mondiale de l'ob\u00e9sit\u00e9 2025 dans ses efforts globaux de promotion de l'activit\u00e9 physique et de la sant\u00e9, et plus sp\u00e9cifiquement, par le biais de la&nbsp;<a href=\"https:\/\/ispah.tecology-hosting.co\/wp-content\/uploads\/2020\/11\/English-Eight-Investments-That-Work-FINAL.pdf\"><em>Huit investissements efficaces pour l'activit\u00e9 physique<\/em><\/a> - des strat\u00e9gies concr\u00e8tes pour promouvoir des communaut\u00e9s plus saines en int\u00e9grant l'activit\u00e9 physique dans les politiques nationales et infranationales.<\/p>\n\n\n\n<p class=\"has-large-font-size wp-block-paragraph\"><strong>La surcharge pond\u00e9rale et l'ob\u00e9sit\u00e9 sont des pr\u00e9occupations mondiales<\/strong><\/p>\n\n\n\n<ul class=\"wp-block-list\">\n<li>Au niveau mondial, on estime qu'environ <a href=\"https:\/\/www.who.int\/news-room\/fact-sheets\/detail\/obesity-and-overweight\">1 personne sur 8<\/a> vivront avec l'ob\u00e9sit\u00e9 en 2022<\/li>\n\n\n\n<li>La pr\u00e9valence mondiale de l'ob\u00e9sit\u00e9 chez les adultes a <a href=\"https:\/\/www.who.int\/news-room\/fact-sheets\/detail\/obesity-and-overweight\">doubl\u00e9<\/a> depuis 1990 ; en 2022, environ 16% des adultes vivaient avec l'ob\u00e9sit\u00e9<\/li>\n\n\n\n<li>La pr\u00e9valence mondiale de l'ob\u00e9sit\u00e9 p\u00e9diatrique a \u00e9galement augment\u00e9. <a href=\"https:\/\/jamanetwork.com\/journals\/jamapediatrics\/fullarticle\/2819322\">8.5%<\/a> d'enfants et d'adolescents souffrant d'ob\u00e9sit\u00e9 en 2023<\/li>\n\n\n\n<li>Ob\u00e9sit\u00e9 <em>stigmate<\/em> est un <a href=\"https:\/\/link.springer.com\/article\/10.1186\/s12992-018-0337-x?utm_source=getftr&amp;utm_medium=getftr&amp;utm_campaign=getftr_pilot&amp;getft_integrator=wiley\">une pr\u00e9occupation mondiale<\/a>Alors que la stigmatisation li\u00e9e au poids est largement reconnue comme un probl\u00e8me de sant\u00e9 important dans les pays du Nord, elle est d\u00e9sormais \u00e9galement consid\u00e9r\u00e9e comme un probl\u00e8me \u00e9mergent dans les pays du Sud.<\/li>\n<\/ul>\n\n\n\n<p class=\"has-large-font-size wp-block-paragraph\"><strong>Changement syst\u00e9mique - Quand et comment ?<\/strong><\/p>\n\n\n\n<ul class=\"wp-block-list\">\n<li><strong>Aujourd'hui :<\/strong>&nbsp;Nous savons que <a href=\"https:\/\/link.springer.com\/content\/pdf\/10.1186\/s12966-021-01082-2.pdf\">interventions en aval<\/a> ont tendance \u00e0 avoir une efficacit\u00e9 limit\u00e9e pour la pr\u00e9vention et le traitement de l'ob\u00e9sit\u00e9. Il est urgent d'aller au-del\u00e0 des approches individuelles de l'ob\u00e9sit\u00e9 (y compris l'approche commune de l'ob\u00e9sit\u00e9). <a href=\"https:\/\/onlinelibrary.wiley.com\/doi\/full\/10.1111\/cob.12615\">\"manger moins, bouger plus<\/a> r\u00e9cit), \u00e0 un <a href=\"https:\/\/link.springer.com\/article\/10.1186\/s12889-018-6274-z\">approche syst\u00e9mique<\/a> pour relever ce d\u00e9fi mondial.<\/li>\n\n\n\n<li><strong>Action fond\u00e9e sur des donn\u00e9es probantes :<\/strong> Les huit investissements de l'ISPAH proposent des strat\u00e9gies pratiques et fond\u00e9es sur la recherche pour augmenter les niveaux d'activit\u00e9 physique dans le monde. En effet, l'activit\u00e9 physique est importante pour tous les individus, y compris ceux qui souffrent d'ob\u00e9sit\u00e9. \u00c9tant donn\u00e9 qu'il existe <a href=\"https:\/\/www.gov.uk\/government\/publications\/reducing-obesity-obesity-system-map\">des centaines de facteurs complexes et interd\u00e9pendants<\/a> qui contribuent \u00e0 la pr\u00e9valence de l'ob\u00e9sit\u00e9 - et que les b\u00e9n\u00e9fices de l'activit\u00e9 physique pour les personnes souffrant d'ob\u00e9sit\u00e9 vont au-del\u00e0 de la simple activit\u00e9 physique. <a href=\"https:\/\/www.mdpi.com\/1660-4601\/19\/9\/4981\">perte de poids<\/a>-Il est essentiel de mener une action fond\u00e9e sur des donn\u00e9es probantes qui ne se limite pas aux d\u00e9terminants et aux comportements individuels.<\/li>\n\n\n\n<li><strong>Veiller \u00e0 ce que <\/strong><a href=\"https:\/\/www.annualreviews.org\/content\/journals\/10.1146\/annurev-nutr-092021-050805\"><strong>\u00e9quit\u00e9 en mati\u00e8re de sant\u00e9<\/strong><\/a><strong> est une priorit\u00e9 :<\/strong> L'ob\u00e9sit\u00e9 affecte de mani\u00e8re disproportionn\u00e9e <a href=\"https:\/\/link.springer.com\/article\/10.1007\/s13679-023-00493-5\">les populations marginalis\u00e9es<\/a>Il est donc imp\u00e9ratif de s'attaquer aux nombreux facteurs intersect\u00e9s et syst\u00e9miques qui entra\u00eenent des disparit\u00e9s dans la pr\u00e9valence de l'ob\u00e9sit\u00e9.<\/li>\n<\/ul>\n\n\n\n<p class=\"has-large-font-size wp-block-paragraph\"><strong>Messages \u00e0 emporter<\/strong><\/p>\n\n\n\n<ul class=\"wp-block-list\">\n<li><strong>Le changement de syst\u00e8me est essentiel :<\/strong> Pour lutter efficacement contre l'ob\u00e9sit\u00e9, il faut passer de la responsabilit\u00e9 individuelle \u00e0 des approches et des solutions syst\u00e9miques globales.<\/li>\n\n\n\n<li><a href=\"https:\/\/www.annualreviews.org\/content\/journals\/10.1146\/annurev-publhealth-060922-044108\"><strong>Promouvoir l'\u00e9quit\u00e9 en mati\u00e8re de sant\u00e9<\/strong><\/a><strong> est essentielle :<\/strong> Le fait de se concentrer sur les changements syst\u00e9miques et d'adopter une optique d'\u00e9quit\u00e9 en mati\u00e8re de sant\u00e9 peut conduire \u00e0 l'\u00e9laboration de solutions et d'approches plus \u00e9quitables et plus inclusives pour le traitement et la pr\u00e9vention de l'ob\u00e9sit\u00e9.<\/li>\n\n\n\n<li><strong>La lutte contre la stigmatisation de l'ob\u00e9sit\u00e9 est une priorit\u00e9 mondiale :<\/strong> Un r\u00e9cent <a href=\"https:\/\/onlinelibrary.wiley.com\/doi\/full\/10.1111\/obr.13642\">D\u00e9claration de position de la F\u00e9d\u00e9ration mondiale de l'ob\u00e9sit\u00e9<\/a> a formul\u00e9 plusieurs recommandations fond\u00e9es sur des donn\u00e9es probantes pour lutter contre la stigmatisation du poids et ses effets n\u00e9fastes \u00e0 l'\u00e9chelle mondiale.<\/li>\n\n\n\n<li><a href=\"https:\/\/www.annualreviews.org\/content\/journals\/10.1146\/annurev-publhealth-060922-044108\"><strong>Collaboration intersectorielle<\/strong><\/a><strong> est essentielle :<\/strong> Les gouvernements, les d\u00e9cideurs politiques, les prestataires de soins de sant\u00e9, les urbanistes, les \u00e9ducateurs, les chercheurs et les communaut\u00e9s doivent travailler ensemble pour lutter contre l'ob\u00e9sit\u00e9 et d\u00e9velopper des preuves de l'application concr\u00e8te des approches syst\u00e9miques du traitement de l'ob\u00e9sit\u00e9 et de la lutte contre l'ob\u00e9sit\u00e9. <a href=\"https:\/\/www.frontiersin.org\/journals\/public-health\/articles\/10.3389\/fpubh.2023.1015492\/full\">la pr\u00e9vention<\/a>.<\/li>\n<\/ul>\n\n\n\n<p class=\"wp-block-paragraph\">La Journ\u00e9e mondiale de l'ob\u00e9sit\u00e9 2025 est un appel \u00e0 l'action pour <a href=\"https:\/\/www.worldobesityday.org\/\">\"mettre un coup de projecteur\"<\/a> sur l'ob\u00e9sit\u00e9 en tant que d\u00e9fi sanitaire mondial, ce qui n\u00e9cessite de se concentrer sur les nombreux syst\u00e8mes et facteurs qui influencent cette maladie chronique. Il est essentiel de passer de la responsabilit\u00e9 individuelle au changement syst\u00e9mique, \u00e0 l'\u00e9chelle mondiale et dans une optique d'\u00e9quit\u00e9 en mati\u00e8re de sant\u00e9, pour s'attaquer \u00e0 l'ob\u00e9sit\u00e9 et aux disparit\u00e9s li\u00e9es \u00e0 l'ob\u00e9sit\u00e9, et pour lutter contre la stigmatisation li\u00e9e au poids. Ce n'est qu'en travaillant ensemble pour s'attaquer \u00e0 ces obstacles structurels que nous pourrons cr\u00e9er un avenir o\u00f9 une meilleure sant\u00e9 sera plus accessible \u00e0 tous.<\/p>\n\n\n\n<p class=\"wp-block-paragraph\"><strong>Auteur: :<\/strong><\/p>\n\n\n\n<div class=\"wp-block-media-text is-stacked-on-mobile\" style=\"grid-template-columns:15% auto\"><figure class=\"wp-block-media-text__media\"><img decoding=\"async\" width=\"720\" height=\"1080\" src=\"https:\/\/ispah.tecology-hosting.co\/wp-content\/uploads\/2025\/03\/Shauna11of30-720x1080.webp\" alt=\"Shauna(11de30)\" class=\"wp-image-33442 size-full\" srcset=\"https:\/\/ispah.tecology-hosting.co\/wp-content\/uploads\/2025\/03\/Shauna11of30-720x1080.webp 720w, https:\/\/ispah.tecology-hosting.co\/wp-content\/uploads\/2025\/03\/Shauna11of30-640x960.webp 640w, https:\/\/ispah.tecology-hosting.co\/wp-content\/uploads\/2025\/03\/Shauna11of30-768x1152.webp 768w, https:\/\/ispah.tecology-hosting.co\/wp-content\/uploads\/2025\/03\/Shauna11of30-1024x1536.webp 1024w, https:\/\/ispah.tecology-hosting.co\/wp-content\/uploads\/2025\/03\/Shauna11of30.webp 1280w\" sizes=\"(max-width: 720px) 100vw, 720px\" \/><\/figure><div class=\"wp-block-media-text__content\">\n<p class=\"wp-block-paragraph\">Dr Shauna Burke | Facult\u00e9 des sciences de la sant\u00e9, Western University, London, Ontario, Canada &amp; Children's Health Research Institute, London, Ontario, Canada<\/p>\n<\/div><\/div>\n\n\n\n<div class=\"wp-block-media-text is-stacked-on-mobile\" style=\"grid-template-columns:15% auto\"><figure class=\"wp-block-media-text__media\"><img decoding=\"async\" width=\"863\" height=\"1080\" src=\"https:\/\/ispah.tecology-hosting.co\/wp-content\/uploads\/2025\/03\/Sophie-Phillips-863x1080.webp\" alt=\"Sophie Phillips\" class=\"wp-image-33443 size-full\" srcset=\"https:\/\/ispah.tecology-hosting.co\/wp-content\/uploads\/2025\/03\/Sophie-Phillips-863x1080.webp 863w, https:\/\/ispah.tecology-hosting.co\/wp-content\/uploads\/2025\/03\/Sophie-Phillips-767x960.webp 767w, https:\/\/ispah.tecology-hosting.co\/wp-content\/uploads\/2025\/03\/Sophie-Phillips-768x961.webp 768w, https:\/\/ispah.tecology-hosting.co\/wp-content\/uploads\/2025\/03\/Sophie-Phillips-1227x1536.webp 1227w, https:\/\/ispah.tecology-hosting.co\/wp-content\/uploads\/2025\/03\/Sophie-Phillips.webp 1534w\" sizes=\"(max-width: 863px) 100vw, 863px\" \/><\/figure><div class=\"wp-block-media-text__content\">\n<p class=\"wp-block-paragraph\">Dr Sophie Phillips | Facult\u00e9 des sciences de la sant\u00e9, Western University, London, Ontario, Canada<\/p>\n<\/div><\/div>","protected":false},"excerpt":{"rendered":"<p>Why a Day for Obesity? Obesity remains widely misunderstood; primarily because many people still attribute this disease to be the consequence of personal choices. Unfortunately, such (mis)beliefs can lead to weight-related stigma, bias, and discrimination\u2014harmful, widespread attitudes, stereotypes, and actions that have negative impacts at both individual and societal levels. What\u2019s the Story? Obesity&nbsp;has been [&hellip;]<\/p>\n","protected":false},"author":1154,"featured_media":33448,"comment_status":"closed","ping_status":"closed","sticky":false,"template":"","format":"standard","meta":{"_jf_schedule_form":"","_jf_limit_responses":"","country-income-classification":"","slim_seo":{"title":"World Obesity Day 2025: ISPAH Supports a Systems Focus for Healthier Lives - ISPAH","description":"Pourquoi une journ\u00e9e de l'ob\u00e9sit\u00e9 ? L'ob\u00e9sit\u00e9 reste largement incomprise, principalement parce que de nombreuses personnes consid\u00e8rent encore que cette maladie est la cons\u00e9quence d'un choix personnel"},"_slim_seo_primary_term_category":0,"_slim_seo_primary_term_post_tag":0,"footnotes":""},"categories":[82,23],"tags":[338,336,339,337],"class_list":["post-33441","post","type-post","status-publish","format-standard","has-post-thumbnail","hentry","category-8-investments","category-blog","tag-health-equity","tag-obesity","tag-stigma","tag-systems-change"],"_links":{"self":[{"href":"https:\/\/ispah.tecology-hosting.co\/fr\/wp-json\/wp\/v2\/posts\/33441","targetHints":{"allow":["GET"]}}],"collection":[{"href":"https:\/\/ispah.tecology-hosting.co\/fr\/wp-json\/wp\/v2\/posts"}],"about":[{"href":"https:\/\/ispah.tecology-hosting.co\/fr\/wp-json\/wp\/v2\/types\/post"}],"author":[{"embeddable":true,"href":"https:\/\/ispah.tecology-hosting.co\/fr\/wp-json\/wp\/v2\/users\/1154"}],"replies":[{"embeddable":true,"href":"https:\/\/ispah.tecology-hosting.co\/fr\/wp-json\/wp\/v2\/comments?post=33441"}],"version-history":[{"count":0,"href":"https:\/\/ispah.tecology-hosting.co\/fr\/wp-json\/wp\/v2\/posts\/33441\/revisions"}],"wp:featuredmedia":[{"embeddable":true,"href":"https:\/\/ispah.tecology-hosting.co\/fr\/wp-json\/wp\/v2\/media\/33448"}],"wp:attachment":[{"href":"https:\/\/ispah.tecology-hosting.co\/fr\/wp-json\/wp\/v2\/media?parent=33441"}],"wp:term":[{"taxonomy":"category","embeddable":true,"href":"https:\/\/ispah.tecology-hosting.co\/fr\/wp-json\/wp\/v2\/categories?post=33441"},{"taxonomy":"post_tag","embeddable":true,"href":"https:\/\/ispah.tecology-hosting.co\/fr\/wp-json\/wp\/v2\/tags?post=33441"}],"curies":[{"name":"wp","href":"https:\/\/api.w.org\/{rel}","templated":true}]}}