{"id":30926,"date":"2024-12-09T03:17:37","date_gmt":"2024-12-09T03:17:37","guid":{"rendered":"https:\/\/ispah.tecology-hosting.co\/?p=30926"},"modified":"2025-01-08T16:32:35","modified_gmt":"2025-01-08T16:32:35","slug":"paris-2024-un-evenement-marquant-pour-la-communaute-internationale-de-lactivite-physique","status":"publish","type":"post","link":"https:\/\/ispah.tecology-hosting.co\/fr\/paris-2024-a-landmark-event-for-the-international-physical-activity-community\/","title":{"rendered":"Paris 2024 : Un \u00e9v\u00e9nement marquant pour la communaut\u00e9 internationale de l'activit\u00e9 physique\u00a0"},"content":{"rendered":"<p class=\"wp-block-paragraph\">Le 10e congr\u00e8s de l'ISPAH \u00e0 Paris s'est achev\u00e9 avec succ\u00e8s. Organis\u00e9 par la Soci\u00e9t\u00e9 fran\u00e7aise de sant\u00e9 publique (SFSP) et parrain\u00e9 par l'Organisation mondiale de la sant\u00e9 (OMS), le congr\u00e8s s'est d\u00e9roul\u00e9 du 28 au 31 octobre 2024 avec des ateliers, des symposiums, des conf\u00e9rences et des pr\u00e9sentations sur le paysage mondial de la sant\u00e9 publique. Le congr\u00e8s a rassembl\u00e9 des chercheurs, des praticiens et des d\u00e9cideurs politiques du monde entier. Paris a fourni une toile de fond inspirante, la ville profitant de l'\u00e9lan des Jeux olympiques de 2024 pour faire avancer les initiatives de sant\u00e9 publique et son engagement fort en faveur de la promotion de l'activit\u00e9 physique.<\/p>\n\n\n\n<hr class=\"wp-block-separator has-alpha-channel-opacity is-style-wide is-style-wide--1\"\/>\n\n\n\n<div class=\"wp-block-group has-global-padding is-layout-constrained wp-block-group-is-layout-constrained\" style=\"margin-top:var(--wp--preset--spacing--20);margin-bottom:var(--wp--preset--spacing--20)\">\n<div class=\"wp-block-columns alignwide are-vertically-aligned-top is-layout-flex wp-container-core-columns-is-layout-1e8f0723 wp-block-columns-is-layout-flex\" style=\"margin-top:0;margin-bottom:0;padding-right:0;padding-left:0\">\n<div class=\"wp-block-column is-vertically-aligned-top is-layout-flow wp-container-core-column-is-layout-a67750dc wp-block-column-is-layout-flow\">\n<h3 class=\"wp-block-heading has-medium-font-size\"><strong>Une ville qui montre la voie<\/strong>\u00a0<\/h3>\n\n\n\n<p class=\"wp-block-paragraph\">Paris a saisi l'occasion de pr\u00e9senter ses efforts pour cr\u00e9er un environnement actif et inclusif. Les actions locales, align\u00e9es sur l'h\u00e9ritage olympique de la ville pour 2024, ont mis en lumi\u00e8re des approches innovantes pour int\u00e9grer l'activit\u00e9 physique dans la vie quotidienne. Les congressistes ont pu constater de visu les initiatives de la ville visant \u00e0 r\u00e9duire l'inactivit\u00e9 physique et \u00e0 am\u00e9liorer la sant\u00e9 de la population, renfor\u00e7ant ainsi le r\u00f4le du site h\u00f4te en tant que chef de file de la sant\u00e9 publique mondiale.\u00a0<\/p>\n<\/div>\n\n\n\n<div class=\"wp-block-column is-vertically-aligned-top is-layout-flow wp-block-column-is-layout-flow\" style=\"padding-top:0;padding-bottom:0\">\n<figure data-wp-context=\"{&quot;imageId&quot;:&quot;6a9d5a46240fd&quot;}\" data-wp-interactive=\"core\/image\" data-wp-key=\"6a9d5a46240fd\" class=\"wp-block-image size-full is-style-default wp-lightbox-container\"><img decoding=\"async\" width=\"1146\" height=\"1163\" data-wp-class--hide=\"state.isContentHidden\" data-wp-class--show=\"state.isContentVisible\" data-wp-init=\"callbacks.setButtonStyles\" data-wp-on--click=\"actions.showLightbox\" data-wp-on--load=\"callbacks.setButtonStyles\" data-wp-on--pointerdown=\"actions.preloadImage\" data-wp-on--pointerenter=\"actions.preloadImageWithDelay\" data-wp-on--pointerleave=\"actions.cancelPreload\" data-wp-on-window--resize=\"callbacks.setButtonStyles\" src=\"https:\/\/ispah.tecology-hosting.co\/wp-content\/uploads\/2024\/12\/IMG-20241030-WA0022-1.jpg\" alt=\"Img 20241030 Wa0022\" class=\"wp-image-30930\" srcset=\"https:\/\/ispah.tecology-hosting.co\/wp-content\/uploads\/2024\/12\/IMG-20241030-WA0022-1.jpg 1146w, https:\/\/ispah.tecology-hosting.co\/wp-content\/uploads\/2024\/12\/IMG-20241030-WA0022-1-296x300.jpg 296w, https:\/\/ispah.tecology-hosting.co\/wp-content\/uploads\/2024\/12\/IMG-20241030-WA0022-1-1009x1024.jpg 1009w, https:\/\/ispah.tecology-hosting.co\/wp-content\/uploads\/2024\/12\/IMG-20241030-WA0022-1-768x779.jpg 768w\" sizes=\"(max-width: 1146px) 100vw, 1146px\" \/><button\n\t\t\tclass=\"lightbox-trigger\"\n\t\t\ttype=\"button\"\n\t\t\taria-haspopup=\"dialog\"\n\t\t\tdata-wp-bind--aria-label=\"state.thisImage.triggerButtonAriaLabel\"\n\t\t\tdata-wp-init=\"callbacks.initTriggerButton\"\n\t\t\tdata-wp-on--click=\"actions.showLightbox\"\n\t\t\tdata-wp-style--right=\"state.thisImage.buttonRight\"\n\t\t\tdata-wp-style--top=\"state.thisImage.buttonTop\"\n\t\t>\n\t\t\t<svg xmlns=\"http:\/\/www.w3.org\/2000\/svg\" width=\"12\" height=\"12\" fill=\"none\" viewbox=\"0 0 12 12\">\n\t\t\t\t<path fill=\"#fff\" d=\"M2 0a2 2 0 0 0-2 2v2h1.5V2a.5.5 0 0 1 .5-.5h2V0H2Zm2 10.5H2a.5.5 0 0 1-.5-.5V8H0v2a2 2 0 0 0 2 2h2v-1.5ZM8 12v-1.5h2a.5.5 0 0 0 .5-.5V8H12v2a2 2 0 0 1-2 2H8Zm2-12a2 2 0 0 1 2 2v2h-1.5V2a.5.5 0 0 0-.5-.5H8V0h2Z\" \/>\n\t\t\t<\/svg>\n\t\t<\/button><figcaption class=\"wp-element-caption\">Cr\u00e9dit photo : Amandine Baron<\/figcaption><\/figure>\n<\/div>\n<\/div>\n<\/div>\n\n\n\n<hr class=\"wp-block-separator has-alpha-channel-opacity is-style-wide is-style-wide--2\"\/>\n\n\n\n<p class=\"wp-block-paragraph\"><strong>Le r\u00f4le de la Soci\u00e9t\u00e9 fran\u00e7aise de sant\u00e9 publique (SFSP)<\/strong>&nbsp;<\/p>\n\n\n\n<p class=\"wp-block-paragraph\">La SFSP a jou\u00e9 un r\u00f4le central dans l'organisation du congr\u00e8s, mettant en avant son leadership dans la promotion de la collaboration entre les professionnels de la sant\u00e9 publique, les chercheurs et les d\u00e9cideurs politiques. Avec plus de 80 associations membres et un large r\u00e9seau d'experts, la SFSP a facilit\u00e9 les discussions qui ont abord\u00e9 les d\u00e9fis multidisciplinaires de la promotion de l'activit\u00e9 physique. L'engagement de la soci\u00e9t\u00e9 \u00e0 cr\u00e9er un d\u00e9bat public et \u00e0 influencer les politiques a \u00e9t\u00e9 \u00e9vident tout au long du congr\u00e8s, fournissant une base solide pour de futurs efforts de collaboration.&nbsp;<\/p>\n\n\n\n<p class=\"wp-block-paragraph\"><strong>Un rassemblement marquant<\/strong>&nbsp;<\/p>\n\n\n\n<p class=\"wp-block-paragraph\">Le Congr\u00e8s ISPAH 2024 a attir\u00e9 un r\u00e9seau diversifi\u00e9 de plus de 900 d\u00e9l\u00e9gu\u00e9s du monde entier. Les participants ont particip\u00e9 \u00e0 des discussions anim\u00e9es sur les derni\u00e8res recherches, ont partag\u00e9 des id\u00e9es politiques et ont explor\u00e9 les meilleures pratiques pour lutter contre les in\u00e9galit\u00e9s en mati\u00e8re de participation \u00e0 l'activit\u00e9 physique. Le congr\u00e8s a propos\u00e9 17 symposiums, plus de 300 pr\u00e9sentations orales et courtes et 407 pr\u00e9sentations d'affiches qui ont abord\u00e9 des questions urgentes dans le domaine de la promotion de l'activit\u00e9 physique, des interventions \u00e9volutives \u00e0 la mise en \u0153uvre des politiques.&nbsp;<\/p>\n\n\n\n<figure data-wp-context=\"{&quot;imageId&quot;:&quot;6a9d5a4624a18&quot;}\" data-wp-interactive=\"core\/image\" data-wp-key=\"6a9d5a4624a18\" class=\"wp-block-image size-large wp-lightbox-container\"><img decoding=\"async\" width=\"1024\" height=\"683\" data-wp-class--hide=\"state.isContentHidden\" data-wp-class--show=\"state.isContentVisible\" data-wp-init=\"callbacks.setButtonStyles\" data-wp-on--click=\"actions.showLightbox\" data-wp-on--load=\"callbacks.setButtonStyles\" data-wp-on--pointerdown=\"actions.preloadImage\" data-wp-on--pointerenter=\"actions.preloadImageWithDelay\" data-wp-on--pointerleave=\"actions.cancelPreload\" data-wp-on-window--resize=\"callbacks.setButtonStyles\" src=\"https:\/\/ispah.tecology-hosting.co\/wp-content\/uploads\/2024\/12\/IMG_3663-1024x683.jpg\" alt=\"Img 3663\" class=\"wp-image-30928\" srcset=\"https:\/\/ispah.tecology-hosting.co\/wp-content\/uploads\/2024\/12\/IMG_3663-1024x683.jpg 1024w, https:\/\/ispah.tecology-hosting.co\/wp-content\/uploads\/2024\/12\/IMG_3663-300x200.jpg 300w, https:\/\/ispah.tecology-hosting.co\/wp-content\/uploads\/2024\/12\/IMG_3663-768x512.jpg 768w, https:\/\/ispah.tecology-hosting.co\/wp-content\/uploads\/2024\/12\/IMG_3663-1536x1024.jpg 1536w, https:\/\/ispah.tecology-hosting.co\/wp-content\/uploads\/2024\/12\/IMG_3663-2048x1365.jpg 2048w\" sizes=\"(max-width: 1024px) 100vw, 1024px\" \/><button\n\t\t\tclass=\"lightbox-trigger\"\n\t\t\ttype=\"button\"\n\t\t\taria-haspopup=\"dialog\"\n\t\t\tdata-wp-bind--aria-label=\"state.thisImage.triggerButtonAriaLabel\"\n\t\t\tdata-wp-init=\"callbacks.initTriggerButton\"\n\t\t\tdata-wp-on--click=\"actions.showLightbox\"\n\t\t\tdata-wp-style--right=\"state.thisImage.buttonRight\"\n\t\t\tdata-wp-style--top=\"state.thisImage.buttonTop\"\n\t\t>\n\t\t\t<svg xmlns=\"http:\/\/www.w3.org\/2000\/svg\" width=\"12\" height=\"12\" fill=\"none\" viewbox=\"0 0 12 12\">\n\t\t\t\t<path fill=\"#fff\" d=\"M2 0a2 2 0 0 0-2 2v2h1.5V2a.5.5 0 0 1 .5-.5h2V0H2Zm2 10.5H2a.5.5 0 0 1-.5-.5V8H0v2a2 2 0 0 0 2 2h2v-1.5ZM8 12v-1.5h2a.5.5 0 0 0 .5-.5V8H12v2a2 2 0 0 1-2 2H8Zm2-12a2 2 0 0 1 2 2v2h-1.5V2a.5.5 0 0 0-.5-.5H8V0h2Z\" \/>\n\t\t\t<\/svg>\n\t\t<\/button><figcaption class=\"wp-element-caption\">Cr\u00e9dit photo : Amandine Baron<\/figcaption><\/figure>\n\n\n\n<p class=\"wp-block-paragraph\"><strong>Faits marquants du congr\u00e8s<\/strong>&nbsp;<\/p>\n\n\n\n<p class=\"wp-block-paragraph\">L'un des th\u00e8mes principaux du congr\u00e8s \u00e9tait le besoin urgent d'acc\u00e9l\u00e9rer les politiques et les pratiques afin de garantir l'activit\u00e9 physique pour tous. L'\u00e9v\u00e9nement a permis de partager des strat\u00e9gies fond\u00e9es sur des donn\u00e9es probantes et des mod\u00e8les innovants qui peuvent \u00eatre adapt\u00e9s \u00e0 diff\u00e9rents contextes et populations. Les chercheurs ont pr\u00e9sent\u00e9 de nouvelles d\u00e9couvertes sur les bienfaits de l'activit\u00e9 physique pour la sant\u00e9, tandis que les d\u00e9cideurs politiques ont partag\u00e9 des exemples de r\u00e9ussite dans la mise en \u0153uvre d'interventions au niveau communautaire.&nbsp;<\/p>\n\n\n\n<p class=\"wp-block-paragraph\"><strong>Un catalyseur de changement et un regard vers l'avenir<\/strong>&nbsp;<\/p>\n\n\n\n<p class=\"wp-block-paragraph\">Les discussions et les possibilit\u00e9s de mise en r\u00e9seau ont suscit\u00e9 de nouvelles id\u00e9es et forg\u00e9 des partenariats solides qui continueront \u00e0 faire progresser le domaine de la promotion de l'activit\u00e9 physique. Le congr\u00e8s a soulign\u00e9 l'importance d'int\u00e9grer l'activit\u00e9 physique dans les programmes de sant\u00e9 publique et a mis en \u00e9vidence la n\u00e9cessit\u00e9 de d\u00e9ployer des efforts soutenus pour cr\u00e9er des environnements favorables \u00e0 une vie active.&nbsp;<\/p>\n\n\n\n<p class=\"wp-block-paragraph\">\u00c0 la fin du congr\u00e8s, le message \u00e9tait clair : le temps de l'action est venu. La dynamique cr\u00e9\u00e9e lors du Congr\u00e8s ISPAH 2024 se poursuivra, \u00e9clairant les recherches futures, les d\u00e9cisions politiques et les initiatives communautaires. Les participants ont quitt\u00e9 Paris avec la vision de rendre l'activit\u00e9 physique accessible \u00e0 tous.&nbsp;<\/p>\n\n\n\n<p class=\"wp-block-paragraph\">Le Congr\u00e8s ISPAH 2024 a \u00e9t\u00e9 un \u00e9v\u00e9nement marquant, ouvrant la voie \u00e0 un monde plus sain et plus actif. Nous sommes impatients de voir les progr\u00e8s et l'impact continus alors que nous travaillons ensemble pour atteindre l'objectif mondial de r\u00e9duire l'inactivit\u00e9 physique de 15% d'ici 2030.&nbsp;<\/p>\n\n\n\n<p class=\"wp-block-paragraph\">Merci \u00e0 tous ceux qui nous ont rejoints \u00e0 Paris. Votre participation et vos contributions ont fait de ce congr\u00e8s un succ\u00e8s inoubliable.&nbsp;<\/p>","protected":false},"excerpt":{"rendered":"<p>The 10th ISPAH Congress in Paris has come to a successful conclusion. Co-hosted by the French Society of Public Health (SFSP) with co-sponsorship from the World Health Organisation (WHO), the congress took place from October 28-31, 2024 with workshops, symposiums, keynotes, and presentations on the global public health landscape. The congress brought together researchers, practitioners, [&hellip;]<\/p>\n","protected":false},"author":1808,"featured_media":30928,"comment_status":"closed","ping_status":"closed","sticky":false,"template":"","format":"standard","meta":{"_jf_schedule_form":"","_jf_limit_responses":"","country-income-classification":"","slim_seo":{"title":"Paris 2024: A Landmark Event for the International Physical Activity Community\u00a0 - ISPAH","description":"Le 10e congr\u00e8s de l'ISPAH \u00e0 Paris s'est achev\u00e9 avec succ\u00e8s. Organis\u00e9 par la Soci\u00e9t\u00e9 fran\u00e7aise de sant\u00e9 publique (SFSP) avec le soutien de l'Organisation mondiale de la sant\u00e9 (OMS), le congr\u00e8s a \u00e9t\u00e9 un succ\u00e8s."},"_slim_seo_primary_term_category":0,"_slim_seo_primary_term_post_tag":0,"footnotes":""},"categories":[23],"tags":[],"class_list":["post-30926","post","type-post","status-publish","format-standard","has-post-thumbnail","hentry","category-blog"],"_links":{"self":[{"href":"https:\/\/ispah.tecology-hosting.co\/fr\/wp-json\/wp\/v2\/posts\/30926","targetHints":{"allow":["GET"]}}],"collection":[{"href":"https:\/\/ispah.tecology-hosting.co\/fr\/wp-json\/wp\/v2\/posts"}],"about":[{"href":"https:\/\/ispah.tecology-hosting.co\/fr\/wp-json\/wp\/v2\/types\/post"}],"author":[{"embeddable":true,"href":"https:\/\/ispah.tecology-hosting.co\/fr\/wp-json\/wp\/v2\/users\/1808"}],"replies":[{"embeddable":true,"href":"https:\/\/ispah.tecology-hosting.co\/fr\/wp-json\/wp\/v2\/comments?post=30926"}],"version-history":[{"count":0,"href":"https:\/\/ispah.tecology-hosting.co\/fr\/wp-json\/wp\/v2\/posts\/30926\/revisions"}],"wp:featuredmedia":[{"embeddable":true,"href":"https:\/\/ispah.tecology-hosting.co\/fr\/wp-json\/wp\/v2\/media\/30928"}],"wp:attachment":[{"href":"https:\/\/ispah.tecology-hosting.co\/fr\/wp-json\/wp\/v2\/media?parent=30926"}],"wp:term":[{"taxonomy":"category","embeddable":true,"href":"https:\/\/ispah.tecology-hosting.co\/fr\/wp-json\/wp\/v2\/categories?post=30926"},{"taxonomy":"post_tag","embeddable":true,"href":"https:\/\/ispah.tecology-hosting.co\/fr\/wp-json\/wp\/v2\/tags?post=30926"}],"curies":[{"name":"wp","href":"https:\/\/api.w.org\/{rel}","templated":true}]}}