{"id":29583,"date":"2024-06-28T12:19:13","date_gmt":"2024-06-28T11:19:13","guid":{"rendered":"https:\/\/ispah.tecology-hosting.co\/?p=29583"},"modified":"2024-06-28T12:22:40","modified_gmt":"2024-06-28T11:22:40","slug":"devoiler-les-nouvelles-estimations-de-loms-sur-linactivite-physique-dans-le-monde-un-appel-a-laction-de-lispah","status":"publish","type":"post","link":"https:\/\/ispah.tecology-hosting.co\/fr\/unveiling-whos-new-global-physical-inactivity-estimates-a-call-to-action-from-ispah\/","title":{"rendered":"Pr\u00e9sentation des nouvelles estimations de l'OMS sur l'inactivit\u00e9 physique dans le monde : Un appel \u00e0 l'action de l'ISPAH\u00a0"},"content":{"rendered":"<p class=\"wp-block-paragraph\">R\u00e9cemment, l'Organisation mondiale de la sant\u00e9 (OMS) a publi\u00e9 sur son site web de nouvelles estimations mondiales comparables de l'inactivit\u00e9 physique chez les adultes (<a href=\"https:\/\/iris.who.int\/handle\/10665\/378026\" target=\"_blank\" rel=\"noreferrer noopener\">https:\/\/iris.who.int\/handle\/10665\/378026<\/a>) et un article complet dans The Lancet Global health (<a href=\"https:\/\/doi.org\/10.1016\/S2214-109X(24)00150-5\" target=\"_blank\" rel=\"noreferrer noopener\">https:\/\/doi.org\/10.1016\/S2214-109X(24)00150-5<\/a> ). Cette analyse identifie les pays qui, selon les estimations, sont \"en bonne voie\" pour atteindre l'objectif de r\u00e9duction de l'inactivit\u00e9 physique fix\u00e9 pour 2030. Nous encourageons la communaut\u00e9 ISPAH \u00e0 s'int\u00e9resser aux conclusions de cette importante analyse et \u00e0 partager les actions cl\u00e9s avec les gouvernements et les parties prenantes, en les appelant \u00e0 s'engager \u00e0 cr\u00e9er un monde plus actif et plus sain.&nbsp;<\/p>\n\n\n\n<p class=\"wp-block-paragraph\">Pour en savoir plus sur les r\u00e9sultats et les implications pour la politique, la recherche et la pratique, l'ISPAH vous encourage \u00e0 participer \u00e0 deux webinaires cruciaux organis\u00e9s par l'OMS les 2 et 3 juillet 2024. Ces webinaires pr\u00e9senteront un r\u00e9sum\u00e9 des principales conclusions de la derni\u00e8re \u00e9valuation mondiale des niveaux d'inactivit\u00e9 physique dans le monde, et approfondiront l'\u00e9laboration des estimations. Pour plus d'informations sur les webinaires, cliquez sur les liens ci-dessous.&nbsp;&nbsp;<\/p>\n\n\n\n<p class=\"wp-block-paragraph\"><strong>Webinaire 1 : Lancement des nouvelles estimations de l'OMS sur l'inactivit\u00e9 physique chez les adultes<\/strong>&nbsp;<\/p>\n\n\n\n<p class=\"wp-block-paragraph\">Date : 2 juillet 2024&nbsp;<\/p>\n\n\n\n<p class=\"wp-block-paragraph\">Heure : 14:00 - 15:30 CET&nbsp;<\/p>\n\n\n\n<p class=\"wp-block-paragraph\">Lieu : Ev\u00e9nement en ligne, Gen\u00e8ve&nbsp;&nbsp;<\/p>\n\n\n\n<p class=\"wp-block-paragraph\">Informations : <a href=\"https:\/\/www.who.int\/news-room\/events\/detail\/2024\/07\/02\/default-calendar\/launch-of-new-who-estimates-of-physical-inactivity-in-adults\" target=\"_blank\" rel=\"noreferrer noopener\">https:\/\/www.who.int\/news-room\/events\/detail\/2024\/07\/02\/default-calendar\/launch-of-new-who-estimates-of-physical-inactivity-in-adults<\/a>&nbsp;&nbsp;<\/p>\n\n\n\n<p class=\"wp-block-paragraph\">Inscription :&nbsp; <a href=\"https:\/\/who.zoom.us\/webinar\/register\/WN_MXXDoKKiROShGCEHPt_GRw#\/registration\" target=\"_blank\" rel=\"noreferrer noopener\">https:\/\/who.zoom.us\/webinar\/register\/WN_MXXDoKKiROShGCEHPt_GRw#\/registration<\/a>&nbsp;&nbsp;<\/p>\n\n\n\n<p class=\"wp-block-paragraph\"><strong>Webinaire 2 : Approfondissement de l'\u00e9laboration des nouvelles estimations mondiales comparables de l'OMS sur l'inactivit\u00e9 physique chez les adultes<\/strong>&nbsp;<\/p>\n\n\n\n<p class=\"wp-block-paragraph\">Date : 3 juillet 2024&nbsp;<\/p>\n\n\n\n<p class=\"wp-block-paragraph\">Heure : 15:00 - 16:15 CET&nbsp;<\/p>\n\n\n\n<p class=\"wp-block-paragraph\">Lieu : Ev\u00e9nement en ligne, Gen\u00e8ve&nbsp;<br>&nbsp;<br>Informations : <a href=\"https:\/\/www.who.int\/news-room\/events\/detail\/2024\/07\/03\/default-calendar\/webinar--a-deep-dive-into-the-development-of-new-who-global-comparable-estimates-of-physical-inactivity-in-adults\" target=\"_blank\" rel=\"noreferrer noopener\">https:\/\/www.who.int\/news-room\/events\/detail\/2024\/07\/03\/default-calendar\/webinar&#8211;a-deep-dive-into-the-development-of-new-who-global-comparable-estimates-of-physical-inactivity-in-adults<\/a>&nbsp;<\/p>\n\n\n\n<p class=\"wp-block-paragraph\">S'inscrire : <a href=\"https:\/\/who.zoom.us\/webinar\/register\/WN_VaccmRERR7ykgMTzqr8s8g#\/registration\" target=\"_blank\" rel=\"noreferrer noopener\">https:\/\/who.zoom.us\/webinar\/register\/WN_VaccmRERR7ykgMTzqr8s8g#\/registration<\/a>&nbsp;&nbsp;<\/p>\n\n\n\n<p class=\"wp-block-paragraph\"><strong>Pourquoi c'est important<\/strong>&nbsp;<\/p>\n\n\n\n<p class=\"wp-block-paragraph\">L'activit\u00e9 physique est la pierre angulaire d'une vie saine. Une activit\u00e9 r\u00e9guli\u00e8re contribue \u00e0 pr\u00e9venir les maladies non transmissibles, \u00e0 am\u00e9liorer la sant\u00e9 mentale et le bien-\u00eatre g\u00e9n\u00e9ral. Toutefois, les nouvelles estimations de l'OMS r\u00e9v\u00e8lent que l'inactivit\u00e9 physique reste un probl\u00e8me de sant\u00e9 publique important \u00e0 l'\u00e9chelle mondiale.&nbsp;<\/p>\n\n\n\n<p class=\"wp-block-paragraph\">Ces webinaires sont plus que de simples pr\u00e9sentations - ils sont un appel \u00e0 l'action. En comprenant les donn\u00e9es et leurs implications, nous pouvons mieux d\u00e9fendre les politiques et les pratiques qui promeuvent l'activit\u00e9 physique \u00e0 tous les niveaux. Les connaissances acquises nous permettront de prendre des mesures significatives pour r\u00e9duire l'inactivit\u00e9 et favoriser un monde plus sain et plus actif.&nbsp;<\/p>\n\n\n\n<p class=\"wp-block-paragraph\">Ne manquez pas cette occasion de participer \u00e0 la conversation. Inscrivez-vous d\u00e8s maintenant pour garantir votre place \u00e0 ces webinaires importants. Des services d'interpr\u00e9tation en espagnol et en fran\u00e7ais seront disponibles, garantissant ainsi l'accessibilit\u00e9 \u00e0 un public mondial.&nbsp;<\/p>","protected":false},"excerpt":{"rendered":"<p>Recently, the World Health Organization (WHO) published new global comparable estimates of physical inactivity in adults on their website (https:\/\/iris.who.int\/handle\/10665\/378026) and a full paper in The Lancet Global health (https:\/\/doi.org\/10.1016\/S2214-109X(24)00150-5 ). This analysis identifies which countries are estimated to be \u201con track\u201d to achieve the 2030 target for reducing physical inactivity. We encourage the ISPAH [&hellip;]<\/p>\n","protected":false},"author":1137,"featured_media":29584,"comment_status":"closed","ping_status":"closed","sticky":false,"template":"","format":"standard","meta":{"_jf_schedule_form":"","_jf_limit_responses":"","country-income-classification":"","slim_seo":{"title":"Unveiling WHO\u2019s New Global Physical Inactivity Estimates: A Call to Action from ISPAH\u00a0 - ISPAH","description":"R\u00e9cemment, l'Organisation mondiale de la sant\u00e9 (OMS) a publi\u00e9 sur son site web de nouvelles estimations mondiales comparables de l'inactivit\u00e9 physique chez les adultes ( https:\/\/iris.who.int)."},"_slim_seo_primary_term_category":0,"_slim_seo_primary_term_post_tag":0,"footnotes":""},"categories":[23],"tags":[87,88],"class_list":["post-29583","post","type-post","status-publish","format-standard","has-post-thumbnail","hentry","category-blog","tag-physical-activity","tag-sedentary-behaviour"],"_links":{"self":[{"href":"https:\/\/ispah.tecology-hosting.co\/fr\/wp-json\/wp\/v2\/posts\/29583","targetHints":{"allow":["GET"]}}],"collection":[{"href":"https:\/\/ispah.tecology-hosting.co\/fr\/wp-json\/wp\/v2\/posts"}],"about":[{"href":"https:\/\/ispah.tecology-hosting.co\/fr\/wp-json\/wp\/v2\/types\/post"}],"author":[{"embeddable":true,"href":"https:\/\/ispah.tecology-hosting.co\/fr\/wp-json\/wp\/v2\/users\/1137"}],"replies":[{"embeddable":true,"href":"https:\/\/ispah.tecology-hosting.co\/fr\/wp-json\/wp\/v2\/comments?post=29583"}],"version-history":[{"count":0,"href":"https:\/\/ispah.tecology-hosting.co\/fr\/wp-json\/wp\/v2\/posts\/29583\/revisions"}],"wp:featuredmedia":[{"embeddable":true,"href":"https:\/\/ispah.tecology-hosting.co\/fr\/wp-json\/wp\/v2\/media\/29584"}],"wp:attachment":[{"href":"https:\/\/ispah.tecology-hosting.co\/fr\/wp-json\/wp\/v2\/media?parent=29583"}],"wp:term":[{"taxonomy":"category","embeddable":true,"href":"https:\/\/ispah.tecology-hosting.co\/fr\/wp-json\/wp\/v2\/categories?post=29583"},{"taxonomy":"post_tag","embeddable":true,"href":"https:\/\/ispah.tecology-hosting.co\/fr\/wp-json\/wp\/v2\/tags?post=29583"}],"curies":[{"name":"wp","href":"https:\/\/api.w.org\/{rel}","templated":true}]}}