{"id":20671,"date":"2022-04-14T16:26:40","date_gmt":"2022-04-14T15:26:40","guid":{"rendered":"https:\/\/ispah.tecology-hosting.co\/?p=20671"},"modified":"2026-01-22T23:26:22","modified_gmt":"2026-01-22T23:26:22","slug":"webinaire-ispah-aspa-sur-la-sante-mentale-et-le-bien-etre-des-professionnels-en-debut-de-carriere-reseau-ispah-des-professionnels-en-debut-de-carriere","status":"publish","type":"post","link":"https:\/\/ispah.tecology-hosting.co\/fr\/ispah-aspa-webinar-addressing-mental-health-and-wellbeing-for-early-career-professionals-ispah-early-career-network\/","title":{"rendered":"Webinaire ISPAH\/ASPA : La sant\u00e9 mentale et le bien-\u00eatre des professionnels en d\u00e9but de carri\u00e8re : R\u00e9seau de d\u00e9but de carri\u00e8re de l'ISPAH"},"content":{"rendered":"<p class=\"wp-block-paragraph\">Au cours des deux derni\u00e8res ann\u00e9es, la sant\u00e9 mentale a \u00e9t\u00e9 mise au premier plan des conversations sur le lieu de travail et re\u00e7oit enfin la reconnaissance qu'elle m\u00e9rite. La pand\u00e9mie de COVID-19 a consid\u00e9rablement aggrav\u00e9 l'\u00e9tat de sant\u00e9 mentale de nombreuses personnes dans le monde. Il nous a donc sembl\u00e9 important de discuter de cette composante importante de la sant\u00e9 globale avec des experts de l'industrie et de l'enseignement sup\u00e9rieur, compte tenu des membres que nous servons dans le monde entier.<\/p>\n\n\n\n<p class=\"wp-block-paragraph\">C'est dans cette optique que l'ISPAH et les ECNs de l'ASPA se sont r\u00e9unis pour organiser un webinaire visant \u00e0 soutenir la sant\u00e9 mentale et le bien-\u00eatre des professionnels en d\u00e9but de carri\u00e8re. Nos intervenants sont :<\/p>\n\n\n\n<p class=\"wp-block-paragraph\">Catherine Draper de l'Universit\u00e9 de Witwatersrand et M. Ben Higgs, fondateur et directeur g\u00e9n\u00e9ral de la Rise Foundation.<\/p>\n\n\n\n<p class=\"wp-block-paragraph\"><strong>Format :<\/strong><br>Pr\u00e9sidence : Dr Gabriella Mcloughlin (Pr\u00e9sidente de l'ECN)<br>1. M. Ben Higgs (15 minutes)<br>2. Cathi Draper (15 minutes)<br>3. Questions et r\u00e9ponses interactives - 25 minutes<\/p>\n\n\n\n<p class=\"wp-block-paragraph\"><strong>A propos des intervenants :<\/strong><br>M. Ben Higgs est le fondateur et le directeur de la Rise Foundation Australia, une organisation d'\u00e9ducation \u00e0 la sant\u00e9 mentale et de r\u00e9silience communautaire fond\u00e9e sur l'exp\u00e9rience v\u00e9cue et s'appuyant sur des techniques et des outils fond\u00e9s sur des donn\u00e9es probantes.<\/p>\n\n\n\n<p class=\"wp-block-paragraph\">Le Dr Cathi Draper est l'ancienne pr\u00e9sidente de l'ISPAH. Cathi est professeur associ\u00e9 \u00e0 l'unit\u00e9 de recherche MRC\/Wits Developmental Pathways for Health de l'universit\u00e9 du Witwatersrand, et est \u00e9galement affili\u00e9e \u00e0 la division des sciences de l'exercice et de la m\u00e9decine du sport de l'universit\u00e9 du Cap, en Afrique du Sud.<\/p>\n\n\n\n<p class=\"wp-block-paragraph\"><a role=\"button\" href=\"https:\/\/us02web.zoom.us\/webinar\/register\/WN_NGG5CytPQXOZnsEzSSbGYA\" target=\"_blank\" rel=\"noopener\"><br>Cliquez ici pour vous inscrire<br><\/a><br><img decoding=\"async\" src=\"https:\/\/ispah.tecology-hosting.co\/wp-content\/uploads\/2022\/04\/ISPAH-ASPA-webinar-1024x515.png\" alt=\"\" width=\"800\" height=\"402\"><\/p>","protected":false},"excerpt":{"rendered":"<p>Over the last couple of years, mental health has been elevated to the forefront of conversations in the workplace and is finally getting the recognition it deserves. The COVID-19 pandemic has drastically worsened mental health status worldwide for many, and so we felt it important to discuss this important component to overall health with experts [&hellip;]<\/p>\n","protected":false},"author":610,"featured_media":17795,"comment_status":"closed","ping_status":"open","sticky":false,"template":"","format":"standard","meta":{"_jf_schedule_form":"","_jf_limit_responses":"","country-income-classification":"","slim_seo":{"title":"Webinaire ISPAH\/ASPA : La sant\u00e9 mentale et le bien-\u00eatre des professionnels en d\u00e9but de carri\u00e8re : R\u00e9seau de d\u00e9but de carri\u00e8re de l'ISPAH - ISPAH","description":"Au cours des deux derni\u00e8res ann\u00e9es, la sant\u00e9 mentale a \u00e9t\u00e9 mise au premier plan des conversations sur le lieu de travail et re\u00e7oit enfin la reconnaissance qu'elle m\u00e9rite. La pand\u00e9mie de COVID-19 a consid\u00e9rablement aggrav\u00e9 l'\u00e9tat de sant\u00e9 mentale de nombreuses personnes dans le monde, et il nous a donc sembl\u00e9 important de discuter de cette composante importante..."},"_slim_seo_primary_term_category":0,"_slim_seo_primary_term_post_tag":0,"footnotes":""},"categories":[39],"tags":[],"class_list":["post-20671","post","type-post","status-publish","format-standard","has-post-thumbnail","hentry","category-events"],"_links":{"self":[{"href":"https:\/\/ispah.tecology-hosting.co\/fr\/wp-json\/wp\/v2\/posts\/20671","targetHints":{"allow":["GET"]}}],"collection":[{"href":"https:\/\/ispah.tecology-hosting.co\/fr\/wp-json\/wp\/v2\/posts"}],"about":[{"href":"https:\/\/ispah.tecology-hosting.co\/fr\/wp-json\/wp\/v2\/types\/post"}],"author":[{"embeddable":true,"href":"https:\/\/ispah.tecology-hosting.co\/fr\/wp-json\/wp\/v2\/users\/610"}],"replies":[{"embeddable":true,"href":"https:\/\/ispah.tecology-hosting.co\/fr\/wp-json\/wp\/v2\/comments?post=20671"}],"version-history":[{"count":2,"href":"https:\/\/ispah.tecology-hosting.co\/fr\/wp-json\/wp\/v2\/posts\/20671\/revisions"}],"predecessor-version":[{"id":35354,"href":"https:\/\/ispah.tecology-hosting.co\/fr\/wp-json\/wp\/v2\/posts\/20671\/revisions\/35354"}],"wp:featuredmedia":[{"embeddable":true,"href":"https:\/\/ispah.tecology-hosting.co\/fr\/wp-json\/wp\/v2\/media\/17795"}],"wp:attachment":[{"href":"https:\/\/ispah.tecology-hosting.co\/fr\/wp-json\/wp\/v2\/media?parent=20671"}],"wp:term":[{"taxonomy":"category","embeddable":true,"href":"https:\/\/ispah.tecology-hosting.co\/fr\/wp-json\/wp\/v2\/categories?post=20671"},{"taxonomy":"post_tag","embeddable":true,"href":"https:\/\/ispah.tecology-hosting.co\/fr\/wp-json\/wp\/v2\/tags?post=20671"}],"curies":[{"name":"wp","href":"https:\/\/api.w.org\/{rel}","templated":true}]}}