{"id":8296,"date":"2020-04-27T15:58:09","date_gmt":"2020-04-27T14:58:09","guid":{"rendered":"https:\/\/ispah.tecology-hosting.co\/?p=8296"},"modified":"2023-08-23T05:35:52","modified_gmt":"2023-08-23T04:35:52","slug":"aplazados-covid-19-y-el-8o-congreso-ispah","status":"publish","type":"post","link":"https:\/\/ispah.tecology-hosting.co\/es_es\/covid-19-and-8th-ispah-congress-postponed\/","title":{"rendered":"El 8\u00ba Congreso de la ISPAH se aplaza a 2021"},"content":{"rendered":"<p class=\"wp-block-paragraph\"><strong>Los 8<sup>th<\/sup> El Congreso de la ISPAH se aplaza a octubre de 2021<\/strong><\/p>\n\n\n\n<p class=\"wp-block-paragraph\">Fecha: 27 de abril de 2020<\/p>\n\n\n\n<p class=\"wp-block-paragraph\">Estimados colegas,<\/p>\n\n\n\n<p class=\"wp-block-paragraph\">Nuestros pensamientos est\u00e1n con las personas que se han visto afectadas por el brote del nuevo coronavirus COVID-19. Apreciamos enormemente a los profesionales sanitarios, las comunidades y los gobiernos de todo el mundo que est\u00e1n trabajando para contener este nuevo coronavirus. Los organizadores de la conferencia y la ISPAH han estado revisando cuidadosamente las condiciones diarias relacionadas con la propagaci\u00f3n del COVID-19 y las implicaciones para nuestro pr\u00f3ximo Congreso. Nos hemos reunido recientemente con organismos y autoridades de salud p\u00fablica y con el Centro de Convenciones de Vancouver. Tambi\u00e9n hemos recibido considerables comentarios de posibles delegados y ponentes internacionales.<\/p>\n\n\n\n<p class=\"wp-block-paragraph\">Bas\u00e1ndose en esta informaci\u00f3n, el comit\u00e9 organizador local y la junta directiva de la ISPAH han tomado la dif\u00edcil decisi\u00f3n de aplazar la 8<sup>th<\/sup> Congreso ISPAH hasta el <strong>Del 12 al 14 de octubre de 2021<\/strong> en Vancouver, BC. A trav\u00e9s de nuestras discusiones, se hizo evidente que varios factores limitar\u00edan nuestra capacidad para acoger un Congreso en octubre de 2020. Esto incluye cuestiones como la posibilidad de que se produzca una segunda o tercera oleada del brote de COVID en oto\u00f1o de 2020, la imposibilidad de que los delegados viajen (o reserven viajes) para el Congreso y la posibilidad de que el Centro de Convenciones de Vancouver siga utiliz\u00e1ndose como centro m\u00e9dico. Lo m\u00e1s importante es que hemos tomado esta decisi\u00f3n para garantizar la salud y la seguridad de nuestros miembros y de todos los delegados.<\/p>\n\n\n\n<p class=\"wp-block-paragraph\">Sentimos los inconvenientes que esto pueda causar en sus planes de asistencia al Congreso. Esperamos seguir desarrollando nuestros simposios y nuestro programa. Esto incluir\u00e1 oportunidades adicionales para la presentaci\u00f3n de res\u00famenes y plazos revisados de cara al Congreso de 2021. Esta informaci\u00f3n se actualizar\u00e1 en breve en nuestra p\u00e1gina web del Congreso (<a href=\"https:\/\/www.ispah2020.com\/\">www.ispah2020.com<\/a>).<\/p>\n\n\n\n<p class=\"wp-block-paragraph\">El comit\u00e9 organizador local y el personal est\u00e1n trabajando en posibles enfoques alternativos para celebrar un evento virtual en octubre de 2020. A\u00fan no se han confirmado los detalles de este evento; sin embargo, prevemos un evento de un d\u00eda de duraci\u00f3n en el que se destaque parte de la informaci\u00f3n m\u00e1s reciente de los simposios presentados. Se proporcionar\u00e1 informaci\u00f3n adicional sobre este evento cuando se confirmen los detalles.<\/p>\n\n\n\n<p class=\"wp-block-paragraph\">La seguridad de nuestros asistentes, personal y personal del Congreso es nuestra principal prioridad. Estamos haciendo todo lo posible para garantizar la seguridad, el bienestar y proporcionar la m\u00e1xima flexibilidad a nuestros asistentes. Confiamos en que esta decisi\u00f3n reduzca algunas de sus preocupaciones sobre los viajes en estos momentos de incertidumbre.<\/p>\n\n\n\n<p class=\"wp-block-paragraph\">Le agradecemos su consideraci\u00f3n.<\/p>\n\n\n\n<p class=\"wp-block-paragraph\">Atentamente,<\/p>\n\n\n\n<p class=\"wp-block-paragraph\">Dr. Darren Warburton (Copresidente) y Dra. Shannon Bredin (Copresidenta)<\/p>\n\n\n\n<p class=\"wp-block-paragraph\">8<sup>th<\/sup> Congreso de la ISPAH, Vancouver, BC (2020\/21)<\/p>","protected":false},"excerpt":{"rendered":"<p>The 8th ISPAH Congress has been postponed to October 2021 Date: 27 April 2020 Dear Colleagues, Our thoughts go out to the people who have been affected by the novel coronavirus COVID-19 outbreak. We appreciate greatly the healthcare professionals, communities, and governments from around the world who are working to contain this novel coronavirus. The [&hellip;]<\/p>\n","protected":false},"author":9,"featured_media":8303,"comment_status":"closed","ping_status":"open","sticky":false,"template":"","format":"standard","meta":{"_jf_schedule_form":"","_jf_limit_responses":"","country-income-classification":"","slim_seo":{"title":"El 8\u00ba Congreso de ISPAH se aplaza a 2021 - ISPAH","description":"El 8\u00ba Congreso de la ISPAH ha sido pospuesto hasta octubre de 2021 Fecha: 27 de abril de 2020 Estimados colegas, Nuestros pensamientos est\u00e1n con las personas que se han visto afectadas por el brote del nuevo coronavirus COVID-19. Apreciamos enormemente a los profesionales sanitarios, comunidades y gobiernos de todo el mundo que est\u00e1n trabajando para..."},"_slim_seo_primary_term_category":0,"_slim_seo_primary_term_post_tag":0,"footnotes":""},"categories":[60],"tags":[91],"class_list":["post-8296","post","type-post","status-publish","format-standard","has-post-thumbnail","hentry","category-announcements","tag-congress"],"_links":{"self":[{"href":"https:\/\/ispah.tecology-hosting.co\/es_es\/wp-json\/wp\/v2\/posts\/8296","targetHints":{"allow":["GET"]}}],"collection":[{"href":"https:\/\/ispah.tecology-hosting.co\/es_es\/wp-json\/wp\/v2\/posts"}],"about":[{"href":"https:\/\/ispah.tecology-hosting.co\/es_es\/wp-json\/wp\/v2\/types\/post"}],"author":[{"embeddable":true,"href":"https:\/\/ispah.tecology-hosting.co\/es_es\/wp-json\/wp\/v2\/users\/9"}],"replies":[{"embeddable":true,"href":"https:\/\/ispah.tecology-hosting.co\/es_es\/wp-json\/wp\/v2\/comments?post=8296"}],"version-history":[{"count":0,"href":"https:\/\/ispah.tecology-hosting.co\/es_es\/wp-json\/wp\/v2\/posts\/8296\/revisions"}],"wp:featuredmedia":[{"embeddable":true,"href":"https:\/\/ispah.tecology-hosting.co\/es_es\/wp-json\/wp\/v2\/media\/8303"}],"wp:attachment":[{"href":"https:\/\/ispah.tecology-hosting.co\/es_es\/wp-json\/wp\/v2\/media?parent=8296"}],"wp:term":[{"taxonomy":"category","embeddable":true,"href":"https:\/\/ispah.tecology-hosting.co\/es_es\/wp-json\/wp\/v2\/categories?post=8296"},{"taxonomy":"post_tag","embeddable":true,"href":"https:\/\/ispah.tecology-hosting.co\/es_es\/wp-json\/wp\/v2\/tags?post=8296"}],"curies":[{"name":"wp","href":"https:\/\/api.w.org\/{rel}","templated":true}]}}