{"id":8258,"date":"2020-04-17T17:33:39","date_gmt":"2020-04-17T16:33:39","guid":{"rendered":"https:\/\/ispah.tecology-hosting.co\/?p=8258"},"modified":"2024-04-29T16:03:11","modified_gmt":"2024-04-29T15:03:11","slug":"mantenerse-activo-durante-covid19","status":"publish","type":"post","link":"https:\/\/ispah.tecology-hosting.co\/es_es\/staying-active-during-covid19\/","title":{"rendered":"Permanecer activo durante COVID-19"},"content":{"rendered":"<p class=\"wp-block-paragraph\"><strong>Qu\u00e9 tiempos tan extra\u00f1os vivimos...\".&nbsp;<\/strong><\/p>\n\n\n\n<p class=\"wp-block-paragraph\">...una situaci\u00f3n global que nos tiene a todos experimentando el bloqueo de una forma u otra. Es posible que en tu pa\u00eds te permitan salir de casa para hacer ejercicio f\u00edsico, algo que todos sabemos que es vital para nuestra salud f\u00edsica y mental en estos momentos. Sin embargo, puede que est\u00e9s en un pa\u00eds (como el m\u00edo, Sud\u00e1frica) donde no te permiten hacer ejercicio fuera de casa. Si eres un privilegiado, tienes un jard\u00edn que te permite moverte, pero puede que te veas obligado a hacer ejercicio dentro de casa. Sea cual sea su situaci\u00f3n, mantenerse activo y sano en estos tiempos, respetando las restricciones de su pa\u00eds, es importante.<\/p>\n\n\n\n<p class=\"wp-block-paragraph\">Reconocemos que no existe un enfoque \u00fanico cuando se trata de promover la actividad f\u00edsica durante una pandemia mundial, y COVID-19 ha amplificado muchas desigualdades en todo el mundo. En los pa\u00edses de ingresos bajos y medios, los gobiernos tienen muchas prioridades que compiten con la actividad f\u00edsica: sistemas sanitarios fr\u00e1giles, amenaza de colapso econ\u00f3mico, inseguridad alimentaria y pobreza extrema en la que los ingresos familiares han desaparecido. En los entornos de bajos ingresos de todo el mundo, muchos no tienen acceso a Internet para hacer uso de los magn\u00edficos recursos disponibles en l\u00ednea para ayudarle a mantenerse activo en estas fechas. Y la alta densidad de poblaci\u00f3n en estos entornos puede hacer que el distanciamiento social sea pr\u00e1cticamente imposible. Esto no significa que la actividad f\u00edsica sea menos necesaria para promover la salud f\u00edsica y mental en estas zonas; s\u00f3lo significa que transmitir este mensaje es mucho m\u00e1s dif\u00edcil cuando las voces de otros retos sist\u00e9micos, sociales y econ\u00f3micos son m\u00e1s fuertes. En este blog, y en nuestro n\u00famero m\u00e1s reciente de GlobalPANet, nos hemos esforzado por ser sensibles a estos retos y hemos incluido una serie de recursos \u00fatiles sobre la actividad f\u00edsica y COVID-19. Elige los que sean pertinentes para el cierre de tu pa\u00eds, tu entorno dom\u00e9stico y tu situaci\u00f3n laboral.<\/p>\n\n\n\n<p class=\"wp-block-paragraph\">Esto tambi\u00e9n pasar\u00e1, y creo que todos estamos de acuerdo en que el mundo tal y como lo conocemos ha cambiado. \u00bfQuiz\u00e1s estas restricciones impulsen la actividad f\u00edsica una vez finalizado el encierro, porque ahora se aprecia m\u00e1s estar al aire libre? Incluso si no es as\u00ed, es de esperar que el bloqueo nos haya ense\u00f1ado a muchos de nosotros a ser ingeniosos a la hora de realizar actividad f\u00edsica durante el d\u00eda.<\/p>\n\n\n\n<p class=\"wp-block-paragraph\">Mantente seguro, sano y tan activo como puedas.<\/p>\n\n\n\n<p class=\"wp-block-paragraph\">Catherine Draper<br>Presidente de ISPAH<\/p>\n\n\n\n<div class=\"wp-block-columns is-layout-flex wp-container-core-columns-is-layout-04822461 wp-block-columns-is-layout-flex\">\n<div class=\"wp-block-column is-layout-flow wp-block-column-is-layout-flow\">\n<figure data-wp-context=\"{&quot;imageId&quot;:&quot;6a9d4e8e88f55&quot;}\" data-wp-interactive=\"core\/image\" data-wp-key=\"6a9d4e8e88f55\" class=\"wp-block-image wp-lightbox-container\"><img decoding=\"async\" data-wp-class--hide=\"state.isContentHidden\" data-wp-class--show=\"state.isContentVisible\" data-wp-init=\"callbacks.setButtonStyles\" data-wp-on--click=\"actions.showLightbox\" data-wp-on--load=\"callbacks.setButtonStyles\" data-wp-on--pointerdown=\"actions.preloadImage\" data-wp-on--pointerenter=\"actions.preloadImageWithDelay\" data-wp-on--pointerleave=\"actions.cancelPreload\" data-wp-on-window--resize=\"callbacks.setButtonStyles\" src=\"https:\/\/ispah.tecology-hosting.co\/wp-content\/uploads\/2020\/04\/WHOHatH500x500.png\" alt=\"\" style=\"aspect-ratio:1;object-fit:cover\"\/><button\n\t\t\tclass=\"lightbox-trigger\"\n\t\t\ttype=\"button\"\n\t\t\taria-haspopup=\"dialog\"\n\t\t\tdata-wp-bind--aria-label=\"state.thisImage.triggerButtonAriaLabel\"\n\t\t\tdata-wp-init=\"callbacks.initTriggerButton\"\n\t\t\tdata-wp-on--click=\"actions.showLightbox\"\n\t\t\tdata-wp-style--right=\"state.thisImage.buttonRight\"\n\t\t\tdata-wp-style--top=\"state.thisImage.buttonTop\"\n\t\t>\n\t\t\t<svg xmlns=\"http:\/\/www.w3.org\/2000\/svg\" width=\"12\" height=\"12\" fill=\"none\" viewbox=\"0 0 12 12\">\n\t\t\t\t<path fill=\"#fff\" d=\"M2 0a2 2 0 0 0-2 2v2h1.5V2a.5.5 0 0 1 .5-.5h2V0H2Zm2 10.5H2a.5.5 0 0 1-.5-.5V8H0v2a2 2 0 0 0 2 2h2v-1.5ZM8 12v-1.5h2a.5.5 0 0 0 .5-.5V8H12v2a2 2 0 0 1-2 2H8Zm2-12a2 2 0 0 1 2 2v2h-1.5V2a.5.5 0 0 0-.5-.5H8V0h2Z\" \/>\n\t\t\t<\/svg>\n\t\t<\/button><\/figure>\n\n\n\n<p class=\"wp-block-paragraph\">La OMS ha publicado una gu\u00eda muy \u00fatil para cuidar de su salud f\u00edsica y mental durante la pandemia. Acceda a la gu\u00eda #HeathyAtHome&nbsp;<a href=\"https:\/\/ispah.us18.list-manage.com\/track\/click?u=a89cb6e6f07afb9500e6a8bc3&amp;id=07d099251b&amp;e=11fb34f5ac\">aqu\u00ed<\/a>y un \u00fatil apartado de preguntas y respuestas&nbsp;<a href=\"https:\/\/ispah.us18.list-manage.com\/track\/click?u=a89cb6e6f07afb9500e6a8bc3&amp;id=5d9cce6fec&amp;e=11fb34f5ac\">aqu\u00ed<\/a>.<\/p>\n<\/div>\n\n\n\n<div class=\"wp-block-column is-layout-flow wp-block-column-is-layout-flow\">\n<figure data-wp-context=\"{&quot;imageId&quot;:&quot;6a9d4e8e89924&quot;}\" data-wp-interactive=\"core\/image\" data-wp-key=\"6a9d4e8e89924\" class=\"wp-block-image size-large wp-lightbox-container\"><img decoding=\"async\" width=\"1024\" height=\"683\" data-wp-class--hide=\"state.isContentHidden\" data-wp-class--show=\"state.isContentVisible\" data-wp-init=\"callbacks.setButtonStyles\" data-wp-on--click=\"actions.showLightbox\" data-wp-on--load=\"callbacks.setButtonStyles\" data-wp-on--pointerdown=\"actions.preloadImage\" data-wp-on--pointerenter=\"actions.preloadImageWithDelay\" data-wp-on--pointerleave=\"actions.cancelPreload\" data-wp-on-window--resize=\"callbacks.setButtonStyles\" src=\"https:\/\/ispah.tecology-hosting.co\/wp-content\/uploads\/2024\/04\/c59heeeraai-1024x683.jpg\" alt=\"hombres y mujeres corriendo a orillas del mar\" class=\"wp-image-29253\" style=\"aspect-ratio:1;object-fit:cover\" srcset=\"https:\/\/ispah.tecology-hosting.co\/wp-content\/uploads\/2024\/04\/c59heeeraai-1024x683.jpg 1024w, https:\/\/ispah.tecology-hosting.co\/wp-content\/uploads\/2024\/04\/c59heeeraai-300x200.jpg 300w, https:\/\/ispah.tecology-hosting.co\/wp-content\/uploads\/2024\/04\/c59heeeraai-768x512.jpg 768w, https:\/\/ispah.tecology-hosting.co\/wp-content\/uploads\/2024\/04\/c59heeeraai-1536x1024.jpg 1536w, https:\/\/ispah.tecology-hosting.co\/wp-content\/uploads\/2024\/04\/c59heeeraai.jpg 1600w\" sizes=\"(max-width: 1024px) 100vw, 1024px\" \/><button\n\t\t\tclass=\"lightbox-trigger\"\n\t\t\ttype=\"button\"\n\t\t\taria-haspopup=\"dialog\"\n\t\t\tdata-wp-bind--aria-label=\"state.thisImage.triggerButtonAriaLabel\"\n\t\t\tdata-wp-init=\"callbacks.initTriggerButton\"\n\t\t\tdata-wp-on--click=\"actions.showLightbox\"\n\t\t\tdata-wp-style--right=\"state.thisImage.buttonRight\"\n\t\t\tdata-wp-style--top=\"state.thisImage.buttonTop\"\n\t\t>\n\t\t\t<svg xmlns=\"http:\/\/www.w3.org\/2000\/svg\" width=\"12\" height=\"12\" fill=\"none\" viewbox=\"0 0 12 12\">\n\t\t\t\t<path fill=\"#fff\" d=\"M2 0a2 2 0 0 0-2 2v2h1.5V2a.5.5 0 0 1 .5-.5h2V0H2Zm2 10.5H2a.5.5 0 0 1-.5-.5V8H0v2a2 2 0 0 0 2 2h2v-1.5ZM8 12v-1.5h2a.5.5 0 0 0 .5-.5V8H12v2a2 2 0 0 1-2 2H8Zm2-12a2 2 0 0 1 2 2v2h-1.5V2a.5.5 0 0 0-.5-.5H8V0h2Z\" \/>\n\t\t\t<\/svg>\n\t\t<\/button><\/figure>\n\n\n\n<p class=\"wp-block-paragraph\">Emmanuel Stamatakis, miembro de la ISPAH, y sus colegas han publicado algunos consejos estupendos para mantenerse activo durante el aislamiento. Consulte su art\u00edculo en The Conversation&nbsp;<a href=\"https:\/\/ispah.us18.list-manage.com\/track\/click?u=a89cb6e6f07afb9500e6a8bc3&amp;id=264eab0e60&amp;e=11fb34f5ac\">aqu\u00ed<\/a>.<\/p>\n<\/div>\n<\/div>\n\n\n\n<div class=\"wp-block-columns is-layout-flex wp-container-core-columns-is-layout-04822461 wp-block-columns-is-layout-flex\">\n<div class=\"wp-block-column is-layout-flow wp-block-column-is-layout-flow\" style=\"flex-basis:100%\">\n<figure data-wp-context=\"{&quot;imageId&quot;:&quot;6a9d4e8e89ceb&quot;}\" data-wp-interactive=\"core\/image\" data-wp-key=\"6a9d4e8e89ceb\" class=\"wp-block-image wp-lightbox-container\"><img decoding=\"async\" data-wp-class--hide=\"state.isContentHidden\" data-wp-class--show=\"state.isContentVisible\" data-wp-init=\"callbacks.setButtonStyles\" data-wp-on--click=\"actions.showLightbox\" data-wp-on--load=\"callbacks.setButtonStyles\" data-wp-on--pointerdown=\"actions.preloadImage\" data-wp-on--pointerenter=\"actions.preloadImageWithDelay\" data-wp-on--pointerleave=\"actions.cancelPreload\" data-wp-on-window--resize=\"callbacks.setButtonStyles\" src=\"https:\/\/ispah.tecology-hosting.co\/wp-content\/uploads\/2020\/04\/Physical_Activity_Researcher-picture-500x500-1.png\" alt=\"\" style=\"aspect-ratio:3\/4;object-fit:cover\"\/><button\n\t\t\tclass=\"lightbox-trigger\"\n\t\t\ttype=\"button\"\n\t\t\taria-haspopup=\"dialog\"\n\t\t\tdata-wp-bind--aria-label=\"state.thisImage.triggerButtonAriaLabel\"\n\t\t\tdata-wp-init=\"callbacks.initTriggerButton\"\n\t\t\tdata-wp-on--click=\"actions.showLightbox\"\n\t\t\tdata-wp-style--right=\"state.thisImage.buttonRight\"\n\t\t\tdata-wp-style--top=\"state.thisImage.buttonTop\"\n\t\t>\n\t\t\t<svg xmlns=\"http:\/\/www.w3.org\/2000\/svg\" width=\"12\" height=\"12\" fill=\"none\" viewbox=\"0 0 12 12\">\n\t\t\t\t<path fill=\"#fff\" d=\"M2 0a2 2 0 0 0-2 2v2h1.5V2a.5.5 0 0 1 .5-.5h2V0H2Zm2 10.5H2a.5.5 0 0 1-.5-.5V8H0v2a2 2 0 0 0 2 2h2v-1.5ZM8 12v-1.5h2a.5.5 0 0 0 .5-.5V8H12v2a2 2 0 0 1-2 2H8Zm2-12a2 2 0 0 1 2 2v2h-1.5V2a.5.5 0 0 0-.5-.5H8V0h2Z\" \/>\n\t\t\t<\/svg>\n\t\t<\/button><\/figure>\n\n\n\n<p class=\"wp-block-paragraph\">Stuart Biddle, miembro de la ISPAH, habla de las implicaciones de la pandemia de coronavirus en la actividad f\u00edsica, el comportamiento sedentario y la salud mental en&nbsp;<a href=\"https:\/\/ispah.us18.list-manage.com\/track\/click?u=a89cb6e6f07afb9500e6a8bc3&amp;id=051936ce48&amp;e=11fb34f5ac\">este Podcast<\/a>.<\/p>\n<\/div>\n\n\n\n<div class=\"wp-block-column is-layout-flow wp-block-column-is-layout-flow\" style=\"flex-basis:100%\">\n<figure data-wp-context=\"{&quot;imageId&quot;:&quot;6a9d4e8e89f3d&quot;}\" data-wp-interactive=\"core\/image\" data-wp-key=\"6a9d4e8e89f3d\" class=\"wp-block-image wp-lightbox-container\"><img decoding=\"async\" data-wp-class--hide=\"state.isContentHidden\" data-wp-class--show=\"state.isContentVisible\" data-wp-init=\"callbacks.setButtonStyles\" data-wp-on--click=\"actions.showLightbox\" data-wp-on--load=\"callbacks.setButtonStyles\" data-wp-on--pointerdown=\"actions.preloadImage\" data-wp-on--pointerenter=\"actions.preloadImageWithDelay\" data-wp-on--pointerleave=\"actions.cancelPreload\" data-wp-on-window--resize=\"callbacks.setButtonStyles\" src=\"https:\/\/ispah.tecology-hosting.co\/wp-content\/uploads\/2020\/04\/Being-Active-infographic-01-2-1097x1536-1.jpg\" alt=\"\" style=\"aspect-ratio:3\/4;object-fit:cover\"\/><button\n\t\t\tclass=\"lightbox-trigger\"\n\t\t\ttype=\"button\"\n\t\t\taria-haspopup=\"dialog\"\n\t\t\tdata-wp-bind--aria-label=\"state.thisImage.triggerButtonAriaLabel\"\n\t\t\tdata-wp-init=\"callbacks.initTriggerButton\"\n\t\t\tdata-wp-on--click=\"actions.showLightbox\"\n\t\t\tdata-wp-style--right=\"state.thisImage.buttonRight\"\n\t\t\tdata-wp-style--top=\"state.thisImage.buttonTop\"\n\t\t>\n\t\t\t<svg xmlns=\"http:\/\/www.w3.org\/2000\/svg\" width=\"12\" height=\"12\" fill=\"none\" viewbox=\"0 0 12 12\">\n\t\t\t\t<path fill=\"#fff\" d=\"M2 0a2 2 0 0 0-2 2v2h1.5V2a.5.5 0 0 1 .5-.5h2V0H2Zm2 10.5H2a.5.5 0 0 1-.5-.5V8H0v2a2 2 0 0 0 2 2h2v-1.5ZM8 12v-1.5h2a.5.5 0 0 0 .5-.5V8H12v2a2 2 0 0 1-2 2H8Zm2-12a2 2 0 0 1 2 2v2h-1.5V2a.5.5 0 0 0-.5-.5H8V0h2Z\" \/>\n\t\t\t<\/svg>\n\t\t<\/button><\/figure>\n\n\n\n<p class=\"wp-block-paragraph\">Paul Kelly, Coral Hanson y otros miembros de la ISPAH han escrito un magn\u00edfico blog en el que resumen las ventajas de que el p\u00fablico en general se mantenga activo durante la COVID-19. Tambi\u00e9n han creado una infograf\u00eda con algunos consejos \u00fatiles. Tambi\u00e9n han creado una infograf\u00eda con algunos consejos \u00fatiles. Acceda al blog y a la infograf\u00eda&nbsp;<a href=\"https:\/\/ispah.us18.list-manage.com\/track\/click?u=a89cb6e6f07afb9500e6a8bc3&amp;id=31baf97cfa&amp;e=11fb34f5ac\">aqu\u00ed<\/a>.<\/p>\n<\/div>\n<\/div>\n\n\n\n<div class=\"wp-block-columns is-layout-flex wp-container-core-columns-is-layout-04822461 wp-block-columns-is-layout-flex\">\n<div class=\"wp-block-column is-layout-flow wp-block-column-is-layout-flow\" style=\"flex-basis:50%\">\n<figure data-wp-context=\"{&quot;imageId&quot;:&quot;6a9d4e8e8a208&quot;}\" data-wp-interactive=\"core\/image\" data-wp-key=\"6a9d4e8e8a208\" class=\"wp-block-image wp-lightbox-container\"><img decoding=\"async\" data-wp-class--hide=\"state.isContentHidden\" data-wp-class--show=\"state.isContentVisible\" data-wp-init=\"callbacks.setButtonStyles\" data-wp-on--click=\"actions.showLightbox\" data-wp-on--load=\"callbacks.setButtonStyles\" data-wp-on--pointerdown=\"actions.preloadImage\" data-wp-on--pointerenter=\"actions.preloadImageWithDelay\" data-wp-on--pointerleave=\"actions.cancelPreload\" data-wp-on-window--resize=\"callbacks.setButtonStyles\" src=\"https:\/\/ispah.tecology-hosting.co\/wp-content\/uploads\/2020\/04\/5-to-18-Infographic-01-731x1024.jpg\" alt=\"\"\/><button\n\t\t\tclass=\"lightbox-trigger\"\n\t\t\ttype=\"button\"\n\t\t\taria-haspopup=\"dialog\"\n\t\t\tdata-wp-bind--aria-label=\"state.thisImage.triggerButtonAriaLabel\"\n\t\t\tdata-wp-init=\"callbacks.initTriggerButton\"\n\t\t\tdata-wp-on--click=\"actions.showLightbox\"\n\t\t\tdata-wp-style--right=\"state.thisImage.buttonRight\"\n\t\t\tdata-wp-style--top=\"state.thisImage.buttonTop\"\n\t\t>\n\t\t\t<svg xmlns=\"http:\/\/www.w3.org\/2000\/svg\" width=\"12\" height=\"12\" fill=\"none\" viewbox=\"0 0 12 12\">\n\t\t\t\t<path fill=\"#fff\" d=\"M2 0a2 2 0 0 0-2 2v2h1.5V2a.5.5 0 0 1 .5-.5h2V0H2Zm2 10.5H2a.5.5 0 0 1-.5-.5V8H0v2a2 2 0 0 0 2 2h2v-1.5ZM8 12v-1.5h2a.5.5 0 0 0 .5-.5V8H12v2a2 2 0 0 1-2 2H8Zm2-12a2 2 0 0 1 2 2v2h-1.5V2a.5.5 0 0 0-.5-.5H8V0h2Z\" \/>\n\t\t\t<\/svg>\n\t\t<\/button><\/figure>\n\n\n\n<p class=\"wp-block-paragraph\">Coral Hanson, miembro de la ISPAH, y sus colegas han elaborado un \u00fatil blog con una gu\u00eda dirigida a los padres de ni\u00f1os y j\u00f3venes de entre 5 y 18 a\u00f1os. Tambi\u00e9n han creado una infograf\u00eda con algunos consejos \u00fatiles para los ni\u00f1os. Acceda al blog y a la infograf\u00eda&nbsp;<a href=\"https:\/\/ispah.us18.list-manage.com\/track\/click?u=a89cb6e6f07afb9500e6a8bc3&amp;id=4beb2ccc3c&amp;e=11fb34f5ac\">aqu\u00ed<\/a>.<\/p>\n<\/div>\n\n\n\n<div class=\"wp-block-column is-layout-flow wp-block-column-is-layout-flow\" style=\"flex-basis:50%\">\n<figure data-wp-context=\"{&quot;imageId&quot;:&quot;6a9d4e8e8a402&quot;}\" data-wp-interactive=\"core\/image\" data-wp-key=\"6a9d4e8e8a402\" class=\"wp-block-image wp-lightbox-container\"><img decoding=\"async\" data-wp-class--hide=\"state.isContentHidden\" data-wp-class--show=\"state.isContentVisible\" data-wp-init=\"callbacks.setButtonStyles\" data-wp-on--click=\"actions.showLightbox\" data-wp-on--load=\"callbacks.setButtonStyles\" data-wp-on--pointerdown=\"actions.preloadImage\" data-wp-on--pointerenter=\"actions.preloadImageWithDelay\" data-wp-on--pointerleave=\"actions.cancelPreload\" data-wp-on-window--resize=\"callbacks.setButtonStyles\" src=\"https:\/\/ispah.tecology-hosting.co\/wp-content\/uploads\/2020\/04\/At-risk-groups-01-500x700-1.jpg\" alt=\"\"\/><button\n\t\t\tclass=\"lightbox-trigger\"\n\t\t\ttype=\"button\"\n\t\t\taria-haspopup=\"dialog\"\n\t\t\tdata-wp-bind--aria-label=\"state.thisImage.triggerButtonAriaLabel\"\n\t\t\tdata-wp-init=\"callbacks.initTriggerButton\"\n\t\t\tdata-wp-on--click=\"actions.showLightbox\"\n\t\t\tdata-wp-style--right=\"state.thisImage.buttonRight\"\n\t\t\tdata-wp-style--top=\"state.thisImage.buttonTop\"\n\t\t>\n\t\t\t<svg xmlns=\"http:\/\/www.w3.org\/2000\/svg\" width=\"12\" height=\"12\" fill=\"none\" viewbox=\"0 0 12 12\">\n\t\t\t\t<path fill=\"#fff\" d=\"M2 0a2 2 0 0 0-2 2v2h1.5V2a.5.5 0 0 1 .5-.5h2V0H2Zm2 10.5H2a.5.5 0 0 1-.5-.5V8H0v2a2 2 0 0 0 2 2h2v-1.5ZM8 12v-1.5h2a.5.5 0 0 0 .5-.5V8H12v2a2 2 0 0 1-2 2H8Zm2-12a2 2 0 0 1 2 2v2h-1.5V2a.5.5 0 0 0-.5-.5H8V0h2Z\" \/>\n\t\t\t<\/svg>\n\t\t<\/button><\/figure>\n\n\n\n<p class=\"wp-block-paragraph\">Los miembros de la ISPAH Paul Kelly, Coral Hanson y sus colegas tambi\u00e9n han escrito un magn\u00edfico blog en el que resumen las ventajas de que las personas consideradas \"vulnerables\" se mantengan activas durante el distanciamiento social debido a la COVID-19. La infograf\u00eda proporcionada contiene algunos consejos \u00fatiles para estas personas \"de riesgo\". Acceda al blog y a la infograf\u00eda&nbsp;<a href=\"https:\/\/ispah.us18.list-manage.com\/track\/click?u=a89cb6e6f07afb9500e6a8bc3&amp;id=3a131d5f94&amp;e=11fb34f5ac\">aqu\u00ed<\/a>.<\/p>\n<\/div>\n<\/div>\n\n\n\n<div class=\"wp-block-columns is-layout-flex wp-container-core-columns-is-layout-04822461 wp-block-columns-is-layout-flex\">\n<div class=\"wp-block-column is-layout-flow wp-block-column-is-layout-flow\" style=\"flex-basis:50%\">\n<figure data-wp-context=\"{&quot;imageId&quot;:&quot;6a9d4e8e8a84c&quot;}\" data-wp-interactive=\"core\/image\" data-wp-key=\"6a9d4e8e8a84c\" class=\"wp-block-image size-large is-resized wp-lightbox-container\"><img decoding=\"async\" width=\"1024\" height=\"675\" data-wp-class--hide=\"state.isContentHidden\" data-wp-class--show=\"state.isContentVisible\" data-wp-init=\"callbacks.setButtonStyles\" data-wp-on--click=\"actions.showLightbox\" data-wp-on--load=\"callbacks.setButtonStyles\" data-wp-on--pointerdown=\"actions.preloadImage\" data-wp-on--pointerenter=\"actions.preloadImageWithDelay\" data-wp-on--pointerleave=\"actions.cancelPreload\" data-wp-on-window--resize=\"callbacks.setButtonStyles\" src=\"https:\/\/ispah.tecology-hosting.co\/wp-content\/uploads\/2024\/03\/c7h_31lz16y-1024x675.jpg\" alt=\"mujer corriendo en la habitaci\u00f3n\" class=\"wp-image-27874\" style=\"width:630px;height:auto\" srcset=\"https:\/\/ispah.tecology-hosting.co\/wp-content\/uploads\/2024\/03\/c7h_31lz16y-1024x675.jpg 1024w, https:\/\/ispah.tecology-hosting.co\/wp-content\/uploads\/2024\/03\/c7h_31lz16y-300x198.jpg 300w, https:\/\/ispah.tecology-hosting.co\/wp-content\/uploads\/2024\/03\/c7h_31lz16y-768x506.jpg 768w, https:\/\/ispah.tecology-hosting.co\/wp-content\/uploads\/2024\/03\/c7h_31lz16y-1536x1013.jpg 1536w, https:\/\/ispah.tecology-hosting.co\/wp-content\/uploads\/2024\/03\/c7h_31lz16y.jpg 1600w\" sizes=\"(max-width: 1024px) 100vw, 1024px\" \/><button\n\t\t\tclass=\"lightbox-trigger\"\n\t\t\ttype=\"button\"\n\t\t\taria-haspopup=\"dialog\"\n\t\t\tdata-wp-bind--aria-label=\"state.thisImage.triggerButtonAriaLabel\"\n\t\t\tdata-wp-init=\"callbacks.initTriggerButton\"\n\t\t\tdata-wp-on--click=\"actions.showLightbox\"\n\t\t\tdata-wp-style--right=\"state.thisImage.buttonRight\"\n\t\t\tdata-wp-style--top=\"state.thisImage.buttonTop\"\n\t\t>\n\t\t\t<svg xmlns=\"http:\/\/www.w3.org\/2000\/svg\" width=\"12\" height=\"12\" fill=\"none\" viewbox=\"0 0 12 12\">\n\t\t\t\t<path fill=\"#fff\" d=\"M2 0a2 2 0 0 0-2 2v2h1.5V2a.5.5 0 0 1 .5-.5h2V0H2Zm2 10.5H2a.5.5 0 0 1-.5-.5V8H0v2a2 2 0 0 0 2 2h2v-1.5ZM8 12v-1.5h2a.5.5 0 0 0 .5-.5V8H12v2a2 2 0 0 1-2 2H8Zm2-12a2 2 0 0 1 2 2v2h-1.5V2a.5.5 0 0 0-.5-.5H8V0h2Z\" \/>\n\t\t\t<\/svg>\n\t\t<\/button><\/figure>\n\n\n\n<p class=\"wp-block-paragraph\">Los profesores Jim Sallis y Michael Pratt han escrito un art\u00edculo sobre la actividad f\u00edsica y la pandemia de coronavirus. \"<em>Probablemente no estemos pensando en c\u00f3mo protegernos a nosotros mismos, a nuestras familias y a nuestras comunidades durante la pandemia de COVID-19. Quiz\u00e1 deber\u00edamos hacerlo, porque la actividad f\u00edsica puede ser una herramienta valiosa para controlar las infecciones por COVID-19 y mantener la calidad de vida...\". Quiz\u00e1 deber\u00eda serlo, porque la actividad f\u00edsica puede ser una herramienta valiosa para controlar las infecciones por COVID-19 y mantener la calidad de vida...\"<\/em><\/p>\n\n\n\n<p class=\"wp-block-paragraph\">Acceder a la carta&nbsp;<a href=\"https:\/\/ispah.us18.list-manage.com\/track\/click?u=a89cb6e6f07afb9500e6a8bc3&amp;id=02b638e200&amp;e=11fb34f5ac\">aqu\u00ed<\/a>y tambi\u00e9n ver una conferencia sobre un tema similar&nbsp;<a href=\"https:\/\/ispah.us18.list-manage.com\/track\/click?u=a89cb6e6f07afb9500e6a8bc3&amp;id=9d3f935784&amp;e=11fb34f5ac\"><u>aqu\u00ed<\/u><\/a>.<\/p>\n<\/div>\n\n\n\n<div class=\"wp-block-column is-layout-flow wp-block-column-is-layout-flow\" style=\"flex-basis:50%\">\n<figure data-wp-context=\"{&quot;imageId&quot;:&quot;6a9d4e8e8aa4c&quot;}\" data-wp-interactive=\"core\/image\" data-wp-key=\"6a9d4e8e8aa4c\" class=\"wp-block-image wp-lightbox-container\"><img decoding=\"async\" data-wp-class--hide=\"state.isContentHidden\" data-wp-class--show=\"state.isContentVisible\" data-wp-init=\"callbacks.setButtonStyles\" data-wp-on--click=\"actions.showLightbox\" data-wp-on--load=\"callbacks.setButtonStyles\" data-wp-on--pointerdown=\"actions.preloadImage\" data-wp-on--pointerenter=\"actions.preloadImageWithDelay\" data-wp-on--pointerleave=\"actions.cancelPreload\" data-wp-on-window--resize=\"callbacks.setButtonStyles\" src=\"https:\/\/ispah.tecology-hosting.co\/wp-content\/uploads\/2020\/04\/FFA130-full-flyer-500x500-1.jpg\" alt=\"\"\/><button\n\t\t\tclass=\"lightbox-trigger\"\n\t\t\ttype=\"button\"\n\t\t\taria-haspopup=\"dialog\"\n\t\t\tdata-wp-bind--aria-label=\"state.thisImage.triggerButtonAriaLabel\"\n\t\t\tdata-wp-init=\"callbacks.initTriggerButton\"\n\t\t\tdata-wp-on--click=\"actions.showLightbox\"\n\t\t\tdata-wp-style--right=\"state.thisImage.buttonRight\"\n\t\t\tdata-wp-style--top=\"state.thisImage.buttonTop\"\n\t\t>\n\t\t\t<svg xmlns=\"http:\/\/www.w3.org\/2000\/svg\" width=\"12\" height=\"12\" fill=\"none\" viewbox=\"0 0 12 12\">\n\t\t\t\t<path fill=\"#fff\" d=\"M2 0a2 2 0 0 0-2 2v2h1.5V2a.5.5 0 0 1 .5-.5h2V0H2Zm2 10.5H2a.5.5 0 0 1-.5-.5V8H0v2a2 2 0 0 0 2 2h2v-1.5ZM8 12v-1.5h2a.5.5 0 0 0 .5-.5V8H12v2a2 2 0 0 1-2 2H8Zm2-12a2 2 0 0 1 2 2v2h-1.5V2a.5.5 0 0 0-.5-.5H8V0h2Z\" \/>\n\t\t\t<\/svg>\n\t\t<\/button><\/figure>\n\n\n\n<p class=\"wp-block-paragraph\">El Consejo Internacional del Cine, la Televisi\u00f3n y la Comunicaci\u00f3n Audiovisual (ICFT) y su Plataforma para la Creatividad y la Innovaci\u00f3n (PCI) han puesto en marcha una actividad internacional FFA1'30 (Fitness for All 1'30) para apoyar el D\u00eda Internacional del Deporte para el Desarrollo y la Paz de las Naciones Unidas (ISDSP) 2020. Animan a la gente a ser activa y&nbsp;<strong>hacer v\u00eddeos cortos de 1 minuto y 30 segundos para compartir<\/strong>&nbsp;sus formas creativas de mejorar su salud y bienestar a trav\u00e9s del deporte y la actividad f\u00edsica, tanto si experimentan medidas de contenci\u00f3n como si no.<\/p>\n\n\n\n<p class=\"wp-block-paragraph\">Para m\u00e1s informaci\u00f3n, consulte&nbsp;<a href=\"https:\/\/ispah.us18.list-manage.com\/track\/click?u=a89cb6e6f07afb9500e6a8bc3&amp;id=30f6d39306&amp;e=11fb34f5ac\">aqu\u00ed<\/a>.<\/p>\n<\/div>\n<\/div>\n\n\n\n<h4 class=\"wp-block-heading\"><strong>Consejo de Investigaci\u00f3n de los PBMI Respuesta a la pandemia de COVID-19<\/strong><\/h4>\n\n\n\n<p class=\"wp-block-paragraph\">El comit\u00e9 directivo del reci\u00e9n creado Consejo de PBMI de la ISPAH est\u00e1 recopilando un documento de respuesta para compartirlo en los entornos de los PBMI y, m\u00e1s ampliamente, con la OMS, en relaci\u00f3n con la actividad f\u00edsica durante y despu\u00e9s de la pandemia de COVID. Previamente, el comit\u00e9 directivo se reuni\u00f3 con Fiona Bull, Directora de Programas del Departamento de Prevenci\u00f3n de las ENT de la OMS, y debati\u00f3 c\u00f3mo podr\u00eda el consejo apoyar el mandato de la OMS.<\/p>\n\n\n\n<p class=\"wp-block-paragraph\">El documento de respuesta, en curso, subraya la necesidad de una investigaci\u00f3n multinacional en entornos de PIBM para medir el cambio en los niveles de actividad como resultado de la COVID y las diferencias reales subyacentes en factores multinivel (por ejemplo, \"experiencias vividas\" de hacinamiento, falta de agua y saneamiento, y prioridades contrapuestas). Junto con esto, se requiere el compromiso con m\u00faltiples partes interesadas para desarrollar mensajes y oportunidades relevantes a nivel local que aborden sus desaf\u00edos \u00fanicos planteados por la carga econ\u00f3mica de la inactividad f\u00edsica y las desigualdades sanitarias asociadas con COVID.<\/p>\n\n\n\n<p class=\"wp-block-paragraph\">Adem\u00e1s, los miembros del consejo se han ofrecido a apoyar la formulaci\u00f3n de mensajes pertinentes a nivel local para apoyar y promover la actividad f\u00edsica durante los cierres patronales, teniendo en cuenta al mismo tiempo las diferentes circunstancias de los pa\u00edses econ\u00f3micamente favorecidos y los entornos de PIBM.<\/p>\n\n\n\n<p class=\"wp-block-paragraph\">La investigaci\u00f3n posterior a COVID podr\u00eda centrarse en una evaluaci\u00f3n de la aplicaci\u00f3n de las directrices de la OMS para la actividad f\u00edsica en los PBI y los PIM.<\/p>\n\n\n\n<p class=\"wp-block-paragraph\">Si desea m\u00e1s informaci\u00f3n al respecto, p\u00f3ngase en contacto con Nana (<a href=\"mailto:Nana.Anokye@brunel.ac.uk\"><span style=\"display:inline;unicode-bidi:bidi-override;direction:rtl;\" class=\"\">ku.ca.lenurb<span style=\"display:none;\">obfsctd-65b2ef<\/span>@eykonA.anaN<\/span><\/a>) o Vicki (<a href=\"mailto:vicki.lambert@uct.ac.za\"><span style=\"display:inline;unicode-bidi:bidi-override;direction:rtl;\" class=\"\">az.ca.tcu<span style=\"display:none;\">obfsctd-9305e1<\/span>@trebmal.ikciv<\/span><\/a>), y no pierdas de vista el sitio web y la cuenta de Twitter de ISPAH.<\/p>","protected":false},"excerpt":{"rendered":"<p>What strange times we are living in&#8230;&#8221;&nbsp; &#8230;a global situation that has us all experiencing lockdown in some form or another. In your country, you might be allowed outside your home to be physically active, which we all know is vital for our physical and mental health at this time. However, you might be in [&hellip;]<\/p>\n","protected":false},"author":367,"featured_media":28824,"comment_status":"closed","ping_status":"open","sticky":false,"template":"","format":"standard","meta":{"_jf_schedule_form":"","_jf_limit_responses":"","country-income-classification":"","slim_seo":{"title":"Mantenerse activo durante COVID-19 - ISPAH","description":"Qu\u00e9 tiempos tan extra\u00f1os estamos viviendo...\" ...una situaci\u00f3n global que nos tiene a todos encerrados de una forma u otra. En tu pa\u00eds, puede que te permitan salir de casa para hacer actividad f\u00edsica, lo que todos sabemos que es vital para nuestra salud f\u00edsica y mental en estos momentos...."},"_slim_seo_primary_term_category":0,"_slim_seo_primary_term_post_tag":0,"footnotes":""},"categories":[23],"tags":[],"class_list":["post-8258","post","type-post","status-publish","format-standard","has-post-thumbnail","hentry","category-blog"],"_links":{"self":[{"href":"https:\/\/ispah.tecology-hosting.co\/es_es\/wp-json\/wp\/v2\/posts\/8258","targetHints":{"allow":["GET"]}}],"collection":[{"href":"https:\/\/ispah.tecology-hosting.co\/es_es\/wp-json\/wp\/v2\/posts"}],"about":[{"href":"https:\/\/ispah.tecology-hosting.co\/es_es\/wp-json\/wp\/v2\/types\/post"}],"author":[{"embeddable":true,"href":"https:\/\/ispah.tecology-hosting.co\/es_es\/wp-json\/wp\/v2\/users\/367"}],"replies":[{"embeddable":true,"href":"https:\/\/ispah.tecology-hosting.co\/es_es\/wp-json\/wp\/v2\/comments?post=8258"}],"version-history":[{"count":0,"href":"https:\/\/ispah.tecology-hosting.co\/es_es\/wp-json\/wp\/v2\/posts\/8258\/revisions"}],"wp:featuredmedia":[{"embeddable":true,"href":"https:\/\/ispah.tecology-hosting.co\/es_es\/wp-json\/wp\/v2\/media\/28824"}],"wp:attachment":[{"href":"https:\/\/ispah.tecology-hosting.co\/es_es\/wp-json\/wp\/v2\/media?parent=8258"}],"wp:term":[{"taxonomy":"category","embeddable":true,"href":"https:\/\/ispah.tecology-hosting.co\/es_es\/wp-json\/wp\/v2\/categories?post=8258"},{"taxonomy":"post_tag","embeddable":true,"href":"https:\/\/ispah.tecology-hosting.co\/es_es\/wp-json\/wp\/v2\/tags?post=8258"}],"curies":[{"name":"wp","href":"https:\/\/api.w.org\/{rel}","templated":true}]}}