{"id":34601,"date":"2025-08-22T07:30:14","date_gmt":"2025-08-22T06:30:14","guid":{"rendered":"https:\/\/ispah.tecology-hosting.co\/?p=34601"},"modified":"2025-08-22T07:31:27","modified_gmt":"2025-08-22T06:31:27","slug":"2025-alumnos-de-la-academia-de-revision-paritaria-bill-kohl","status":"publish","type":"post","link":"https:\/\/ispah.tecology-hosting.co\/es_es\/2025-bill-kohl-peer-review-academy-mentees\/","title":{"rendered":"2025 Alumnos de la Academia de Evaluaci\u00f3n Bill Kohl\u00a0"},"content":{"rendered":"<p class=\"wp-block-paragraph\">La Sociedad Internacional para la Actividad F\u00edsica y la Salud (ISPAH) y el Journal of Physical Activity &amp; Health (JPAH) se enorgullecen de anunciar la segunda promoci\u00f3n de mentores para el proyecto <a href=\"https:\/\/ispah.tecology-hosting.co\/es_es\/academia-de-revision-paritaria\/\" target=\"_blank\" rel=\"noreferrer noopener\">Academia Bill Kohl de evaluaci\u00f3n por hom\u00f3logos<\/a>. Esta Academia, que recibe su nombre en honor del difunto Harold W. (Bill) Kohl III, es un programa dirigido por mentores y dise\u00f1ado para mejorar las aptitudes de los investigadores que inician su carrera en el \u00e1mbito de la revisi\u00f3n por pares de manuscritos cient\u00edficos. A trav\u00e9s de esta iniciativa, los participantes adquirir\u00e1n experiencia pr\u00e1ctica, trabajando en estrecha colaboraci\u00f3n con mentores experimentados para desarrollar las habilidades cr\u00edticas necesarias para una revisi\u00f3n por pares eficaz.\u00a0<\/p>\n\n\n\n<p class=\"has-large-font-size wp-block-paragraph\"><strong>Acerca de la Academia Bill Kohl de Revisi\u00f3n por Pares:<\/strong>\u202f&nbsp;<\/p>\n\n\n\n<p class=\"wp-block-paragraph\">La revisi\u00f3n por pares es una piedra angular de la investigaci\u00f3n cient\u00edfica, ya que garantiza la calidad y legitimidad de los trabajos publicados. Para los investigadores que inician su carrera, navegar por las complejidades de la revisi\u00f3n por pares puede resultar desalentador. La Bill Kohl Peer Review Academy aborda este reto ofreciendo una formaci\u00f3n y tutor\u00eda exhaustivas. Los participantes ser\u00e1n emparejados con mentores expertos en revisi\u00f3n por pares y participar\u00e1n en la revisi\u00f3n de al menos dos manuscritos durante un a\u00f1o. Los graduados de la Academia ser\u00e1n reconocidos en los sitios web de la ISPAH y la JPAH y se les rendir\u00e1 homenaje en las plataformas de medios sociales de la ISPAH y la JPAH y en el pr\u00f3ximo Congreso de la ISPAH.&nbsp;<\/p>\n\n\n\n<p class=\"wp-block-paragraph\">El plan de estudios de la Academia incluye:&nbsp;<\/p>\n\n\n\n<ul class=\"wp-block-list\">\n<li>Aprender a evaluar el m\u00e9rito cient\u00edfico de los manuscritos\u00a0<\/li>\n<\/ul>\n\n\n\n<ul class=\"wp-block-list\">\n<li>Deliberar sobre los aspectos \u00e9ticos, cient\u00edficos y pr\u00e1cticos de la revisi\u00f3n inter pares\u00a0<\/li>\n<\/ul>\n\n\n\n<ul class=\"wp-block-list\">\n<li>Redacci\u00f3n de informes constructivos de revisi\u00f3n inter pares.\u00a0<\/li>\n<\/ul>\n\n\n\n<p class=\"has-large-font-size wp-block-paragraph\"><strong>Conozca a los alumnos de 2025:<\/strong>\u00a0<\/p>\n\n\n\n<p class=\"wp-block-paragraph\">Nos complace presentar a la promoci\u00f3n de este a\u00f1o de la Academia Bill Kohl de Revisi\u00f3n por Pares. Estos talentosos investigadores proceden de diversos entornos e instituciones, lo que refleja el alcance mundial y la inclusividad del programa.&nbsp;<\/p>\n\n\n\n<p class=\"has-contrast-color has-text-color has-link-color has-large-font-size wp-elements-1 wp-block-paragraph\"><strong>1. Dra. Esther Frema Oyebola<\/strong>\u00a0<\/p>\n\n\n\n<ul class=\"wp-block-list\">\n<li>Graduate Teaching and Research Assistant, School of Cardiovascular and Metabolic Health, Universidad de Glasgow, Escocia<\/li>\n<\/ul>\n\n\n\n<div class=\"wp-block-media-text is-stacked-on-mobile\" style=\"grid-template-columns:41% auto\"><figure class=\"wp-block-media-text__media\"><img decoding=\"async\" width=\"1009\" height=\"1080\" src=\"https:\/\/ispah.tecology-hosting.co\/wp-content\/uploads\/2025\/08\/Esther-Frema-Oyebola-1009x1080.jpg\" alt=\"Esther frema oyebola\" class=\"wp-image-34602 size-full\" srcset=\"https:\/\/ispah.tecology-hosting.co\/wp-content\/uploads\/2025\/08\/Esther-Frema-Oyebola-1009x1080.jpg 1009w, https:\/\/ispah.tecology-hosting.co\/wp-content\/uploads\/2025\/08\/Esther-Frema-Oyebola-897x960.jpg 897w, https:\/\/ispah.tecology-hosting.co\/wp-content\/uploads\/2025\/08\/Esther-Frema-Oyebola.jpg 1794w\" sizes=\"(max-width: 1009px) 100vw, 1009px\" \/><\/figure><div class=\"wp-block-media-text__content\">\n<ul class=\"wp-block-list\">\n<li><strong>Intereses de investigaci\u00f3n:<\/strong> Mi investigaci\u00f3n se centra en comprender los factores que influyen en el bienestar psicosocial de los grupos vulnerables y en codise\u00f1ar intervenciones (presenciales\/digitales) que apoyen a los adultos mayores, los j\u00f3venes y las poblaciones intergeneracionales. Tambi\u00e9n estoy interesada en evaluar estas intervenciones (por ejemplo, psicoterapia, m\u00fasica, actividad f\u00edsica, asistida por animales) y en medir los marcadores de bienestar psicosocial utilizando m\u00e9todos mixtos.\u00a0<\/li>\n<\/ul>\n<\/div><\/div>\n\n\n\n<ul class=\"wp-block-list\">\n<li><strong>Por qu\u00e9 participo en la Academia: <\/strong>Me siento honrado de formar parte de la academia, ya que es una gran oportunidad para seguir desarrollando mis habilidades de revisi\u00f3n por pares, adquirir competencia y contribuir a mantener los m\u00e1s altos est\u00e1ndares de rigor cient\u00edfico en las publicaciones. A trav\u00e9s de la formaci\u00f3n estructurada y la tutor\u00eda, mi objetivo es mejorar mi confianza y mi capacidad para proporcionar comentarios constructivos, equilibrados y \u00e9ticos a los autores como parte de mi servicio a la comunidad acad\u00e9mica.\u00a0<\/li>\n<\/ul>\n\n\n\n<ul class=\"wp-block-list\">\n<li><strong>Mentor:<\/strong> Dra. Deborah Salvo\u00a0<\/li>\n<\/ul>\n\n\n\n<p class=\"has-large-font-size wp-block-paragraph\"><strong>2. Dr. Alexandre Silva<\/strong><\/p>\n\n\n\n<ul class=\"wp-block-list\">\n<li>Investigador Postdoctoral Asociado, Unidad de Personas, Salud y Lugar, Universidad de Washington en San Luis, EE.UU.<\/li>\n<\/ul>\n\n\n\n<div class=\"wp-block-media-text is-stacked-on-mobile\" style=\"grid-template-columns:36% auto\"><figure class=\"wp-block-media-text__media\"><img decoding=\"async\" width=\"560\" height=\"772\" src=\"https:\/\/ispah.tecology-hosting.co\/wp-content\/uploads\/2025\/08\/Alexandre-Silva.jpg\" alt=\"Alexandre silva\" class=\"wp-image-34603 size-full\" \/><\/figure><div class=\"wp-block-media-text__content\">\n<ul class=\"wp-block-list\">\n<li><strong>Intereses de investigaci\u00f3n:<\/strong> Mis antecedentes de investigaci\u00f3n y formaci\u00f3n acad\u00e9mica se realizaron en Brasil, centrados en la relaci\u00f3n entre la actividad f\u00edsica y el entorno construido\/percibido. Actualmente estoy ampliando mis investigaciones a la salud p\u00fablica, las desigualdades y la sostenibilidad.\u00a0<\/li>\n\n\n\n<li><strong>Por qu\u00e9 participo en la Academia: <\/strong>La revisi\u00f3n por pares es una parte fundamental de la continuidad y sostenibilidad de la credibilidad en la ciencia. Participar en la Academia ser\u00e1 una forma eficaz de garantizar la formaci\u00f3n adecuada de la pr\u00f3xima generaci\u00f3n de revisores y contribuir a la comunidad cient\u00edfica.\u00a0<\/li>\n<\/ul>\n<\/div><\/div>\n\n\n\n<ul class=\"wp-block-list\">\n<li><strong>Mentor: <\/strong>Dra. Loretta DiPietro\u00a0<\/li>\n<\/ul>\n\n\n\n<p class=\"has-large-font-size wp-block-paragraph\"><strong>3. Ruirui Xing<\/strong><\/p>\n\n\n\n<ul class=\"wp-block-list\">\n<li>Doctorando, Instituto de Salud y Deporte, Universidad de Victoria, Australia<\/li>\n\n\n\n<li><strong>Intereses de investigaci\u00f3n:<\/strong> Me centro en c\u00f3mo las percepciones de los padres sobre el entorno del vecindario influyen en los comportamientos de movimiento de ni\u00f1os y adolescentes.\u00a0\u00a0<\/li>\n<\/ul>\n\n\n\n<div class=\"wp-block-media-text is-stacked-on-mobile\" style=\"grid-template-columns:31% auto\"><figure class=\"wp-block-media-text__media\"><img decoding=\"async\" width=\"799\" height=\"876\" src=\"https:\/\/ispah.tecology-hosting.co\/wp-content\/uploads\/2025\/08\/Ruirui-Xing.jpg\" alt=\"Ruirui xing\" class=\"wp-image-34604 size-full\" \/><\/figure><div class=\"wp-block-media-text__content\">\n<ul class=\"wp-block-list\">\n<li><strong>Por qu\u00e9 participo en la Academia: <\/strong>Me entusiasma mejorar mis aptitudes para evaluar el m\u00e9rito cient\u00edfico de los manuscritos y elaborar informes constructivos para los revisores. Mi objetivo es aplicar y compartir estas competencias en mi red acad\u00e9mica, fomentando una cultura de evaluaci\u00f3n acad\u00e9mica rigurosa y constructiva.\u00a0\u00a0<\/li>\n<\/ul>\n<\/div><\/div>\n\n\n\n<ul class=\"wp-block-list\">\n<li><strong>Mentor:<\/strong> Dr. Jasper Schipperijn\u00a0<\/li>\n<\/ul>\n\n\n\n<p class=\"has-large-font-size wp-block-paragraph\"><strong>4. David Janda<\/strong><\/p>\n\n\n\n<ul class=\"wp-block-list\">\n<li>Doctorando y becario de investigaci\u00f3n, Facultad de Cultura F\u00edsica, Universidad Palack\u00fd de Olomouc, Rep\u00fablica Checa\u00a0<\/li>\n<\/ul>\n\n\n\n<div class=\"wp-block-media-text is-stacked-on-mobile\" style=\"grid-template-columns:34% auto\"><figure class=\"wp-block-media-text__media\"><img decoding=\"async\" width=\"810\" height=\"1080\" src=\"https:\/\/ispah.tecology-hosting.co\/wp-content\/uploads\/2025\/08\/David-Janda-810x1080.jpg\" alt=\"David janda\" class=\"wp-image-34605 size-full\" srcset=\"https:\/\/ispah.tecology-hosting.co\/wp-content\/uploads\/2025\/08\/David-Janda-810x1080.jpg 810w, https:\/\/ispah.tecology-hosting.co\/wp-content\/uploads\/2025\/08\/David-Janda-720x960.jpg 720w, https:\/\/ispah.tecology-hosting.co\/wp-content\/uploads\/2025\/08\/David-Janda.jpg 1440w\" sizes=\"(max-width: 810px) 100vw, 810px\" \/><\/figure><div class=\"wp-block-media-text__content\">\n<ul class=\"wp-block-list\">\n<li><strong>Intereses de investigaci\u00f3n:<\/strong> Trabajo en epidemiolog\u00eda de los comportamientos de movimiento, centr\u00e1ndome en la actividad f\u00edsica, el comportamiento sedentario y el sue\u00f1o en ni\u00f1os y adolescentes, y sus asociaciones con los resultados de salud.\u00a0<\/li>\n<\/ul>\n\n\n\n<ul class=\"wp-block-list\">\n<li><strong>Por qu\u00e9 participo en la Academia: <\/strong>Estoy deseando perfeccionar mis habilidades de revisi\u00f3n por pares mediante una tutor\u00eda estructurada, al tiempo que tengo acceso a los \u00faltimos descubrimientos en este campo.\u00a0<\/li>\n<\/ul>\n<\/div><\/div>\n\n\n\n<ul class=\"wp-block-list\">\n<li><strong>Mentor:<\/strong> Dra. Karen Milton\u00a0<\/li>\n<\/ul>\n\n\n\n<p class=\"has-large-font-size wp-block-paragraph\"><strong>5. Diana Morales<\/strong><\/p>\n\n\n\n<ul class=\"wp-block-list\">\n<li>Doctorando, Departamento de Salud y Kinesiolog\u00eda, Universidad de Illinois en Urbana-Champaign, EE.UU.\u00a0<\/li>\n<\/ul>\n\n\n\n<div class=\"wp-block-media-text is-stacked-on-mobile\" style=\"grid-template-columns:41% auto\"><figure class=\"wp-block-media-text__media\"><img decoding=\"async\" width=\"1080\" height=\"1080\" src=\"https:\/\/ispah.tecology-hosting.co\/wp-content\/uploads\/2025\/08\/Diana-Morales-1080x1080.jpeg\" alt=\"Diana Morales\" class=\"wp-image-34606 size-full\" srcset=\"https:\/\/ispah.tecology-hosting.co\/wp-content\/uploads\/2025\/08\/Diana-Morales-1080x1080.jpeg 1080w, https:\/\/ispah.tecology-hosting.co\/wp-content\/uploads\/2025\/08\/Diana-Morales-960x960.jpeg 960w, https:\/\/ispah.tecology-hosting.co\/wp-content\/uploads\/2025\/08\/Diana-Morales.jpeg 1710w\" sizes=\"(max-width: 1080px) 100vw, 1080px\" \/><\/figure><div class=\"wp-block-media-text__content\">\n<ul class=\"wp-block-list\">\n<li><strong>Intereses de investigaci\u00f3n:<\/strong> Mi investigaci\u00f3n se centra en las enfermedades neurodegenerativas y el envejecimiento, concretamente en el desarrollo y la aplicaci\u00f3n de intervenciones conductuales culturalmente adaptadas a las poblaciones latinas para mejorar los resultados de la salud cerebral. Investigo los efectos sin\u00e9rgicos del biling\u00fcismo, la actividad f\u00edsica y la dieta en la promoci\u00f3n de la protecci\u00f3n cognitiva y la promoci\u00f3n de la equidad en salud a trav\u00e9s de estrategias adaptadas y basadas en la evidencia.\u00a0<\/li>\n<\/ul>\n<\/div><\/div>\n\n\n\n<ul class=\"wp-block-list\">\n<li><strong>Por qu\u00e9 participo en la Academia: <\/strong>Espero establecer una red de confianza, fomentar conexiones valiosas y ganar confianza como revisor competente. Creo que este programa conformar\u00e1 de manera significativa mi identidad como investigadora y acad\u00e9mica.\u00a0<\/li>\n<\/ul>\n\n\n\n<ul class=\"wp-block-list\">\n<li><strong>Mentor:<\/strong> Dr. Michael Pratt\u00a0<\/li>\n<\/ul>\n\n\n\n<p class=\"has-large-font-size wp-block-paragraph\"><strong>6. Dr. Tawonga Mwase-Vuma\u00a0<\/strong>\u00a0<\/p>\n\n\n\n<ul class=\"wp-block-list\">\n<li>Investigador, Centro de Investigaci\u00f3n Social, Universidad de Malawi, Malawi<\/li>\n<\/ul>\n\n\n\n<div class=\"wp-block-media-text is-stacked-on-mobile\" style=\"grid-template-columns:38% auto\"><figure class=\"wp-block-media-text__media\"><img decoding=\"async\" width=\"810\" height=\"1080\" src=\"https:\/\/ispah.tecology-hosting.co\/wp-content\/uploads\/2025\/08\/Tawonga-Mwase-Vuma-810x1080.jpg\" alt=\"Tawonga mwase vuma\" class=\"wp-image-34607 size-full\" srcset=\"https:\/\/ispah.tecology-hosting.co\/wp-content\/uploads\/2025\/08\/Tawonga-Mwase-Vuma-810x1080.jpg 810w, https:\/\/ispah.tecology-hosting.co\/wp-content\/uploads\/2025\/08\/Tawonga-Mwase-Vuma-720x960.jpg 720w, https:\/\/ispah.tecology-hosting.co\/wp-content\/uploads\/2025\/08\/Tawonga-Mwase-Vuma.jpg 1440w\" sizes=\"(max-width: 810px) 100vw, 810px\" \/><\/figure><div class=\"wp-block-media-text__content\">\n<ul class=\"wp-block-list\">\n<li><strong>Intereses de investigaci\u00f3n:<\/strong> Mi investigaci\u00f3n se centra en la salud p\u00fablica, en particular en la epidemiolog\u00eda del comportamiento de movimiento (actividad f\u00edsica, comportamiento sedentario y sue\u00f1o) y la medici\u00f3n de la actividad f\u00edsica en ni\u00f1os y adolescentes en pa\u00edses de renta baja y media (PRMB). Tambi\u00e9n me interesa investigar las enfermedades no transmisibles y emergentes en los PIBM.\u00a0<\/li>\n<\/ul>\n<\/div><\/div>\n\n\n\n<ul class=\"wp-block-list\">\n<li><strong>Por qu\u00e9 participo en la Academia: <\/strong>Me entusiasma unirme a la Academia, ya que me ayudar\u00e1 a adquirir conocimientos profundos y experiencia en la redacci\u00f3n de informes constructivos de revisi\u00f3n por pares y a establecer mis credenciales como revisora competente. Espero utilizar esta experiencia para orientar a mis colegas y becarios de investigaci\u00f3n y contribuir a colmar las lagunas de capacidad en la investigaci\u00f3n sobre la actividad f\u00edsica en contextos del \u00c1frica subsahariana de bajos ingresos.\u00a0<\/li>\n<\/ul>\n\n\n\n<ul class=\"wp-block-list\">\n<li><strong>Mentor:<\/strong> Dr. David Bassett, Jr.\u00a0<\/li>\n<\/ul>\n\n\n\n<p class=\"has-large-font-size wp-block-paragraph\"><strong>7. Dra. Jenna McVicar<\/strong>\u00a0<\/p>\n\n\n\n<ul class=\"wp-block-list\">\n<li>Responsable de investigaci\u00f3n, Facultad de Medicina, Enfermer\u00eda y Ciencias de la Salud, Universidad Monash, Melbourne, Australia\u00a0<\/li>\n<\/ul>\n\n\n\n<div class=\"wp-block-media-text is-stacked-on-mobile\" style=\"grid-template-columns:41% auto\"><figure class=\"wp-block-media-text__media\"><img decoding=\"async\" width=\"800\" height=\"800\" src=\"https:\/\/ispah.tecology-hosting.co\/wp-content\/uploads\/2025\/08\/Jenna-McVicar.jpg\" alt=\"Jenna mcvicar\" class=\"wp-image-34608 size-full\" \/><\/figure><div class=\"wp-block-media-text__content\">\n<ul class=\"wp-block-list\">\n<li><strong>Intereses de investigaci\u00f3n:<\/strong> Mi investigaci\u00f3n consiste en la evaluaci\u00f3n de la experiencia fisiol\u00f3gica y subjetiva en un entorno de RV. Mis intereses se centran en la actividad f\u00edsica y la comprensi\u00f3n de c\u00f3mo promover la actividad f\u00edsica en poblaciones cl\u00ednicas.\u00a0<\/li>\n<\/ul>\n\n\n\n<ul class=\"wp-block-list\">\n<li><strong>Por qu\u00e9 participo en la Academia: <\/strong>Me entusiasma formar parte de la Academia por la oportunidad que me brinda de trabajar y aprender de grandes cient\u00edficos en este campo y de mejorar mis aptitudes para la revisi\u00f3n por pares.\u00a0<\/li>\n<\/ul>\n<\/div><\/div>\n\n\n\n<ul class=\"wp-block-list\">\n<li><strong>Mentor:<\/strong> Dr. Stuart Biddle\u00a0<\/li>\n<\/ul>\n\n\n\n<p class=\"has-large-font-size wp-block-paragraph\"><strong>8. Dr. Shan Jiang<\/strong>\u00a0<\/p>\n\n\n\n<ul class=\"wp-block-list\">\n<li>Investigador, Departamento de Pediatr\u00eda y Medicina del Adolescente, Universidad de Hong Kong\u00a0<\/li>\n<\/ul>\n\n\n\n<div class=\"wp-block-media-text is-stacked-on-mobile\" style=\"grid-template-columns:43% auto\"><figure class=\"wp-block-media-text__media\"><img decoding=\"async\" width=\"1080\" height=\"1080\" src=\"https:\/\/ispah.tecology-hosting.co\/wp-content\/uploads\/2025\/08\/Shan-Jiang-1080x1080.jpg\" alt=\"Shan jiang\" class=\"wp-image-34609 size-full\" srcset=\"https:\/\/ispah.tecology-hosting.co\/wp-content\/uploads\/2025\/08\/Shan-Jiang-1080x1080.jpg 1080w, https:\/\/ispah.tecology-hosting.co\/wp-content\/uploads\/2025\/08\/Shan-Jiang-960x960.jpg 960w, https:\/\/ispah.tecology-hosting.co\/wp-content\/uploads\/2025\/08\/Shan-Jiang.jpg 1920w\" sizes=\"(max-width: 1080px) 100vw, 1080px\" \/><\/figure><div class=\"wp-block-media-text__content\">\n<ul class=\"wp-block-list\">\n<li><strong>Intereses de investigaci\u00f3n:<\/strong> Mi investigaci\u00f3n explora c\u00f3mo las intervenciones de eHealth pueden promover comportamientos de movimiento saludables y el desarrollo cognitivo a lo largo de la vida, con un enfoque particular en la primera infancia. Dise\u00f1o, implemento y eval\u00fao intervenciones de actividad f\u00edsica culturalmente sensibles y habilitadas por la tecnolog\u00eda para apoyar estilos de vida sostenibles y que mejoren la salud.\u00a0<\/li>\n<\/ul>\n<\/div><\/div>\n\n\n\n<ul class=\"wp-block-list\">\n<li><strong>Por qu\u00e9 participo en la Academia: <\/strong>Me entusiasma unirme a la Peer Review Academy para seguir desarrollando mis habilidades de evaluaci\u00f3n cr\u00edtica y comunicaci\u00f3n acad\u00e9mica. Esta experiencia reforzar\u00e1 mi capacidad para proporcionar revisiones por pares constructivas y de alta calidad y contribuir significativamente al avance de la investigaci\u00f3n en actividad f\u00edsica, salud p\u00fablica e innovaci\u00f3n en salud digital.\u00a0<\/li>\n<\/ul>\n\n\n\n<ul class=\"wp-block-list\">\n<li><strong>Mentor:<\/strong> Dr. Gregore Mielke\u00a0<\/li>\n<\/ul>","protected":false},"excerpt":{"rendered":"<p>The International Society for Physical Activity &amp; Health (ISPAH) and the Journal of Physical Activity &amp; Health (JPAH) are proud to announce the second class of mentees for the Bill Kohl Peer Review Academy. This Academy, named in honor of the late Harold W. (Bill) Kohl III, is a mentor-driven program designed to elevate the [&hellip;]<\/p>\n","protected":false},"author":1154,"featured_media":34611,"comment_status":"closed","ping_status":"closed","sticky":false,"template":"","format":"standard","meta":{"_jf_schedule_form":"","_jf_limit_responses":"","country-income-classification":"","slim_seo":{"title":"2025 Bill Kohl Peer Review Academy Mentees\u00a0 - ISPAH","description":"La Sociedad Internacional para la Actividad F\u00edsica y la Salud (ISPAH) y el Journal of Physical Activity &amp; Health (JPAH) se enorgullecen de anunciar el segundo c"},"_slim_seo_primary_term_category":0,"_slim_seo_primary_term_post_tag":0,"footnotes":""},"categories":[60,23,370],"tags":[],"class_list":["post-34601","post","type-post","status-publish","format-standard","has-post-thumbnail","hentry","category-announcements","category-blog","category-early-career-network"],"_links":{"self":[{"href":"https:\/\/ispah.tecology-hosting.co\/es_es\/wp-json\/wp\/v2\/posts\/34601","targetHints":{"allow":["GET"]}}],"collection":[{"href":"https:\/\/ispah.tecology-hosting.co\/es_es\/wp-json\/wp\/v2\/posts"}],"about":[{"href":"https:\/\/ispah.tecology-hosting.co\/es_es\/wp-json\/wp\/v2\/types\/post"}],"author":[{"embeddable":true,"href":"https:\/\/ispah.tecology-hosting.co\/es_es\/wp-json\/wp\/v2\/users\/1154"}],"replies":[{"embeddable":true,"href":"https:\/\/ispah.tecology-hosting.co\/es_es\/wp-json\/wp\/v2\/comments?post=34601"}],"version-history":[{"count":3,"href":"https:\/\/ispah.tecology-hosting.co\/es_es\/wp-json\/wp\/v2\/posts\/34601\/revisions"}],"predecessor-version":[{"id":34615,"href":"https:\/\/ispah.tecology-hosting.co\/es_es\/wp-json\/wp\/v2\/posts\/34601\/revisions\/34615"}],"wp:featuredmedia":[{"embeddable":true,"href":"https:\/\/ispah.tecology-hosting.co\/es_es\/wp-json\/wp\/v2\/media\/34611"}],"wp:attachment":[{"href":"https:\/\/ispah.tecology-hosting.co\/es_es\/wp-json\/wp\/v2\/media?parent=34601"}],"wp:term":[{"taxonomy":"category","embeddable":true,"href":"https:\/\/ispah.tecology-hosting.co\/es_es\/wp-json\/wp\/v2\/categories?post=34601"},{"taxonomy":"post_tag","embeddable":true,"href":"https:\/\/ispah.tecology-hosting.co\/es_es\/wp-json\/wp\/v2\/tags?post=34601"}],"curies":[{"name":"wp","href":"https:\/\/api.w.org\/{rel}","templated":true}]}}