{"id":34487,"date":"2025-08-14T05:58:50","date_gmt":"2025-08-14T04:58:50","guid":{"rendered":"https:\/\/ispah.tecology-hosting.co\/?p=34487"},"modified":"2025-08-21T07:36:15","modified_gmt":"2025-08-21T06:36:15","slug":"entornos-activos-ispah-gappa-webinar-2","status":"publish","type":"post","link":"https:\/\/ispah.tecology-hosting.co\/es_es\/active-environments-ispah-gappa-webinar-2\/","title":{"rendered":"Entornos activos: ISPAH GAPPA Webinar #2"},"content":{"rendered":"<p class=\"wp-block-paragraph\">Este es el segundo de una serie de cuatro seminarios web sobre soluciones a la inactividad f\u00edsica dise\u00f1ados en torno a los elementos del Plan de Acci\u00f3n Mundial sobre la Actividad F\u00edsica (GAPPA) de la Organizaci\u00f3n Mundial de la Salud.<\/p>\n\n\n\n<p class=\"wp-block-paragraph\">Este seminario web se centra en los \"Entornos activos\" y mostrar\u00e1 soluciones para la actividad f\u00edsica que se aplican a gran escala en diferentes entornos y dirigidas a diferentes poblaciones.<\/p>\n\n\n\n<p class=\"wp-block-paragraph\">Otros seminarios web se centrar\u00e1n en los \"Sistemas Activos\" (gobernanza y pol\u00edticas) y las \"Sociedades Activas\" (normas y actitudes sociales).<\/p>\n\n\n\n<h2 class=\"wp-block-heading\">\u00bfCu\u00e1ndo? <\/h2>\n\n\n\n<p class=\"has-accent-color has-text-color has-link-color has-large-font-size wp-elements-1 wp-block-paragraph\"><strong>Lunes 8 de septiembre de 2025<\/strong><\/p>\n\n\n\n<figure class=\"wp-block-table is-style-stripes\"><table class=\"has-contrast-color has-text-color has-link-color has-fixed-layout\"><tbody><tr><td class=\"has-text-align-center\" data-align=\"center\"><strong>Ubicaci\u00f3n<\/strong><\/td><td class=\"has-text-align-left\" data-align=\"left\"><strong>Tiempo<\/strong><\/td><\/tr><tr><td class=\"has-text-align-center\" data-align=\"center\">     Londres<\/td><td class=\"has-text-align-left\" data-align=\"left\">8 de la ma\u00f1ana<\/td><\/tr><tr><td class=\"has-text-align-center\" data-align=\"center\">     Berl\u00edn<\/td><td class=\"has-text-align-left\" data-align=\"left\">9 de la ma\u00f1ana<\/td><\/tr><tr><td class=\"has-text-align-center\" data-align=\"center\">     Delhi<\/td><td class=\"has-text-align-left\" data-align=\"left\">12h30<\/td><\/tr><tr><td class=\"has-text-align-center\" data-align=\"center\">     Singapur<\/td><td class=\"has-text-align-left\" data-align=\"left\">15h00<\/td><\/tr><tr><td class=\"has-text-align-center\" data-align=\"center\">     Australia Oriental<\/td><td class=\"has-text-align-left\" data-align=\"left\">17h00<\/td><\/tr><\/tbody><\/table><\/figure>\n\n\n\n<h2 class=\"wp-block-heading\" id=\"speakers-1\">Oradores:<\/h2>\n\n\n\n<p class=\"has-large-font-size wp-block-paragraph\"><strong>Dr. Tiago Canelas<\/strong><\/p>\n\n\n\n<div class=\"wp-block-columns is-layout-flex wp-container-core-columns-is-layout-04822461 wp-block-columns-is-layout-flex\">\n<div class=\"wp-block-column is-layout-flow wp-block-column-is-layout-flow\">\n<p class=\"wp-block-paragraph\">La Dra. Canelas es investigadora asociada en la Red Mundial de Investigaci\u00f3n sobre la Dieta y la Actividad (GDAR) de la Universidad de Cambridge (Reino Unido). La Dra. Canelas tiene una formaci\u00f3n interdisciplinar que abarca desde la geograf\u00eda (BA) hasta la salud global (MSc y PhD). Su trabajo se centra en la gesti\u00f3n de cat\u00e1strofes, el cambio clim\u00e1tico, el entorno construido, la dieta, la actividad f\u00edsica y las enfermedades tanto infecciosas como no transmisibles, sobre todo en pa\u00edses de renta baja y media. Fuera del mundo acad\u00e9mico, le gusta hacer mapas y entrenarse para triatlones.<br><\/p>\n<\/div>\n\n\n\n<div class=\"wp-block-column is-layout-flow wp-block-column-is-layout-flow\">\n<figure data-wp-context=\"{&quot;imageId&quot;:&quot;6a9d45204820d&quot;}\" data-wp-interactive=\"core\/image\" data-wp-key=\"6a9d45204820d\" class=\"wp-block-image aligncenter size-large is-resized wp-lightbox-container\"><img decoding=\"async\" width=\"790\" height=\"1080\" data-wp-class--hide=\"state.isContentHidden\" data-wp-class--show=\"state.isContentVisible\" data-wp-init=\"callbacks.setButtonStyles\" data-wp-on--click=\"actions.showLightbox\" data-wp-on--load=\"callbacks.setButtonStyles\" data-wp-on--pointerdown=\"actions.preloadImage\" data-wp-on--pointerenter=\"actions.preloadImageWithDelay\" data-wp-on--pointerleave=\"actions.cancelPreload\" data-wp-on-window--resize=\"callbacks.setButtonStyles\" src=\"https:\/\/ispah.tecology-hosting.co\/wp-content\/uploads\/2025\/08\/Tiago-790x1080.jpeg\" alt=\"Tiago\" class=\"wp-image-34530\" style=\"width:261px;height:auto\" srcset=\"https:\/\/ispah.tecology-hosting.co\/wp-content\/uploads\/2025\/08\/Tiago-790x1080.jpeg 790w, https:\/\/ispah.tecology-hosting.co\/wp-content\/uploads\/2025\/08\/Tiago-702x960.jpeg 702w, https:\/\/ispah.tecology-hosting.co\/wp-content\/uploads\/2025\/08\/Tiago.jpeg 1404w\" sizes=\"(max-width: 790px) 100vw, 790px\" \/><button\n\t\t\tclass=\"lightbox-trigger\"\n\t\t\ttype=\"button\"\n\t\t\taria-haspopup=\"dialog\"\n\t\t\tdata-wp-bind--aria-label=\"state.thisImage.triggerButtonAriaLabel\"\n\t\t\tdata-wp-init=\"callbacks.initTriggerButton\"\n\t\t\tdata-wp-on--click=\"actions.showLightbox\"\n\t\t\tdata-wp-style--right=\"state.thisImage.buttonRight\"\n\t\t\tdata-wp-style--top=\"state.thisImage.buttonTop\"\n\t\t>\n\t\t\t<svg xmlns=\"http:\/\/www.w3.org\/2000\/svg\" width=\"12\" height=\"12\" fill=\"none\" viewbox=\"0 0 12 12\">\n\t\t\t\t<path fill=\"#fff\" d=\"M2 0a2 2 0 0 0-2 2v2h1.5V2a.5.5 0 0 1 .5-.5h2V0H2Zm2 10.5H2a.5.5 0 0 1-.5-.5V8H0v2a2 2 0 0 0 2 2h2v-1.5ZM8 12v-1.5h2a.5.5 0 0 0 .5-.5V8H12v2a2 2 0 0 1-2 2H8Zm2-12a2 2 0 0 1 2 2v2h-1.5V2a.5.5 0 0 0-.5-.5H8V0h2Z\" \/>\n\t\t\t<\/svg>\n\t\t<\/button><\/figure>\n<\/div>\n<\/div>\n\n\n\n<p class=\"wp-block-paragraph\">La presentaci\u00f3n del Dr. Canelas versar\u00e1 sobre un estudio que evalu\u00f3 c\u00f3mo los entornos urbanos de cuatro ciudades africanas contribuyen al riesgo de enfermedades no transmisibles a trav\u00e9s de la inactividad f\u00edsica, las dietas malsanas y los peligros relacionados con el clima. El equipo utiliz\u00f3 herramientas estandarizadas, adaptadas con socios locales, para recoger datos en 23 zonas peque\u00f1as, con distintos niveles de privaci\u00f3n socioecon\u00f3mica. Los resultados nos ayudan a comprender c\u00f3mo los riesgos sindr\u00f3micos influyen en la salud urbana y qu\u00e9 se necesita para medirlos de forma significativa.<\/p>\n\n\n\n<p class=\"has-large-font-size wp-block-paragraph\"><strong>Prof. Jasper Schipperijn<\/strong><\/p>\n\n\n\n<p class=\"wp-block-paragraph\">El profesor Schipperijn es catedr\u00e1tico de Entornos de Vida Activa en el Departamento de Ciencias del Deporte y Biomec\u00e1nica Cl\u00ednica de la Universidad del Sur de Dinamarca.<\/p>\n\n\n\n<div class=\"wp-block-media-text is-stacked-on-mobile\" style=\"grid-template-columns:56% auto\"><figure class=\"wp-block-media-text__media\"><img decoding=\"async\" width=\"1620\" height=\"1080\" src=\"https:\/\/ispah.tecology-hosting.co\/wp-content\/uploads\/2025\/08\/Jasper-1620x1080.jpg\" alt=\"Jasper\" class=\"wp-image-34531 size-full\" srcset=\"https:\/\/ispah.tecology-hosting.co\/wp-content\/uploads\/2025\/08\/Jasper-1620x1080.jpg 1620w, https:\/\/ispah.tecology-hosting.co\/wp-content\/uploads\/2025\/08\/Jasper-960x640.jpg 960w, https:\/\/ispah.tecology-hosting.co\/wp-content\/uploads\/2025\/08\/Jasper.jpg 1920w\" sizes=\"(max-width: 1620px) 100vw, 1620px\" \/><\/figure><div class=\"wp-block-media-text__content\">\n<p class=\"wp-block-paragraph\"> Sus intereses de investigaci\u00f3n giran en torno a tres temas principales: 1) los parques infantiles; 2) la realizaci\u00f3n de estudios de intervenci\u00f3n multidisciplinares para crear entornos de vida activa; y 3) el desarrollo de herramientas y m\u00e9todos que permitan medir la vida activa y el entorno en el que tiene lugar.<\/p>\n<\/div><\/div>\n\n\n\n<p class=\"wp-block-paragraph\">Gran parte de su trabajo se basa en estudios de intervenci\u00f3n o experimentos naturales que implican cambios en el entorno construido, por ejemplo, la cocreaci\u00f3n y renovaci\u00f3n de patios escolares, zonas verdes urbanas, espacios p\u00fablicos abiertos o instalaciones para ciclistas.<\/p>\n\n\n\n<p class=\"wp-block-paragraph\">La ponencia del profesor Schipperijn har\u00e1 un repaso de los trabajos sobre la creaci\u00f3n de entornos activos para y con ni\u00f1os y j\u00f3venes.<\/p>\n\n\n\n<p class=\"has-large-font-size wp-block-paragraph\"><strong>Dra. Melanie Lowe<\/strong><\/p>\n\n\n\n<div class=\"wp-block-media-text is-stacked-on-mobile\" style=\"grid-template-columns:43% auto\"><figure class=\"wp-block-media-text__media\"><img decoding=\"async\" width=\"994\" height=\"1080\" src=\"https:\/\/ispah.tecology-hosting.co\/wp-content\/uploads\/2025\/08\/Melanie_MSSI-edited_cropped-994x1080.jpg\" alt=\"Melanie mssi editado recortado\" class=\"wp-image-34532 size-full\" srcset=\"https:\/\/ispah.tecology-hosting.co\/wp-content\/uploads\/2025\/08\/Melanie_MSSI-edited_cropped-994x1080.jpg 994w, https:\/\/ispah.tecology-hosting.co\/wp-content\/uploads\/2025\/08\/Melanie_MSSI-edited_cropped-884x960.jpg 884w, https:\/\/ispah.tecology-hosting.co\/wp-content\/uploads\/2025\/08\/Melanie_MSSI-edited_cropped.jpg 1767w\" sizes=\"(max-width: 994px) 100vw, 994px\" \/><\/figure><div class=\"wp-block-media-text__content\">\n<p class=\"wp-block-paragraph\">El Dr. Lowe es investigador principal del Vicerrectorado del Centro de Investigaci\u00f3n Urbana de la Universidad RMIT de Melbourne (Australia). La Dra. Lowe es una investigadora en planificaci\u00f3n urbana y salud p\u00fablica que estudia c\u00f3mo planificar ciudades sanas, activas y resistentes y elabora indicadores basados en pruebas para supervisar y fundamentar las pol\u00edticas. El Dr. Lowe es codirector del&nbsp;<a href=\"https:\/\/secure-web.cisco.com\/1EXAVlYS69WSMWCLMgPC6Ahd1zmRMp5h5v5Sgi8jRHY2W91sv80m1tZDDh7ZT9EbeBzFP7XysTND_C3-OjihiLIpJHssq6sxGjysmhD-4HkljDHwA7_rSmBfJ8QTQb9vzB-KpbB-ptO9uRJHRvcma2LZ7F9H8C30rIH1qCXLL5dfTDQE3SAUubbHiphhYHWHd3fSy-Ws3SzIe5RQ-BipdoFOMYAd3LpDAIg9S7OrybhvWMOcbxTPDEz6nEUlis3-TjEmM69XLbmbHBlm9JuZ1zIGNhYrjsPG5i5pYqM5GjCcl3VfeTaPduUMy9RUcYnKwcv5sMMqUuyAumXKvX9RNfkbsCCSP0s0aUlZ1i_1V9ygtSG6HYk6-r3V44XiF5eZquagfHWkX2Kv5juado50_tYesyXtg5aqyvT4rAQntsc-W_MrY8WgPx9P3Fc0Eol_O\/https%3A%2F%2Fwww.healthysustainablecities.org%2F\" target=\"_blank\" rel=\"noreferrer noopener\">Observatorio Mundial de Ciudades Saludables y Sostenibles<\/a>que proporciona indicadores de dise\u00f1o y planificaci\u00f3n urbanos saludables y sostenibles para ciudades de todo el mundo.<\/p>\n<\/div><\/div>\n\n\n\n<p class=\"wp-block-paragraph\"> La Dra. Lowe colabora con equipos multidisciplinares de investigadores y responsables pol\u00edticos para reforzar la consideraci\u00f3n de la salud en la planificaci\u00f3n urbana. Las investigaciones del Dr. Lowe se han incluido en las pol\u00edticas de los gobiernos locales, estatales y federales de Australia y son utilizadas por organizaciones internacionales.<\/p>\n\n\n\n<p class=\"wp-block-paragraph\">La presentaci\u00f3n del Dr. Lowe versar\u00e1 sobre la medici\u00f3n del progreso hacia ciudades activas a escala internacional. El Observatorio Global de Ciudades Saludables y Sostenibles proporciona indicadores espaciales y pol\u00edticos comparables y basados en pruebas sobre dise\u00f1o y planificaci\u00f3n urbana saludable, activa y sostenible para ciudades de todo el mundo.  En esta presentaci\u00f3n se expondr\u00e1n los avances recientes en la ampliaci\u00f3n del Observatorio Mundial, mediante el desarrollo de nuevos indicadores, el aumento del n\u00famero de miembros internacionales y la incorporaci\u00f3n de nuevas ciudades a nuestra plataforma cient\u00edfica abierta. Nuestra colaboraci\u00f3n mundial est\u00e1 creando capacidades de promoci\u00f3n y ayudando a supervisar el progreso hacia entornos urbanos que promuevan la vida activa y la resiliencia clim\u00e1tica.<\/p>\n\n\n<div id=\"alert-wgnfm9atjg\" class=\"wp-block-tecology-alert alert  alert-primary\" role=\"alert\" aria-live=\"polite\"><div class=\"alert-content\"><p class=\"has-text-align-center wp-block-paragraph\"><strong>Tenga en cuenta lo siguiente: <\/strong>Este es un seminario web s\u00f3lo para miembros de ISPAH<\/p><\/div><\/div>\n\n\n<div class=\"wp-block-buttons is-content-justification-center is-layout-flex wp-container-core-buttons-is-layout-ae92ed25 wp-block-buttons-is-layout-flex\" style=\"margin-top:var(--wp--preset--spacing--20)\">\n<div class=\"wp-block-button\"><a class=\"wp-block-button__link wp-element-button\" href=\"https:\/\/ispah.tecology-hosting.co\/es_es\/area-de-miembros\/webinars\/\"><strong>INSCR\u00cdBASE EN EL SEMINARIO WEB AQU\u00cd<\/strong><\/a><\/div>\n<\/div>","protected":false},"excerpt":{"rendered":"<p>This is the second in a series of four webinars on solutions to physical inactivity designed around the elements of the World Health Organization&#8217;s Global Action Plan on Physical Activity (GAPPA). This webinar focuses on &#8220;Active Environments&#8221; and will showcase solutions solutions to physical activity that are delivered at scale in different settings targeting different [&hellip;]<\/p>\n","protected":false},"author":1154,"featured_media":34542,"comment_status":"closed","ping_status":"closed","sticky":false,"template":"","format":"standard","meta":{"_jf_schedule_form":"","_jf_limit_responses":"","country-income-classification":"","slim_seo":{"title":"Active Environments: ISPAH GAPPA Webinar #2 - ISPAH","description":"Este es el segundo de una serie de cuatro seminarios web sobre soluciones a la inactividad f\u00edsica dise\u00f1adas en torno a los elementos de la Iniciativa Mundial de Acci\u00f3n de la Organizaci\u00f3n Mundial de la Salud (OMS)."},"_slim_seo_primary_term_category":0,"_slim_seo_primary_term_post_tag":0,"footnotes":""},"categories":[39],"tags":[399,400,401],"class_list":["post-34487","post","type-post","status-publish","format-standard","has-post-thumbnail","hentry","category-events","tag-active-environments","tag-gappa","tag-webinar"],"_links":{"self":[{"href":"https:\/\/ispah.tecology-hosting.co\/es_es\/wp-json\/wp\/v2\/posts\/34487","targetHints":{"allow":["GET"]}}],"collection":[{"href":"https:\/\/ispah.tecology-hosting.co\/es_es\/wp-json\/wp\/v2\/posts"}],"about":[{"href":"https:\/\/ispah.tecology-hosting.co\/es_es\/wp-json\/wp\/v2\/types\/post"}],"author":[{"embeddable":true,"href":"https:\/\/ispah.tecology-hosting.co\/es_es\/wp-json\/wp\/v2\/users\/1154"}],"replies":[{"embeddable":true,"href":"https:\/\/ispah.tecology-hosting.co\/es_es\/wp-json\/wp\/v2\/comments?post=34487"}],"version-history":[{"count":7,"href":"https:\/\/ispah.tecology-hosting.co\/es_es\/wp-json\/wp\/v2\/posts\/34487\/revisions"}],"predecessor-version":[{"id":34586,"href":"https:\/\/ispah.tecology-hosting.co\/es_es\/wp-json\/wp\/v2\/posts\/34487\/revisions\/34586"}],"wp:featuredmedia":[{"embeddable":true,"href":"https:\/\/ispah.tecology-hosting.co\/es_es\/wp-json\/wp\/v2\/media\/34542"}],"wp:attachment":[{"href":"https:\/\/ispah.tecology-hosting.co\/es_es\/wp-json\/wp\/v2\/media?parent=34487"}],"wp:term":[{"taxonomy":"category","embeddable":true,"href":"https:\/\/ispah.tecology-hosting.co\/es_es\/wp-json\/wp\/v2\/categories?post=34487"},{"taxonomy":"post_tag","embeddable":true,"href":"https:\/\/ispah.tecology-hosting.co\/es_es\/wp-json\/wp\/v2\/tags?post=34487"}],"curies":[{"name":"wp","href":"https:\/\/api.w.org\/{rel}","templated":true}]}}