{"id":34296,"date":"2025-07-01T23:41:35","date_gmt":"2025-07-01T22:41:35","guid":{"rendered":"https:\/\/ispah.tecology-hosting.co\/?p=34296"},"modified":"2025-07-01T23:41:36","modified_gmt":"2025-07-01T22:41:36","slug":"reflexiones-sobre-el-borrador-cero-de-la-declaracion-politica","status":"publish","type":"post","link":"https:\/\/ispah.tecology-hosting.co\/es_es\/reflections-on-the-zero-draft-of-the-political-declaration\/","title":{"rendered":"Reflexiones sobre el borrador cero de la declaraci\u00f3n pol\u00edtica de la cuarta reuni\u00f3n de alto nivel de la Asamblea General de las Naciones Unidas sobre la prevenci\u00f3n y el control de las enfermedades no transmisibles y la promoci\u00f3n de la salud y el bienestar mentales.\u00a0"},"content":{"rendered":"<p class=\"wp-block-paragraph\"><em>A la espera de la cuarta Reuni\u00f3n de Alto Nivel de las Naciones Unidas sobre enfermedades no transmisibles (ENT), la ISPAH, como parte del Grupo de Trabajo de la Sociedad Civil de la OMS sobre ENT, se mantiene al tanto de la acci\u00f3n.<\/em>&nbsp;<\/p>\n\n\n\n<p class=\"wp-block-paragraph\">El Grupo de Trabajo de la Sociedad Civil de la OMS sobre las ENT es una red informal de organizaciones de la sociedad civil relacionadas con las ENT, creada en 2017 para formular recomendaciones a la Directora General de la OMS sobre los principales hitos de la agenda mundial sobre las ENT. ISPAH se uni\u00f3 al grupo en 2024 y es el \u00fanico miembro que se ocupa exclusivamente de la actividad f\u00edsica.&nbsp;&nbsp;<\/p>\n\n\n\n<p class=\"wp-block-paragraph\">La Reuni\u00f3n de Alto Nivel sobre ENT y Salud Mental, que se celebrar\u00e1 en septiembre, culminar\u00e1 con una nueva declaraci\u00f3n pol\u00edtica destinada a acelerar los esfuerzos mundiales de prevenci\u00f3n y control de cara a 2030 y 2050.A <a href=\"https:\/\/www.who.int\/publications\/m\/item\/zero-draft--political-declaration-of-the-fourth-high-level-meeting-of-the-general-assembly-on-the-prevention-and-control-of-noncommunicable-diseases-and-the-promotion-of-mental-health-and-well-being\" target=\"_blank\" rel=\"noreferrer noopener\">borrador \"cero\" de la declaraci\u00f3n pol\u00edtica<\/a> est\u00e1 actualmente disponible para su consulta con los Estados miembros. El Grupo de Trabajo de la Sociedad Civil sobre ENT ha revisado el borrador cero y ha llegado a la conclusi\u00f3n de que la declaraci\u00f3n pol\u00edtica debe ir m\u00e1s all\u00e1 si quiere hacer frente a la urgencia, la escala de acci\u00f3n y la responsabilidad necesarias para frenar la creciente carga de las ENT y las enfermedades mentales.&nbsp;<\/p>\n\n\n\n<p class=\"wp-block-paragraph\">El Grupo de Trabajo de la Sociedad Civil ha publicado esta semana un breve resumen de sus reflexiones y recomendaciones en un BMJ Opinion. <\/p>\n\n\n\n<p class=\"wp-block-paragraph\">A medida que avancen las negociaciones, la ISPAH seguir\u00e1 informando puntualmente a la comunidad de la actividad f\u00edsica, as\u00ed que no pierda de vista este espacio: .....\u00a0\u00a0<\/p>\n\n\n\n<div class=\"wp-block-buttons is-content-justification-center is-layout-flex wp-container-core-buttons-is-layout-291354b8 wp-block-buttons-is-layout-flex\">\n<div class=\"wp-block-button\"><a class=\"wp-block-button__link wp-element-button\" href=\"https:\/\/www.bmj.com\/content\/390\/bmj.r1331\">Lea aqu\u00ed el breve resumen<\/a><\/div>\n<\/div>","protected":false},"excerpt":{"rendered":"<p>As we look forward to the United Nations fourth High-Level Meeting on noncommunicable diseases (NCDs), ISPAH, as part of the WHO Civil Society Working Group on NCDs, is keeping abreast of the action.&nbsp; The WHO Civil Society Working Group on NCDs is an informal network of NCD related civil society organisations, established in 2017 to [&hellip;]<\/p>\n","protected":false},"author":530,"featured_media":34299,"comment_status":"closed","ping_status":"closed","sticky":false,"template":"","format":"standard","meta":{"_jf_schedule_form":"","_jf_limit_responses":"","country-income-classification":"","slim_seo":{"title":"Reflections on the zero draft of the political declaration of the fourth high level meeting of the United Nations General Assembly on the prevention and control of noncommunicable diseases and the promotion of mental health and wellbeing\u00a0 - ISPAH","description":"De cara a la cuarta Reuni\u00f3n de Alto Nivel de las Naciones Unidas sobre enfermedades no transmisibles (ENT), la ISPAH, como parte del Grupo de Trabajo de la Sociedad Civil de la OMS sobre"},"_slim_seo_primary_term_category":0,"_slim_seo_primary_term_post_tag":0,"footnotes":""},"categories":[23],"tags":[361,122,362],"class_list":["post-34296","post","type-post","status-publish","format-standard","has-post-thumbnail","hentry","category-blog","tag-mental-health","tag-noncommunicable-disease","tag-united-nations"],"_links":{"self":[{"href":"https:\/\/ispah.tecology-hosting.co\/es_es\/wp-json\/wp\/v2\/posts\/34296","targetHints":{"allow":["GET"]}}],"collection":[{"href":"https:\/\/ispah.tecology-hosting.co\/es_es\/wp-json\/wp\/v2\/posts"}],"about":[{"href":"https:\/\/ispah.tecology-hosting.co\/es_es\/wp-json\/wp\/v2\/types\/post"}],"author":[{"embeddable":true,"href":"https:\/\/ispah.tecology-hosting.co\/es_es\/wp-json\/wp\/v2\/users\/530"}],"replies":[{"embeddable":true,"href":"https:\/\/ispah.tecology-hosting.co\/es_es\/wp-json\/wp\/v2\/comments?post=34296"}],"version-history":[{"count":4,"href":"https:\/\/ispah.tecology-hosting.co\/es_es\/wp-json\/wp\/v2\/posts\/34296\/revisions"}],"predecessor-version":[{"id":34303,"href":"https:\/\/ispah.tecology-hosting.co\/es_es\/wp-json\/wp\/v2\/posts\/34296\/revisions\/34303"}],"wp:featuredmedia":[{"embeddable":true,"href":"https:\/\/ispah.tecology-hosting.co\/es_es\/wp-json\/wp\/v2\/media\/34299"}],"wp:attachment":[{"href":"https:\/\/ispah.tecology-hosting.co\/es_es\/wp-json\/wp\/v2\/media?parent=34296"}],"wp:term":[{"taxonomy":"category","embeddable":true,"href":"https:\/\/ispah.tecology-hosting.co\/es_es\/wp-json\/wp\/v2\/categories?post=34296"},{"taxonomy":"post_tag","embeddable":true,"href":"https:\/\/ispah.tecology-hosting.co\/es_es\/wp-json\/wp\/v2\/tags?post=34296"}],"curies":[{"name":"wp","href":"https:\/\/api.w.org\/{rel}","templated":true}]}}