{"id":33987,"date":"2025-06-02T15:01:00","date_gmt":"2025-06-02T14:01:00","guid":{"rendered":"https:\/\/ispah.tecology-hosting.co\/?p=33987"},"modified":"2025-05-21T04:33:07","modified_gmt":"2025-05-21T03:33:07","slug":"pedal-for-change-celebra-el-dia-mundial-de-la-bicicleta","status":"publish","type":"post","link":"https:\/\/ispah.tecology-hosting.co\/es_es\/pedal-for-change-celebrating-world-bicycle-day\/","title":{"rendered":"Pedalea por el cambio: Celebraci\u00f3n del D\u00eda Mundial de la Bicicleta\u00a0"},"content":{"rendered":"<p class=\"has-large-font-size wp-block-paragraph\"><em>Un movimiento mundial que pone de relieve el poder de las bicicletas para la sostenibilidad, la salud y el impacto social.<\/em><\/p>\n\n\n\n<p class=\"wp-block-paragraph\"><strong>\u00bfPor qu\u00e9 celebrar el D\u00eda Mundial de la Bicicleta?<\/strong>&nbsp;<\/p>\n\n\n\n<p class=\"wp-block-paragraph\">Desde su creaci\u00f3n en 2018, <a href=\"https:\/\/www.who.int\/campaigns\/world-bicycle-day\/\" target=\"_blank\" rel=\"noreferrer noopener\">D\u00eda Mundial de la Bicicleta<\/a> se celebra anualmente el 3 de junio<sup>rd<\/sup> por defensores del ciclismo de todo el mundo. Impulsado por el gobierno de Turkmenist\u00e1n, el D\u00eda Mundial de la Bicicleta reconoce \"la singularidad, longevidad y versatilidad de la bicicleta... un medio de transporte sostenible, sencillo, asequible, fiable, limpio y respetuoso con el medio ambiente, que fomenta el cuidado del medio ambiente y la salud\".&nbsp;&nbsp;<\/p>\n\n\n\n<div class=\"wp-block-media-text has-media-on-the-right is-stacked-on-mobile\"><div class=\"wp-block-media-text__content\">\n<p class=\"wp-block-paragraph\">El impulso para el D\u00eda Mundial de la Bicicleta comenz\u00f3 con el profesor Leszek Sibilski en 2015 como un proyecto acad\u00e9mico sobre el papel de las bicicletas en el desarrollo, evolucionando hasta convertirse en un movimiento de defensa global y ganando el apoyo de la ONU <a href=\"http:\/\/www.sum4all.org\/\" target=\"_blank\" rel=\"noreferrer noopener\">Movilidad sostenible para todos<\/a>. En abril de 2018, la Asamblea General de la ONU adopt\u00f3 por unanimidad una resoluci\u00f3n que designa oficialmente el 3 de junio como D\u00eda Mundial de la Bicicleta.&nbsp;<\/p>\n\n\n\n<p class=\"wp-block-paragraph\">Mientras las ciudades se enfrentan a un aumento de las emisiones, la congesti\u00f3n y los problemas de salud, las bicicletas ofrecen una soluci\u00f3n escalable. Reducen la huella de carbono, alivian el tr\u00e1fico y promueven estilos de vida activos. La celebraci\u00f3n del D\u00eda Mundial de la Bicicleta nos recuerda el papel \u00fanico de la bicicleta en el progreso de la humanidad.<a href=\"https:\/\/worldhope.org\/how-we-work\/sustainable-development-goals\/?keyword=&amp;gad_source=1&amp;gad_campaignid=22163685509&amp;gbraid=0AAAAADnQ015cy3k8kRfTT4LWTDlOzF3lM&amp;gclid=Cj0KCQjwrPHABhCIARIsAFW2XBPL42DMhBFfAv4fVzvbD-fb2zIs-KZ64sNEi2TmZIT7vfVsMAg7rhYaAn4FEALw_wcB\" target=\"_blank\" rel=\"noreferrer noopener\"> Objetivos de Desarrollo Sostenible de la ONU<\/a> - desde la energ\u00eda limpia y la acci\u00f3n por el clima hasta la educaci\u00f3n, la equidad y el bienestar.&nbsp;&nbsp;<\/p>\n<\/div><figure class=\"wp-block-media-text__media\"><img decoding=\"async\" width=\"720\" height=\"1080\" src=\"https:\/\/ispah.tecology-hosting.co\/wp-content\/uploads\/2025\/05\/n-flkbc0ub8-720x1080.jpg\" alt=\"ni\u00f1o en bicicleta\" class=\"wp-image-34001 size-full\" srcset=\"https:\/\/ispah.tecology-hosting.co\/wp-content\/uploads\/2025\/05\/n-flkbc0ub8-720x1080.jpg 720w, https:\/\/ispah.tecology-hosting.co\/wp-content\/uploads\/2025\/05\/n-flkbc0ub8-640x960.jpg 640w, https:\/\/ispah.tecology-hosting.co\/wp-content\/uploads\/2025\/05\/n-flkbc0ub8.jpg 800w\" sizes=\"(max-width: 720px) 100vw, 720px\" \/><\/figure><\/div>\n\n\n\n<p class=\"wp-block-paragraph\"><strong>La evoluci\u00f3n de la bicicleta<\/strong>&nbsp;<\/p>\n\n\n\n<p class=\"wp-block-paragraph\">La bicicleta tiene una larga y <a href=\"https:\/\/www.santafixie.co.uk\/bloguk\/the-evolution-of-the-bicycle\/\" target=\"_blank\" rel=\"noreferrer noopener\">historia apasionante<\/a>. En 1817, el inventor alem\u00e1n <a href=\"https:\/\/www.cyclinguk.org\/cycle\/draisienne-1817-2017-200-years-cycling-innovation-design\" target=\"_blank\" rel=\"noreferrer noopener\">Karl von Drais<\/a> construy\u00f3 la \"m\u00e1quina de correr\", un veh\u00edculo sin caballos de dos ruedas propulsado por su jinete. Unas d\u00e9cadas m\u00e1s tarde, se a\u00f1adieron los pedales, seguidos de innovaciones como las ruedas altas. <a href=\"https:\/\/www.bicyclehistory.net\/bicycle-history\/penny-farthing\/\" target=\"_blank\" rel=\"noreferrer noopener\">penny-farthing<\/a> en la d\u00e9cada de 1860, con una gran rueda delantera y una peque\u00f1a trasera, notoriamente dif\u00edcil de conducir.&nbsp;&nbsp;<\/p>\n\n\n\n<p class=\"wp-block-paragraph\">A finales del siglo XIX surgi\u00f3 la bicicleta moderna \"de seguridad\", que se asemeja a los dise\u00f1os actuales, con dos ruedas de igual tama\u00f1o y un mecanismo accionado por cadena, que proporciona mayor estabilidad y una accesibilidad cada vez mayor, lo que provoc\u00f3 un r\u00e1pido crecimiento de su popularidad en todo el mundo. Con el tiempo, la tecnolog\u00eda ciclista evolucion\u00f3: cuadros m\u00e1s ligeros, marchas y modelos espec\u00edficos para cada terreno ampliaron las posibilidades de los ciclistas, desde los que se desplazan al trabajo en la ciudad y en el campo hasta los atletas ciclistas.&nbsp;&nbsp;<\/p>\n\n\n\n<p class=\"wp-block-paragraph\">Hoy en d\u00eda, las culturas ciclistas prosperan <a href=\"https:\/\/protectmybike.co.uk\/blog\/view\/cycling-cultures-around-the-world\" target=\"_blank\" rel=\"noreferrer noopener\">en todo el mundo<\/a>. Desde las Ciclov\u00edas dominicales sin coches de Bogot\u00e1 hasta las superautopistas ciclistas de Copenhague, la bicicleta es m\u00e1s que un medio de transporte: es un estilo de vida. Ciudades como \u00c1msterdam, Tokio y Ciudad del Cabo muestran c\u00f3mo la bicicleta se entreteje en las rutinas diarias, la planificaci\u00f3n urbana y el ocio. Ya sea a trav\u00e9s de la infraestructura de clase mundial en los Pa\u00edses Bajos, el ordenado uso compartido de las calles en Jap\u00f3n, o el creciente renacimiento del ciclismo en la India, diversas culturas est\u00e1n adoptando la bicicleta para construir comunidades m\u00e1s saludables, m\u00e1s verdes y m\u00e1s conectadas.&nbsp;<\/p>\n\n\n\n<figure data-wp-context=\"{&quot;imageId&quot;:&quot;6a9d451aa3e29&quot;}\" data-wp-interactive=\"core\/image\" data-wp-key=\"6a9d451aa3e29\" class=\"wp-block-image size-full wp-lightbox-container\"><img decoding=\"async\" width=\"1600\" height=\"1067\" data-wp-class--hide=\"state.isContentHidden\" data-wp-class--show=\"state.isContentVisible\" data-wp-init=\"callbacks.setButtonStyles\" data-wp-on--click=\"actions.showLightbox\" data-wp-on--load=\"callbacks.setButtonStyles\" data-wp-on--pointerdown=\"actions.preloadImage\" data-wp-on--pointerenter=\"actions.preloadImageWithDelay\" data-wp-on--pointerleave=\"actions.cancelPreload\" data-wp-on-window--resize=\"callbacks.setButtonStyles\" src=\"https:\/\/ispah.tecology-hosting.co\/wp-content\/uploads\/2025\/05\/kehncocldbk.jpg\" alt=\"bicicleta de cercan\u00edas variada aparcar delante cerca de coche amarillo en el d\u00eda\" class=\"wp-image-33998\" srcset=\"https:\/\/ispah.tecology-hosting.co\/wp-content\/uploads\/2025\/05\/kehncocldbk.jpg 1600w, https:\/\/ispah.tecology-hosting.co\/wp-content\/uploads\/2025\/05\/kehncocldbk-960x640.jpg 960w\" sizes=\"(max-width: 1600px) 100vw, 1600px\" \/><button\n\t\t\tclass=\"lightbox-trigger\"\n\t\t\ttype=\"button\"\n\t\t\taria-haspopup=\"dialog\"\n\t\t\tdata-wp-bind--aria-label=\"state.thisImage.triggerButtonAriaLabel\"\n\t\t\tdata-wp-init=\"callbacks.initTriggerButton\"\n\t\t\tdata-wp-on--click=\"actions.showLightbox\"\n\t\t\tdata-wp-style--right=\"state.thisImage.buttonRight\"\n\t\t\tdata-wp-style--top=\"state.thisImage.buttonTop\"\n\t\t>\n\t\t\t<svg xmlns=\"http:\/\/www.w3.org\/2000\/svg\" width=\"12\" height=\"12\" fill=\"none\" viewbox=\"0 0 12 12\">\n\t\t\t\t<path fill=\"#fff\" d=\"M2 0a2 2 0 0 0-2 2v2h1.5V2a.5.5 0 0 1 .5-.5h2V0H2Zm2 10.5H2a.5.5 0 0 1-.5-.5V8H0v2a2 2 0 0 0 2 2h2v-1.5ZM8 12v-1.5h2a.5.5 0 0 0 .5-.5V8H12v2a2 2 0 0 1-2 2H8Zm2-12a2 2 0 0 1 2 2v2h-1.5V2a.5.5 0 0 0-.5-.5H8V0h2Z\" \/>\n\t\t\t<\/svg>\n\t\t<\/button><\/figure>\n\n\n\n<p class=\"wp-block-paragraph\"><strong>La bicicleta como herramienta de cambio<\/strong>&nbsp;<\/p>\n\n\n\n<p class=\"wp-block-paragraph\">Las bicicletas no s\u00f3lo mueven personas, cambian vidas. Organizaciones sin \u00e1nimo de lucro de todo el mundo aprovechan el poder de las bicicletas para afrontar retos sociales como:&nbsp;&nbsp;<\/p>\n\n\n\n<ul class=\"wp-block-list\">\n<li>En <a href=\"https:\/\/worldbicyclerelief.org\/who-we-are\/\" target=\"_blank\" rel=\"noreferrer noopener\">Ayuda Mundial en Bicicleta<\/a> ha aprovechado este potencial a escala mundial dise\u00f1ando y fabricando la emblem\u00e1tica Bicicleta B\u00fafalo. Fundada en 2005 como respuesta al tsunami del Oc\u00e9ano \u00cdndico, se distribuyeron 24.000 \"Buffalos\" a las comunidades desplazadas de Sri Lanka para ayudar a los supervivientes a recuperar el acceso a escuelas, cl\u00ednicas y puestos de trabajo. Desde entonces, World Bicycle Relief ha ayudado a millones de personas, demostrando que algo tan sencillo como una bicicleta puede abrir puertas a la educaci\u00f3n, la sanidad y las oportunidades econ\u00f3micas. Para saber m\u00e1s, vea este v\u00eddeo: <a href=\"https:\/\/www.google.com\/search?q=world+bicycle+relief+video+africa+buffalo+bikes&amp;sca_esv=b5b85f1110a5fb0d&amp;udm=7&amp;biw=1368&amp;bih=751&amp;sxsrf=AHTn8zqTtufU1KTKMeMeLDPQH0eDt8jafQ%3A1746648596801&amp;ei=FL4baPDXMPfVi-gPgteCiAI&amp;ved=0ahUKEwjwsaOJlZKNAxX36gIHHYKrACEQ4dUDCBA&amp;uact=5&amp;oq=world+bicycle+relief+video+africa+buffalo+bikes&amp;gs_lp=EhZnd3Mtd2l6LW1vZGVsZXNzLXZpZGVvIi93b3JsZCBiaWN5Y2xlIHJlbGllZiB2aWRlbyBhZnJpY2EgYnVmZmFsbyBiaWtlczIHECEYoAEYCkjwQlCOJli-QHACeACQAQCYAZgBoAGRC6oBBDMuMTC4AQPIAQD4AQGYAg-gArUMwgIHECMYJxiuAsICBRAhGKABwgIFECEYnwXCAgQQIRgVmAMAiAYBkgcEMy4xMqAHmD6yBwQxLjEyuAeXDA&amp;sclient=gws-wiz-modeless-video#fpstate=ive&amp;ip=1&amp;vld=cid:b9f55065,vid:Y0c7DrazvrY,st:0\" target=\"_blank\" rel=\"noreferrer noopener\">En bicicleta hacia un futuro mejor: Garantizar la igualdad educativa de las ni\u00f1as<\/a>.\u00a0<\/li>\n<\/ul>\n\n\n\n<ul class=\"wp-block-list\">\n<li>En <a href=\"https:\/\/www.bloomberg.org\/government-innovation\/spurring-innovation-in-cities\/bloomberg-initiative-for-cycling-infrastructure\/#:~:text=The%20Bloomberg%20Initiative%20for%20Cycling,and%20well%2Dbeing%20of%20communities.\" target=\"_blank\" rel=\"noreferrer noopener\">Iniciativa Bloomberg para las Infraestructuras Ciclistas (BICI)<\/a> apoya a ciudades de todo el mundo en la construcci\u00f3n de redes ciclistas m\u00e1s seguras y conectadas. Lanzada en colaboraci\u00f3n con la Iniciativa Global Designing Cities, la BICI proporciona financiaci\u00f3n y conocimientos t\u00e9cnicos para ayudar a las ciudades a dise\u00f1ar calles aptas para el uso de la bicicleta que aumenten las tasas de ciclismo, mejoren la salud y potencien la habitabilidad urbana. En 2023, diez ciudades de los cinco continentes recibieron subvenciones para desarrollar soluciones de movilidad innovadoras y sostenibles para m\u00e1s de 15 millones de residentes.&nbsp;<\/li>\n<\/ul>\n\n\n\n<figure data-wp-context=\"{&quot;imageId&quot;:&quot;6a9d451aa4276&quot;}\" data-wp-interactive=\"core\/image\" data-wp-key=\"6a9d451aa4276\" class=\"wp-block-image size-large wp-lightbox-container\"><img decoding=\"async\" width=\"1617\" height=\"1080\" data-wp-class--hide=\"state.isContentHidden\" data-wp-class--show=\"state.isContentVisible\" data-wp-init=\"callbacks.setButtonStyles\" data-wp-on--click=\"actions.showLightbox\" data-wp-on--load=\"callbacks.setButtonStyles\" data-wp-on--pointerdown=\"actions.preloadImage\" data-wp-on--pointerenter=\"actions.preloadImageWithDelay\" data-wp-on--pointerleave=\"actions.cancelPreload\" data-wp-on-window--resize=\"callbacks.setButtonStyles\" src=\"https:\/\/ispah.tecology-hosting.co\/wp-content\/uploads\/2025\/06\/AdobeStock_502827179-1617x1080.jpeg\" alt=\"Se\u00f1alizaci\u00f3n vial, se\u00f1ales para peatones y ciclistas en la calzada. acera para peatones y ciclistas en la superficie asfaltada del parque. sin gente.\" class=\"wp-image-33999\" srcset=\"https:\/\/ispah.tecology-hosting.co\/wp-content\/uploads\/2025\/06\/AdobeStock_502827179-1617x1080.jpeg 1617w, https:\/\/ispah.tecology-hosting.co\/wp-content\/uploads\/2025\/06\/AdobeStock_502827179-960x641.jpeg 960w, https:\/\/ispah.tecology-hosting.co\/wp-content\/uploads\/2025\/06\/AdobeStock_502827179.jpeg 1920w\" sizes=\"(max-width: 1617px) 100vw, 1617px\" \/><button\n\t\t\tclass=\"lightbox-trigger\"\n\t\t\ttype=\"button\"\n\t\t\taria-haspopup=\"dialog\"\n\t\t\tdata-wp-bind--aria-label=\"state.thisImage.triggerButtonAriaLabel\"\n\t\t\tdata-wp-init=\"callbacks.initTriggerButton\"\n\t\t\tdata-wp-on--click=\"actions.showLightbox\"\n\t\t\tdata-wp-style--right=\"state.thisImage.buttonRight\"\n\t\t\tdata-wp-style--top=\"state.thisImage.buttonTop\"\n\t\t>\n\t\t\t<svg xmlns=\"http:\/\/www.w3.org\/2000\/svg\" width=\"12\" height=\"12\" fill=\"none\" viewbox=\"0 0 12 12\">\n\t\t\t\t<path fill=\"#fff\" d=\"M2 0a2 2 0 0 0-2 2v2h1.5V2a.5.5 0 0 1 .5-.5h2V0H2Zm2 10.5H2a.5.5 0 0 1-.5-.5V8H0v2a2 2 0 0 0 2 2h2v-1.5ZM8 12v-1.5h2a.5.5 0 0 0 .5-.5V8H12v2a2 2 0 0 1-2 2H8Zm2-12a2 2 0 0 1 2 2v2h-1.5V2a.5.5 0 0 0-.5-.5H8V0h2Z\" \/>\n\t\t\t<\/svg>\n\t\t<\/button><figcaption class=\"wp-element-caption\">Acera para peatones y ciclistas en la carretera. Acera para peatones y ciclistas sobre superficie asfaltada en el parque. Sin personas. Foto de alta calidad<\/figcaption><\/figure>\n\n\n\n<p class=\"wp-block-paragraph\"><strong>Mensajes para llevar a casa:<\/strong><\/p>\n\n\n\n<ul class=\"wp-block-list\">\n<li><strong>Avanzar en la sostenibilidad: <\/strong>Las bicicletas producen cero emisiones, e incluso las el\u00e9ctricas tienen un impacto medioambiental mucho menor que los coches, lo que convierte a la bicicleta en uno de los medios de transporte m\u00e1s sostenibles.<\/li>\n\n\n\n<li><strong>Promover la salud:<\/strong> El ciclismo mejora la salud f\u00edsica y mental y ayuda a prevenir enfermedades cr\u00f3nicas como la diabetes y la hipertensi\u00f3n.<\/li>\n\n\n\n<li><strong>Fomentar la inclusi\u00f3n social: <\/strong>La bicicleta es un medio de transporte asequible y fiable, sobre todo en las comunidades m\u00e1s desfavorecidas.<\/li>\n<\/ul>\n\n\n\n<p class=\"wp-block-paragraph\"><strong>Autores:<\/strong><\/p>\n\n\n\n<p class=\"wp-block-paragraph\">Dr Mark Stoutenberg | Wolfson Research Institute for Health &amp; Well-Being, Durham University, Durham, Reino Unido&nbsp;<\/p>","protected":false},"excerpt":{"rendered":"<p>A global movement that highlights the power of bicycles for sustainability, health, and social impact. Why celebrate world bicycle day?&nbsp; Since its establishment in 2018, World Bicycle Day has been celebrated annually on June 3rd by cycling advocates around the globe. Spearheaded by the government of Turkmenistan, World Bicycle Day recognizes &#8220;the uniqueness, longevity and [&hellip;]<\/p>\n","protected":false},"author":1436,"featured_media":33996,"comment_status":"closed","ping_status":"closed","sticky":false,"template":"","format":"standard","meta":{"_jf_schedule_form":"","_jf_limit_responses":"","country-income-classification":"","slim_seo":{"title":"Pedal for Change: Celebrating World Bicycle Day\u00a0 - ISPAH","description":"Un movimiento mundial que destaca el poder de las bicicletas para la sostenibilidad, la salud y el impacto social. \u00bfPor qu\u00e9 celebrar el D\u00eda Mundial de la Bicicleta?   Desde su establi"},"_slim_seo_primary_term_category":0,"_slim_seo_primary_term_post_tag":0,"footnotes":""},"categories":[82,97,23],"tags":[363,128,364,365,366],"class_list":["post-33987","post","type-post","status-publish","format-standard","has-post-thumbnail","hentry","category-8-investments","category-active-travel","category-blog","tag-bicycle","tag-environment","tag-health","tag-social-justice","tag-transportation"],"_links":{"self":[{"href":"https:\/\/ispah.tecology-hosting.co\/es_es\/wp-json\/wp\/v2\/posts\/33987","targetHints":{"allow":["GET"]}}],"collection":[{"href":"https:\/\/ispah.tecology-hosting.co\/es_es\/wp-json\/wp\/v2\/posts"}],"about":[{"href":"https:\/\/ispah.tecology-hosting.co\/es_es\/wp-json\/wp\/v2\/types\/post"}],"author":[{"embeddable":true,"href":"https:\/\/ispah.tecology-hosting.co\/es_es\/wp-json\/wp\/v2\/users\/1436"}],"replies":[{"embeddable":true,"href":"https:\/\/ispah.tecology-hosting.co\/es_es\/wp-json\/wp\/v2\/comments?post=33987"}],"version-history":[{"count":4,"href":"https:\/\/ispah.tecology-hosting.co\/es_es\/wp-json\/wp\/v2\/posts\/33987\/revisions"}],"predecessor-version":[{"id":34003,"href":"https:\/\/ispah.tecology-hosting.co\/es_es\/wp-json\/wp\/v2\/posts\/33987\/revisions\/34003"}],"wp:featuredmedia":[{"embeddable":true,"href":"https:\/\/ispah.tecology-hosting.co\/es_es\/wp-json\/wp\/v2\/media\/33996"}],"wp:attachment":[{"href":"https:\/\/ispah.tecology-hosting.co\/es_es\/wp-json\/wp\/v2\/media?parent=33987"}],"wp:term":[{"taxonomy":"category","embeddable":true,"href":"https:\/\/ispah.tecology-hosting.co\/es_es\/wp-json\/wp\/v2\/categories?post=33987"},{"taxonomy":"post_tag","embeddable":true,"href":"https:\/\/ispah.tecology-hosting.co\/es_es\/wp-json\/wp\/v2\/tags?post=33987"}],"curies":[{"name":"wp","href":"https:\/\/api.w.org\/{rel}","templated":true}]}}