{"id":33715,"date":"2025-04-06T19:59:00","date_gmt":"2025-04-06T18:59:00","guid":{"rendered":"https:\/\/ispah.tecology-hosting.co\/?p=33715"},"modified":"2025-08-21T06:59:09","modified_gmt":"2025-08-21T05:59:09","slug":"dia-mundial-de-la-salud-2025-el-papel-de-la-actividad-fisica-en-la-salud-materna-y-neonatal","status":"publish","type":"post","link":"https:\/\/ispah.tecology-hosting.co\/es_es\/world-health-day-2025-the-role-of-physical-activity-in-maternal-and-newborn-health\/","title":{"rendered":"D\u00eda Mundial de la Salud 2025: El papel de la actividad f\u00edsica en la salud materna y neonatal\u00a0"},"content":{"rendered":"<p class=\"wp-block-paragraph\">Toda madre y todo beb\u00e9 merecen un comienzo saludable en la vida. Sin embargo, cada siete segundos se produce en el mundo una muerte materna o neonatal evitable (OMS, 2025). Este D\u00eda Mundial de la Salud, que se celebra el 7 de abril de 2025, marca el inicio de una campa\u00f1a mundial de un a\u00f1o de duraci\u00f3n: <a href=\"https:\/\/www.who.int\/campaigns\/world-health-day\/2025\" title=\"\">Comienzos sanos, futuros esperanzadores<\/a>. Liderada por la OMS y sus socios, esta iniciativa hace un llamamiento a la acci\u00f3n urgente para mejorar la salud materna y neonatal y garantizar un mejor apoyo a las familias ahora y en el futuro.&nbsp;<\/p>\n\n\n\n<p class=\"has-large-font-size wp-block-paragraph\"><strong>Por qu\u00e9 es importante<\/strong>&nbsp;<\/p>\n\n\n\n<p class=\"wp-block-paragraph\">La salud de las madres y los beb\u00e9s es fundamental para unas comunidades pr\u00f3speras y un futuro m\u00e1s saludable para todos. Sin embargo, las alarmantes estad\u00edsticas muestran que casi 300.000 mujeres mueren anualmente debido a complicaciones relacionadas con el embarazo (OMS, 2024), m\u00e1s de 2 millones de reci\u00e9n nacidos no sobreviven a su primer mes y otros 2 millones nacen muertos (UNICEF, 2020). Cuatro de cada cinco pa\u00edses no est\u00e1n en camino de cumplir los objetivos de supervivencia materna para 2030 (OMS, 2025), por lo que es necesario un cambio ya.&nbsp;<\/p>\n\n\n\n<figure data-wp-context=\"{&quot;imageId&quot;:&quot;6a9d451d0fe89&quot;}\" data-wp-interactive=\"core\/image\" data-wp-key=\"6a9d451d0fe89\" class=\"wp-block-image size-full wp-lightbox-container\"><img decoding=\"async\" width=\"1920\" height=\"521\" data-wp-class--hide=\"state.isContentHidden\" data-wp-class--show=\"state.isContentVisible\" data-wp-init=\"callbacks.setButtonStyles\" data-wp-on--click=\"actions.showLightbox\" data-wp-on--load=\"callbacks.setButtonStyles\" data-wp-on--pointerdown=\"actions.preloadImage\" data-wp-on--pointerenter=\"actions.preloadImageWithDelay\" data-wp-on--pointerleave=\"actions.cancelPreload\" data-wp-on-window--resize=\"callbacks.setButtonStyles\" src=\"https:\/\/ispah.tecology-hosting.co\/wp-content\/uploads\/2025\/04\/AdobeStock_614192250.webp\" alt=\"Adobestock 614192250\" class=\"wp-image-33724\" srcset=\"https:\/\/ispah.tecology-hosting.co\/wp-content\/uploads\/2025\/04\/AdobeStock_614192250.webp 1920w, https:\/\/ispah.tecology-hosting.co\/wp-content\/uploads\/2025\/04\/AdobeStock_614192250-960x261.webp 960w\" sizes=\"(max-width: 1920px) 100vw, 1920px\" \/><button\n\t\t\tclass=\"lightbox-trigger\"\n\t\t\ttype=\"button\"\n\t\t\taria-haspopup=\"dialog\"\n\t\t\tdata-wp-bind--aria-label=\"state.thisImage.triggerButtonAriaLabel\"\n\t\t\tdata-wp-init=\"callbacks.initTriggerButton\"\n\t\t\tdata-wp-on--click=\"actions.showLightbox\"\n\t\t\tdata-wp-style--right=\"state.thisImage.buttonRight\"\n\t\t\tdata-wp-style--top=\"state.thisImage.buttonTop\"\n\t\t>\n\t\t\t<svg xmlns=\"http:\/\/www.w3.org\/2000\/svg\" width=\"12\" height=\"12\" fill=\"none\" viewbox=\"0 0 12 12\">\n\t\t\t\t<path fill=\"#fff\" d=\"M2 0a2 2 0 0 0-2 2v2h1.5V2a.5.5 0 0 1 .5-.5h2V0H2Zm2 10.5H2a.5.5 0 0 1-.5-.5V8H0v2a2 2 0 0 0 2 2h2v-1.5ZM8 12v-1.5h2a.5.5 0 0 0 .5-.5V8H12v2a2 2 0 0 1-2 2H8Zm2-12a2 2 0 0 1 2 2v2h-1.5V2a.5.5 0 0 0-.5-.5H8V0h2Z\" \/>\n\t\t\t<\/svg>\n\t\t<\/button><\/figure>\n\n\n\n<p class=\"has-large-font-size wp-block-paragraph\"><strong>El papel de la actividad f\u00edsica en la salud materna y neonatal<\/strong>&nbsp;<\/p>\n\n\n\n<ul class=\"wp-block-list is-style-default\">\n<li class=\"has-contrast-color has-text-color has-link-color wp-elements-1\"><strong>Reducir las complicaciones del embarazo<\/strong>&nbsp;\n<ul class=\"wp-block-list\">\n<li class=\"has-contrast-color has-text-color has-link-color wp-elements-2\">La actividad f\u00edsica regular reduce el riesgo de diabetes gestacional hasta en 36% (Xie et al, 2024).&nbsp;<\/li>\n\n\n\n<li class=\"has-contrast-color has-text-color has-link-color wp-elements-3\">El ejercicio ayuda a reducir los trastornos hipertensivos, incluida la preeclampsia, una de las principales causas de mortalidad materna (Mottola et al., 2018, Taliento et al., 2024).&nbsp;<\/li>\n\n\n\n<li class=\"has-contrast-color has-text-color has-link-color wp-elements-4\">Las mujeres activas experimentan tiempos de parto m\u00e1s cortos y una menor probabilidad de necesitar ces\u00e1reas (Rodriquez-Blanque et al., 2019); Dokl et al., 2020; Nascimento et al., 2012).&nbsp;<\/li>\n<\/ul>\n<\/li>\n\n\n\n<li class=\"has-contrast-color has-text-color has-link-color wp-elements-5\"><strong>Apoyo a la salud del feto y del reci\u00e9n nacido&nbsp;<\/strong>\n<ul class=\"wp-block-list\">\n<li class=\"has-contrast-color has-text-color has-link-color wp-elements-6\">La actividad f\u00edsica aumenta la funci\u00f3n placentaria, mejorando el aporte de ox\u00edgeno y nutrientes al feto (Chae et al., 2022; Melzer et al., 2010).&nbsp;<\/li>\n\n\n\n<li class=\"has-contrast-color has-text-color has-link-color wp-elements-7\">Los beb\u00e9s de madres f\u00edsicamente activas suelen tener un peso m\u00e1s saludable al nacer y un menor riesgo de sufrir trastornos metab\u00f3licos en etapas posteriores de la vida (Menke et al., 2022; Wiebe et al., 2015).&nbsp;<\/li>\n\n\n\n<li class=\"has-contrast-color has-text-color has-link-color wp-elements-8\">El ejercicio se ha relacionado con un menor riesgo de mortinatos y partos prematuros (Zhang et al., 2024).&nbsp;<\/li>\n<\/ul>\n<\/li>\n\n\n\n<li class=\"has-contrast-color has-text-color has-link-color wp-elements-9\"><strong>Mejorar el bienestar mental y emocional&nbsp;<\/strong>\n<ul class=\"wp-block-list\">\n<li class=\"has-contrast-color has-text-color has-link-color wp-elements-10\">La actividad f\u00edsica es una intervenci\u00f3n importante a examinar para el tratamiento y la prevenci\u00f3n de la depresi\u00f3n posparto (Beth et al., 2014).&nbsp;<\/li>\n\n\n\n<li class=\"has-contrast-color has-text-color has-link-color wp-elements-11\">El movimiento regular reduce el estr\u00e9s y la ansiedad, mejorando el v\u00ednculo materno y el bienestar general (Daley et al., 2015).&nbsp;<\/li>\n<\/ul>\n<\/li>\n<\/ul>\n\n\n\n<figure data-wp-context=\"{&quot;imageId&quot;:&quot;6a9d451d106a7&quot;}\" data-wp-interactive=\"core\/image\" data-wp-key=\"6a9d451d106a7\" class=\"wp-block-image size-full wp-lightbox-container\"><img decoding=\"async\" width=\"1920\" height=\"683\" data-wp-class--hide=\"state.isContentHidden\" data-wp-class--show=\"state.isContentVisible\" data-wp-init=\"callbacks.setButtonStyles\" data-wp-on--click=\"actions.showLightbox\" data-wp-on--load=\"callbacks.setButtonStyles\" data-wp-on--pointerdown=\"actions.preloadImage\" data-wp-on--pointerenter=\"actions.preloadImageWithDelay\" data-wp-on--pointerleave=\"actions.cancelPreload\" data-wp-on-window--resize=\"callbacks.setButtonStyles\" src=\"https:\/\/ispah.tecology-hosting.co\/wp-content\/uploads\/2025\/04\/AdobeStock_385690480.webp\" alt=\"Adobestock 385690480\" class=\"wp-image-33725\" srcset=\"https:\/\/ispah.tecology-hosting.co\/wp-content\/uploads\/2025\/04\/AdobeStock_385690480.webp 1920w, https:\/\/ispah.tecology-hosting.co\/wp-content\/uploads\/2025\/04\/AdobeStock_385690480-960x342.webp 960w\" sizes=\"(max-width: 1920px) 100vw, 1920px\" \/><button\n\t\t\tclass=\"lightbox-trigger\"\n\t\t\ttype=\"button\"\n\t\t\taria-haspopup=\"dialog\"\n\t\t\tdata-wp-bind--aria-label=\"state.thisImage.triggerButtonAriaLabel\"\n\t\t\tdata-wp-init=\"callbacks.initTriggerButton\"\n\t\t\tdata-wp-on--click=\"actions.showLightbox\"\n\t\t\tdata-wp-style--right=\"state.thisImage.buttonRight\"\n\t\t\tdata-wp-style--top=\"state.thisImage.buttonTop\"\n\t\t>\n\t\t\t<svg xmlns=\"http:\/\/www.w3.org\/2000\/svg\" width=\"12\" height=\"12\" fill=\"none\" viewbox=\"0 0 12 12\">\n\t\t\t\t<path fill=\"#fff\" d=\"M2 0a2 2 0 0 0-2 2v2h1.5V2a.5.5 0 0 1 .5-.5h2V0H2Zm2 10.5H2a.5.5 0 0 1-.5-.5V8H0v2a2 2 0 0 0 2 2h2v-1.5ZM8 12v-1.5h2a.5.5 0 0 0 .5-.5V8H12v2a2 2 0 0 1-2 2H8Zm2-12a2 2 0 0 1 2 2v2h-1.5V2a.5.5 0 0 0-.5-.5H8V0h2Z\" \/>\n\t\t\t<\/svg>\n\t\t<\/button><\/figure>\n\n\n\n<p class=\"has-large-font-size wp-block-paragraph\"><strong>El papel de <\/strong><strong>el ISPAH 8 <\/strong><strong>Inversiones&nbsp;<\/strong>&nbsp;<\/p>\n\n\n\n<p class=\"wp-block-paragraph\"><a href=\"https:\/\/ispah.tecology-hosting.co\/es_es\/recursos\/recursos-clave\/8-inversiones\/\" target=\"_blank\" rel=\"noreferrer noopener\"><strong>Las 8 inversiones de ISPAH que funcionan para la actividad f\u00edsica<\/strong><\/a> destacan la importancia de las estrategias de actividad f\u00edsica basadas en pruebas que pueden mejorar los resultados de salud a lo largo de toda la vida. Estas inversiones apoyan la actividad f\u00edsica para las mujeres en edad f\u00e9rtil, durante el embarazo y para los ni\u00f1os y las familias a medida que crecen. Por ejemplo, los entornos activos, la integraci\u00f3n de la actividad f\u00edsica en la atenci\u00f3n sanitaria habitual, las pol\u00edticas inclusivas en la escuela y el lugar de trabajo y el dise\u00f1o urbano activo pueden contribuir a mejorar la salud materna, reducir las complicaciones relacionadas con el embarazo y mejorar el desarrollo de los ni\u00f1os en todo el mundo.&nbsp;&nbsp;<\/p>\n\n\n\n<p class=\"wp-block-paragraph\">A pesar de los beneficios, muchas mujeres se enfrentan a obst\u00e1culos para mantenerse activas antes y despu\u00e9s del parto, como la falta de conocimientos, las normas sociales, las limitaciones de tiempo y las dudas del personal sanitario. <\/p>\n\n\n\n<p class=\"wp-block-paragraph\">Para hacer frente a esta situaci\u00f3n, los gobiernos, los profesionales sanitarios y las comunidades podr\u00edan:&nbsp;<\/p>\n\n\n\n<div class=\"wp-block-group is-layout-grid wp-container-core-group-is-layout-226cebe5 wp-block-group-is-layout-grid\">\n<div class=\"wp-block-group wp-container-content-5e2576f9 is-layout-grid wp-container-core-group-is-layout-0ecc4df0 wp-block-group-is-layout-grid\">\n<p class=\"has-accent-2-background-color has-background wp-block-paragraph\"><strong>Ejemplo de acci\u00f3n<\/strong><\/p>\n<\/div>\n\n\n\n<p class=\"has-accent-2-background-color has-background wp-container-content-5e2576f9 wp-block-paragraph\"><strong>\u00bfCu\u00e1l de las 8 inversiones?<\/strong><\/p>\n<\/div>\n\n\n\n<div class=\"wp-block-group has-base-3-background-color has-background is-layout-grid wp-container-core-group-is-layout-226cebe5 wp-block-group-is-layout-grid\">\n<p class=\"has-base-3-background-color has-background wp-block-paragraph\">Promover programas de actividad f\u00edsica accesibles y basados en pruebas, adaptados a las etapas de embarazo y posparto. Hayman et al., 2023 constataron que las directrices espec\u00edficas de cada pa\u00eds sobre la actividad f\u00edsica durante el embarazo, aunque no han sido bien publicitadas, parecen ofrecer coherencia en t\u00e9rminos de seguridad tanto para la madre como para el feto<\/p>\n\n\n\n<ul class=\"wp-block-list has-base-3-background-color has-background\">\n<li>Sanidad Educaci\u00f3n p\u00fablica, incluidos los medios de comunicaci\u00f3n&nbsp;&nbsp;<\/li>\n<\/ul>\n<\/div>\n\n\n\n<div class=\"wp-block-group is-layout-grid wp-container-core-group-is-layout-226cebe5 wp-block-group-is-layout-grid\">\n<p class=\"has-accent-2-background-color has-background wp-block-paragraph\">Integrar el asesoramiento sobre actividad f\u00edsica en los servicios de salud materna.&nbsp;<\/p>\n\n\n\n<ul class=\"wp-block-list has-accent-2-background-color has-background\">\n<li>Sanidad<\/li>\n<\/ul>\n<\/div>\n\n\n\n<div class=\"wp-block-group is-layout-grid wp-container-core-group-is-layout-226cebe5 wp-block-group-is-layout-grid\">\n<p class=\"has-base-3-background-color has-background wp-block-paragraph\">Fomentar pol\u00edticas que apoyen estilos de vida activos, como pol\u00edticas de baja por maternidad que den prioridad al bienestar.&nbsp;<\/p>\n\n\n\n<ul class=\"wp-block-list has-base-3-background-color has-background\">\n<li>Lugares de trabajo<\/li>\n<\/ul>\n<\/div>\n\n\n\n<div class=\"wp-block-group is-layout-grid wp-container-core-group-is-layout-226cebe5 wp-block-group-is-layout-grid\">\n<p class=\"has-accent-2-background-color has-background wp-block-paragraph\">Implicar a las familias y comunidades para que apoyen a las madres a mantenerse activas.&nbsp;<\/p>\n\n\n\n<ul class=\"wp-block-list has-accent-2-background-color has-background\">\n<li>Deporte y ocio para todos&nbsp;<\/li>\n\n\n\n<li>Programas comunitarios&nbsp;<\/li>\n<\/ul>\n<\/div>\n\n\n\n<div class=\"wp-block-group is-layout-grid wp-container-core-group-is-layout-226cebe5 wp-block-group-is-layout-grid\">\n<p class=\"has-base-3-background-color has-background wp-block-paragraph\">Proporcionar apoyo a medida para que las madres y las familias, especialmente las menos representadas en estilos de vida activos como caminar o desplazarse en bicicleta, se sientan seguras y bienvenidas en las calles y espacios p\u00fablicos.&nbsp;&nbsp;<\/p>\n\n\n\n<ul class=\"wp-block-list has-base-3-background-color has-background\">\n<li>Dise\u00f1o urbano activo<\/li>\n\n\n\n<li>Transporte activo<\/li>\n<\/ul>\n<\/div>\n\n\n\n<p class=\"has-large-font-size wp-block-paragraph\"><strong>C\u00f3mo ayudar<\/strong><strong> en el D\u00eda Mundial de la Salud 2025<\/strong>&nbsp;<\/p>\n\n\n\n<ul class=\"wp-block-list\">\n<li>Difunda el d\u00eda y comparta informaci\u00f3n basada en pruebas utilizando #HopefulFutures y #HealthForAll.&nbsp;&nbsp;<\/li>\n<\/ul>\n\n\n\n<ul class=\"wp-block-list\">\n<li>Participar en <a href=\"https:\/\/www.who.int\/campaigns\/world-health-day\/2025\" target=\"_blank\" rel=\"noreferrer noopener\">actos centrados en la salud materna y neonatal<\/a>&nbsp;<\/li>\n<\/ul>\n\n\n\n<ul class=\"wp-block-list\">\n<li>Defender pol\u00edticas que integren la actividad f\u00edsica en las pol\u00edticas nacionales y subnacionales para madres, ni\u00f1os y familias.&nbsp;<\/li>\n<\/ul>\n\n\n\n<ul class=\"wp-block-list\">\n<li>Apoye iniciativas de salud materna mediante donaciones o participaci\u00f3n comunitaria.&nbsp;<\/li>\n<\/ul>\n\n\n\n<p class=\"has-accent-color has-text-color has-link-color has-medium-font-size wp-elements-12 wp-block-paragraph\"><em><strong>\u00danase al movimiento, porque los embarazos sanos allanan el camino a generaciones m\u00e1s sanas.<\/strong>&nbsp;<\/em><\/p>\n\n\n\n<figure data-wp-context=\"{&quot;imageId&quot;:&quot;6a9d451d11679&quot;}\" data-wp-interactive=\"core\/image\" data-wp-key=\"6a9d451d11679\" class=\"wp-block-image size-large wp-lightbox-container\"><img decoding=\"async\" width=\"1547\" height=\"1080\" data-wp-class--hide=\"state.isContentHidden\" data-wp-class--show=\"state.isContentVisible\" data-wp-init=\"callbacks.setButtonStyles\" data-wp-on--click=\"actions.showLightbox\" data-wp-on--load=\"callbacks.setButtonStyles\" data-wp-on--pointerdown=\"actions.preloadImage\" data-wp-on--pointerenter=\"actions.preloadImageWithDelay\" data-wp-on--pointerleave=\"actions.cancelPreload\" data-wp-on-window--resize=\"callbacks.setButtonStyles\" src=\"https:\/\/ispah.tecology-hosting.co\/wp-content\/uploads\/2025\/04\/AdobeStock_539636862-1547x1080.webp\" alt=\"Adobestock 539636862\" class=\"wp-image-33728\" srcset=\"https:\/\/ispah.tecology-hosting.co\/wp-content\/uploads\/2025\/04\/AdobeStock_539636862-1547x1080.webp 1547w, https:\/\/ispah.tecology-hosting.co\/wp-content\/uploads\/2025\/04\/AdobeStock_539636862-960x670.webp 960w, https:\/\/ispah.tecology-hosting.co\/wp-content\/uploads\/2025\/04\/AdobeStock_539636862.webp 1920w\" sizes=\"(max-width: 1547px) 100vw, 1547px\" \/><button\n\t\t\tclass=\"lightbox-trigger\"\n\t\t\ttype=\"button\"\n\t\t\taria-haspopup=\"dialog\"\n\t\t\tdata-wp-bind--aria-label=\"state.thisImage.triggerButtonAriaLabel\"\n\t\t\tdata-wp-init=\"callbacks.initTriggerButton\"\n\t\t\tdata-wp-on--click=\"actions.showLightbox\"\n\t\t\tdata-wp-style--right=\"state.thisImage.buttonRight\"\n\t\t\tdata-wp-style--top=\"state.thisImage.buttonTop\"\n\t\t>\n\t\t\t<svg xmlns=\"http:\/\/www.w3.org\/2000\/svg\" width=\"12\" height=\"12\" fill=\"none\" viewbox=\"0 0 12 12\">\n\t\t\t\t<path fill=\"#fff\" d=\"M2 0a2 2 0 0 0-2 2v2h1.5V2a.5.5 0 0 1 .5-.5h2V0H2Zm2 10.5H2a.5.5 0 0 1-.5-.5V8H0v2a2 2 0 0 0 2 2h2v-1.5ZM8 12v-1.5h2a.5.5 0 0 0 .5-.5V8H12v2a2 2 0 0 1-2 2H8Zm2-12a2 2 0 0 1 2 2v2h-1.5V2a.5.5 0 0 0-.5-.5H8V0h2Z\" \/>\n\t\t\t<\/svg>\n\t\t<\/button><\/figure>\n\n\n\n<p class=\"has-small-font-size wp-block-paragraph\"><strong>Referencias:<\/strong>&nbsp;<\/p>\n\n\n\n<ul class=\"wp-block-list\">\n<li class=\"has-x-small-font-size\">Bailit J.L., et al. (2010). Maternal and neonatal outcomes by labor onset type and gestational age. Revista Americana de Obstetricia y Ginecolog\u00eda, 202(6), 606.e1-606.e6.&nbsp;&nbsp;<\/li>\n<\/ul>\n\n\n\n<ul class=\"wp-block-list\">\n<li class=\"has-x-small-font-size\">Beth A. Lewis, Dwenda K. Gjerdingen, Melissa D. Avery, John R. Sirard, Hongfei Guo, Katie Schuver, Bess H. Marcus. (2014). Un ensayo aleatorizado que examina una intervenci\u00f3n de actividad f\u00edsica para la prevenci\u00f3n de la depresi\u00f3n posparto: The healthy mom trial, Salud mental y actividad f\u00edsica, Volumen 7, N\u00famero 1, P\u00e1ginas 42-49, ISSN 1755-2966, <a href=\"https:\/\/doi.org\/10.1016\/j.mhpa.2013.11.002\" target=\"_blank\" rel=\"noreferrer noopener\">https:\/\/doi.org\/10.1016\/j.mhpa.2013.11.002<\/a>.&nbsp;<\/li>\n<\/ul>\n\n\n\n<ul class=\"wp-block-list\">\n<li class=\"has-x-small-font-size\">Chae, S. A., Son, J. S., &amp; Du, M. (2022). Prenatal exercise in fetal development: a placental perspective. The FEBS journal, 289(11), 3058-3071. https:\/\/doi.org\/10.1111\/febs.16173&nbsp;<\/li>\n<\/ul>\n\n\n\n<ul class=\"wp-block-list\">\n<li class=\"has-x-small-font-size\">Daley, A. J., et al. (2015). La efectividad del ejercicio para la prevenci\u00f3n y el tratamiento de la depresi\u00f3n prenatal: revisi\u00f3n sistem\u00e1tica con metaan\u00e1lisis. BJOG. 2015;122(1):57-62&nbsp;<\/li>\n<\/ul>\n\n\n\n<ul class=\"wp-block-list has-x-small-font-size\">\n<li>Dejan Dokl, Valerija Rogelj, David Bogataj. (2020). Smart Age-Friendly Villages: Literature Review and Research Agenda, IFAC-PapersOnLine, 10.1016\/j.ifacol.2022.09.459, 55, 10, (928-933).&nbsp;<\/li>\n<\/ul>\n\n\n\n<ul class=\"wp-block-list has-x-small-font-size\">\n<li>Hayman M, et al. (2023). Public health guidelines for physical activity during pregnancy from around the world: a scoping reviewBritish Journal of Sports Medicine, 57:940-947.&nbsp;<\/li>\n<\/ul>\n\n\n\n<ul class=\"wp-block-list has-x-small-font-size\">\n<li>ISPAH (2024). 8 Inversiones que funcionan para la actividad f\u00edsica. Obtenido de<a href=\"https:\/\/ispah.tecology-hosting.co\/es_es\/recursos\/recursos-clave\/8-inversiones\/\" target=\"_blank\" rel=\"noreferrer noopener\">Sitio web de ISPAH<\/a>.&nbsp;<\/li>\n<\/ul>\n\n\n\n<ul class=\"wp-block-list has-x-small-font-size\">\n<li>Menke, B. R., Duchette, C., Tinius, R. A., Wilson, A. Q., Altizer, E. A., &amp; Maples, J. M. (2022). Actividad f\u00edsica durante el embarazo y composici\u00f3n corporal del reci\u00e9n nacido: A Systematic Review. Revista internacional de investigaci\u00f3n medioambiental y salud p\u00fablica, 19(12), 7127. https:\/\/doi.org\/10.3390\/ijerph19127127&nbsp;<\/li>\n<\/ul>\n\n\n\n<ul class=\"wp-block-list has-x-small-font-size\">\n<li>Mottola, M.F., et al. (2018). Gu\u00eda canadiense para la actividad f\u00edsica durante el embarazo. BJSM, 52(21), 1339-1346.&nbsp;&nbsp;<\/li>\n<\/ul>\n\n\n\n<ul class=\"wp-block-list has-x-small-font-size\">\n<li>Nascimento, S. L., Surita, F. G., &amp; Cecatti, J. G. 2012. Ejercicio f\u00edsico durante el embarazo: una revisi\u00f3n sistem\u00e1tica, 24(6), 387-394.&nbsp;&nbsp;<\/li>\n<\/ul>\n\n\n\n<ul class=\"wp-block-list has-x-small-font-size\">\n<li>Poyatos-Le\u00f3n, R., et al. (2017). Efectos de las intervenciones basadas en el ejercicio sobre la depresi\u00f3n posparto: Un metaan\u00e1lisis de ensayos controlados aleatorizados. Archivos de Salud Mental de la Mujer, 20(3), 373-388.&nbsp;&nbsp;<\/li>\n<\/ul>\n\n\n\n<ul class=\"wp-block-list has-x-small-font-size\">\n<li>Rodr\u00edguez-Blanque, R., S\u00e1nchez-Garc\u00eda, J. C., S\u00e1nchez-L\u00f3pez, A. M., &amp; Aguilar-Cordero, M. J. (2019). Actividad f\u00edsica durante el embarazo y su influencia en el tiempo de parto: un ensayo cl\u00ednico aleatorizado. PeerJ, 7, e6370. https:\/\/doi.org\/10.7717\/peerj.6370&nbsp;<\/li>\n<\/ul>\n\n\n\n<ul class=\"wp-block-list has-x-small-font-size\">\n<li>Taliento, C., Piccolotti, I., Sabattini, A., Tormen, M., Cappadona, R., Greco, P., &amp; Scutiero, G. (2024). Efecto de la Actividad F\u00edsica durante el Embarazo sobre el Riesgo de Trastornos Hipertensivos y Diabetes Gestacional: Evidencia Generada por Nuevos ECAs y Revisiones Sistem\u00e1ticas. Journal of clinical medicine, 13(8), 2198. https:\/\/doi.org\/10.3390\/jcm13082198&nbsp;<\/li>\n<\/ul>\n\n\n\n<ul class=\"wp-block-list has-x-small-font-size\">\n<li>UNICEF (2020). Poner fin a las muertes evitables de reci\u00e9n nacidos y mortinatos para 2030. Obtenido de<a href=\"https:\/\/www.unicef.org\/media\/77166\/file\/Ending-preventable-newborn-deaths-and-stillbirths-by-2030-universal-health-coverage-in-2020\u20132025.pdf\" target=\"_blank\" rel=\"noreferrer noopener\">Sitio web de UNICEF<\/a>.&nbsp;<\/li>\n<\/ul>\n\n\n\n<ul class=\"wp-block-list has-x-small-font-size\">\n<li>OMS (2023). Aceleraci\u00f3n hacia los ODS de salud materna y mortalidad infantil. Obtenido de<a href=\"https:\/\/apps.who.int\/gb\/ebwha\/pdf_files\/EB154\/B154_12-en.pdf\" target=\"_blank\" rel=\"noreferrer noopener\">Informe de la OMS<\/a>.&nbsp;<\/li>\n<\/ul>\n\n\n\n<ul class=\"wp-block-list has-x-small-font-size\">\n<li>OMS (2025). Campa\u00f1a del D\u00eda Mundial de la Salud 2025. Obtenido de<a href=\"https:\/\/www.who.int\/campaigns\/world-health-day\/2025#:~:text=Tragically%2C%20based%20on%20currently%20published,preventable%20death%20every%207%20seconds.\" target=\"_blank\" rel=\"noreferrer noopener\">Sitio web de la OMS.<\/a>&nbsp;<\/li>\n<\/ul>\n\n\n\n<ul class=\"wp-block-list has-x-small-font-size\">\n<li>Wiebe, H. W., et al. (2015). El efecto del ejercicio prenatal supervisado en el crecimiento fetal: un meta-an\u00e1lisis. Obstetrics &amp; Gynecology, 125(5), 1185-1194.&nbsp;&nbsp;<\/li>\n<\/ul>\n\n\n\n<ul class=\"wp-block-list has-x-small-font-size\">\n<li>Xie, W., Zhang, L., Cheng, J. et al. (2024). Physical activity during pregnancy and the risk of gestational diabetes mellitus: a systematic review and dose-response meta-analysis. BMC Public Health 24, 594. https:\/\/doi.org\/10.1186\/s12889-024-18131-7&nbsp;<\/li>\n<\/ul>\n\n\n\n<ul class=\"wp-block-list\">\n<li class=\"has-x-small-font-size\">Zhang J, Xiao Y, Bai S, Lin S, Du S, Wang Z. The Association Between Exercise During Pregnancy and the Risk of Preterm Birth. Int J Womens Health. 2024;16:219-228, https:\/\/doi.org\/10.2147\/IJWH.S447270&nbsp;&nbsp;<\/li>\n<\/ul>","protected":false},"excerpt":{"rendered":"<p>Every mother and baby deserve a healthy start in life. Yet, every seven seconds, a preventable maternal or newborn death occurs worldwide (WHO, 2025). This World Health Day, observed on\u202f7 April 2025, marks the launch of a global year-long campaign: Healthy Beginnings, Hopeful Futures. Led by WHO and its partners, this initiative calls for urgent [&hellip;]<\/p>\n","protected":false},"author":1154,"featured_media":33723,"comment_status":"closed","ping_status":"closed","sticky":false,"template":"","format":"standard","meta":{"_jf_schedule_form":"","_jf_limit_responses":"","country-income-classification":"","slim_seo":{"title":"World Health Day 2025: The Role of Physical Activity in Maternal and Newborn Health\u00a0 - ISPAH","description":"Toda madre y todo beb\u00e9 merecen un comienzo saludable en la vida. Sin embargo, cada siete segundos se produce en el mundo una muerte materna o neonatal evitable (OMS, 2025). Este Worl"},"_slim_seo_primary_term_category":0,"_slim_seo_primary_term_post_tag":0,"footnotes":""},"categories":[82,23,99],"tags":[350,351,352],"class_list":["post-33715","post","type-post","status-publish","format-standard","has-post-thumbnail","hentry","category-8-investments","category-blog","category-healthcare","tag-maternal-health","tag-newborn-health","tag-pregnancy"],"_links":{"self":[{"href":"https:\/\/ispah.tecology-hosting.co\/es_es\/wp-json\/wp\/v2\/posts\/33715","targetHints":{"allow":["GET"]}}],"collection":[{"href":"https:\/\/ispah.tecology-hosting.co\/es_es\/wp-json\/wp\/v2\/posts"}],"about":[{"href":"https:\/\/ispah.tecology-hosting.co\/es_es\/wp-json\/wp\/v2\/types\/post"}],"author":[{"embeddable":true,"href":"https:\/\/ispah.tecology-hosting.co\/es_es\/wp-json\/wp\/v2\/users\/1154"}],"replies":[{"embeddable":true,"href":"https:\/\/ispah.tecology-hosting.co\/es_es\/wp-json\/wp\/v2\/comments?post=33715"}],"version-history":[{"count":1,"href":"https:\/\/ispah.tecology-hosting.co\/es_es\/wp-json\/wp\/v2\/posts\/33715\/revisions"}],"predecessor-version":[{"id":34573,"href":"https:\/\/ispah.tecology-hosting.co\/es_es\/wp-json\/wp\/v2\/posts\/33715\/revisions\/34573"}],"wp:featuredmedia":[{"embeddable":true,"href":"https:\/\/ispah.tecology-hosting.co\/es_es\/wp-json\/wp\/v2\/media\/33723"}],"wp:attachment":[{"href":"https:\/\/ispah.tecology-hosting.co\/es_es\/wp-json\/wp\/v2\/media?parent=33715"}],"wp:term":[{"taxonomy":"category","embeddable":true,"href":"https:\/\/ispah.tecology-hosting.co\/es_es\/wp-json\/wp\/v2\/categories?post=33715"},{"taxonomy":"post_tag","embeddable":true,"href":"https:\/\/ispah.tecology-hosting.co\/es_es\/wp-json\/wp\/v2\/tags?post=33715"}],"curies":[{"name":"wp","href":"https:\/\/api.w.org\/{rel}","templated":true}]}}