{"id":33564,"date":"2025-04-05T23:59:00","date_gmt":"2025-04-05T22:59:00","guid":{"rendered":"https:\/\/ispah.tecology-hosting.co\/?p=33564"},"modified":"2025-08-21T06:59:52","modified_gmt":"2025-08-21T05:59:52","slug":"dia-mundial-de-la-actividad-fisica-2025-mas-de-lo-mismo-no-basta","status":"publish","type":"post","link":"https:\/\/ispah.tecology-hosting.co\/es_es\/world-day-for-physical-activity-2025-more-of-the-same-is-not-enough\/","title":{"rendered":"D\u00eda Mundial de la Actividad F\u00edsica 2025: M\u00e1s de lo mismo no basta\u00a0"},"content":{"rendered":"<p class=\"wp-block-paragraph\"><strong>\u00bfPor qu\u00e9 un D\u00eda para la Actividad F\u00edsica?<\/strong>&nbsp;<\/p>\n\n\n\n<p class=\"wp-block-paragraph\">La actividad f\u00edsica forma parte de la rutina humana desde hace siglos. Sin embargo, la <a href=\"https:\/\/www.thelancet.com\/series\/physical-activity\" target=\"_blank\" rel=\"noreferrer noopener\">2012 Lancet Physical Activity Series<\/a> mostraron que la inactividad f\u00edsica era responsable de m\u00e1s de 5 millones de muertes al a\u00f1o en todo el mundo. Esta enorme carga de morbilidad atribuible a la inactividad f\u00edsica se debe a (a) la elevada prevalencia de inactividad observada tanto en adultos (~30%) como en adolescentes (~80%) en todo el mundo; y (b) el mayor riesgo de muchas enfermedades en individuos inactivos en comparaci\u00f3n con sus compa\u00f1eros activos. A pesar de los importantes avances en la vigilancia, la investigaci\u00f3n y las pol\u00edticas en materia de actividad f\u00edsica en todo el mundo, <a href=\"https:\/\/pubmed.ncbi.nlm.nih.gov\/38942042\" target=\"_blank\" rel=\"noreferrer noopener\">los niveles de actividad f\u00edsica no aumentan<\/a> lo que sugiere que \"m\u00e1s de lo mismo no es suficiente\".  Por eso es necesario recordar a los profesionales de la salud, a los responsables pol\u00edticos y a la sociedad en general la importancia de la actividad f\u00edsica para la salud, de ah\u00ed la necesidad de celebrar anualmente el D\u00eda Mundial de la Actividad F\u00edsica.&nbsp;<\/p>\n\n\n\n<figure data-wp-context=\"{&quot;imageId&quot;:&quot;6a9d5a4e9f99b&quot;}\" data-wp-interactive=\"core\/image\" data-wp-key=\"6a9d5a4e9f99b\" class=\"wp-block-image size-large wp-lightbox-container\"><img decoding=\"async\" width=\"1620\" height=\"1080\" data-wp-class--hide=\"state.isContentHidden\" data-wp-class--show=\"state.isContentVisible\" data-wp-init=\"callbacks.setButtonStyles\" data-wp-on--click=\"actions.showLightbox\" data-wp-on--load=\"callbacks.setButtonStyles\" data-wp-on--pointerdown=\"actions.preloadImage\" data-wp-on--pointerenter=\"actions.preloadImageWithDelay\" data-wp-on--pointerleave=\"actions.cancelPreload\" data-wp-on-window--resize=\"callbacks.setButtonStyles\" src=\"https:\/\/ispah.tecology-hosting.co\/wp-content\/uploads\/2025\/03\/AdobeStock_520330942-1620x1080.webp\" alt=\"Adobestock 520330942\" class=\"wp-image-33650\" srcset=\"https:\/\/ispah.tecology-hosting.co\/wp-content\/uploads\/2025\/03\/AdobeStock_520330942-1620x1080.webp 1620w, https:\/\/ispah.tecology-hosting.co\/wp-content\/uploads\/2025\/03\/AdobeStock_520330942-960x640.webp 960w, https:\/\/ispah.tecology-hosting.co\/wp-content\/uploads\/2025\/03\/AdobeStock_520330942-768x512.webp 768w, https:\/\/ispah.tecology-hosting.co\/wp-content\/uploads\/2025\/03\/AdobeStock_520330942-1536x1024.webp 1536w, https:\/\/ispah.tecology-hosting.co\/wp-content\/uploads\/2025\/03\/AdobeStock_520330942-18x12.webp 18w, https:\/\/ispah.tecology-hosting.co\/wp-content\/uploads\/2025\/03\/AdobeStock_520330942.webp 1920w\" sizes=\"(max-width: 1620px) 100vw, 1620px\" \/><button\n\t\t\tclass=\"lightbox-trigger\"\n\t\t\ttype=\"button\"\n\t\t\taria-haspopup=\"dialog\"\n\t\t\tdata-wp-bind--aria-label=\"state.thisImage.triggerButtonAriaLabel\"\n\t\t\tdata-wp-init=\"callbacks.initTriggerButton\"\n\t\t\tdata-wp-on--click=\"actions.showLightbox\"\n\t\t\tdata-wp-style--right=\"state.thisImage.buttonRight\"\n\t\t\tdata-wp-style--top=\"state.thisImage.buttonTop\"\n\t\t>\n\t\t\t<svg xmlns=\"http:\/\/www.w3.org\/2000\/svg\" width=\"12\" height=\"12\" fill=\"none\" viewbox=\"0 0 12 12\">\n\t\t\t\t<path fill=\"#fff\" d=\"M2 0a2 2 0 0 0-2 2v2h1.5V2a.5.5 0 0 1 .5-.5h2V0H2Zm2 10.5H2a.5.5 0 0 1-.5-.5V8H0v2a2 2 0 0 0 2 2h2v-1.5ZM8 12v-1.5h2a.5.5 0 0 0 .5-.5V8H12v2a2 2 0 0 1-2 2H8Zm2-12a2 2 0 0 1 2 2v2h-1.5V2a.5.5 0 0 0-.5-.5H8V0h2Z\" \/>\n\t\t\t<\/svg>\n\t\t<\/button><\/figure>\n\n\n\n<p class=\"wp-block-paragraph\"><strong>\u00bfCu\u00e1l es la historia?<\/strong>&nbsp;<\/p>\n\n\n\n<p class=\"wp-block-paragraph\">La actividad f\u00edsica es <a href=\"https:\/\/pubmed.ncbi.nlm.nih.gov\/39327916\/\" target=\"_blank\" rel=\"noreferrer noopener\">definido<\/a> como cualquier movimiento corporal producido por los m\u00fasculos esquel\u00e9ticos que da lugar a un gasto energ\u00e9tico. Los gobiernos son responsables de facilitar a las personas la elecci\u00f3n de la actividad f\u00edsica como parte de su vida rutinaria. El acceso a una actividad f\u00edsica agradable, segura, saludable, equitativa y \u00fatil debe ser una prioridad social. El sitio<a href=\"https:\/\/ispah.tecology-hosting.co\/es_es\/\" target=\"_blank\" rel=\"noreferrer noopener\">Sociedad Internacional de Actividad F\u00edsica y Salud (ISPAH)<\/a>apoya el D\u00eda Mundial de la Actividad F\u00edsica 2025 como parte de sus esfuerzos globales para promover la actividad f\u00edsica y la salud, y m\u00e1s concretamente, a trav\u00e9s del<a href=\"https:\/\/ispah.tecology-hosting.co\/wp-content\/uploads\/2020\/11\/English-Eight-Investments-That-Work-FINAL.pdf\" target=\"_blank\" rel=\"noreferrer noopener\"><em>Ocho inversiones que favorecen la actividad f\u00edsica<\/em><\/a>- estrategias viables para promover comunidades m\u00e1s sanas mediante la integraci\u00f3n de la actividad f\u00edsica en las pol\u00edticas nacionales y subnacionales.&nbsp;<\/p>\n\n\n\n<p class=\"wp-block-paragraph\"><strong>\u00bfCu\u00e1l es la soluci\u00f3n?<\/strong>&nbsp;<\/p>\n\n\n\n<p class=\"wp-block-paragraph\">Es hora de pasar de un \"<a href=\"https:\/\/pubmed.ncbi.nlm.nih.gov\/3872850\/\" target=\"_blank\" rel=\"noreferrer noopener\">enfermos<\/a>\" a un enfoque de \"poblaciones sanas\". Durante d\u00e9cadas, la promoci\u00f3n de la actividad f\u00edsica se ha centrado en las personas inactivas. Ha llegado el momento de centrarse en toda la poblaci\u00f3n y tratar de que toda la distribuci\u00f3n de la actividad f\u00edsica se oriente hacia una mayor actividad. Un s\u00f3lido conjunto de pruebas sugiere que <a href=\"https:\/\/pubmed.ncbi.nlm.nih.gov\/39762423\/\" target=\"_blank\" rel=\"noreferrer noopener\">cierta actividad f\u00edsica<\/a>La actividad f\u00edsica, aunque sea inferior a los 150 minutos semanales recomendados, aporta importantes beneficios para la salud de las personas y las comunidades.&nbsp;<\/p>\n\n\n\n<figure data-wp-context=\"{&quot;imageId&quot;:&quot;6a9d5a4e9fee3&quot;}\" data-wp-interactive=\"core\/image\" data-wp-key=\"6a9d5a4e9fee3\" class=\"wp-block-image size-full wp-lightbox-container\"><img decoding=\"async\" width=\"1920\" height=\"596\" data-wp-class--hide=\"state.isContentHidden\" data-wp-class--show=\"state.isContentVisible\" data-wp-init=\"callbacks.setButtonStyles\" data-wp-on--click=\"actions.showLightbox\" data-wp-on--load=\"callbacks.setButtonStyles\" data-wp-on--pointerdown=\"actions.preloadImage\" data-wp-on--pointerenter=\"actions.preloadImageWithDelay\" data-wp-on--pointerleave=\"actions.cancelPreload\" data-wp-on-window--resize=\"callbacks.setButtonStyles\" src=\"https:\/\/ispah.tecology-hosting.co\/wp-content\/uploads\/2025\/03\/AdobeStock_472814826.webp\" alt=\"Adobestock 472814826\" class=\"wp-image-33649\" srcset=\"https:\/\/ispah.tecology-hosting.co\/wp-content\/uploads\/2025\/03\/AdobeStock_472814826.webp 1920w, https:\/\/ispah.tecology-hosting.co\/wp-content\/uploads\/2025\/03\/AdobeStock_472814826-960x298.webp 960w, https:\/\/ispah.tecology-hosting.co\/wp-content\/uploads\/2025\/03\/AdobeStock_472814826-768x238.webp 768w, https:\/\/ispah.tecology-hosting.co\/wp-content\/uploads\/2025\/03\/AdobeStock_472814826-1536x477.webp 1536w, https:\/\/ispah.tecology-hosting.co\/wp-content\/uploads\/2025\/03\/AdobeStock_472814826-18x6.webp 18w\" sizes=\"(max-width: 1920px) 100vw, 1920px\" \/><button\n\t\t\tclass=\"lightbox-trigger\"\n\t\t\ttype=\"button\"\n\t\t\taria-haspopup=\"dialog\"\n\t\t\tdata-wp-bind--aria-label=\"state.thisImage.triggerButtonAriaLabel\"\n\t\t\tdata-wp-init=\"callbacks.initTriggerButton\"\n\t\t\tdata-wp-on--click=\"actions.showLightbox\"\n\t\t\tdata-wp-style--right=\"state.thisImage.buttonRight\"\n\t\t\tdata-wp-style--top=\"state.thisImage.buttonTop\"\n\t\t>\n\t\t\t<svg xmlns=\"http:\/\/www.w3.org\/2000\/svg\" width=\"12\" height=\"12\" fill=\"none\" viewbox=\"0 0 12 12\">\n\t\t\t\t<path fill=\"#fff\" d=\"M2 0a2 2 0 0 0-2 2v2h1.5V2a.5.5 0 0 1 .5-.5h2V0H2Zm2 10.5H2a.5.5 0 0 1-.5-.5V8H0v2a2 2 0 0 0 2 2h2v-1.5ZM8 12v-1.5h2a.5.5 0 0 0 .5-.5V8H12v2a2 2 0 0 1-2 2H8Zm2-12a2 2 0 0 1 2 2v2h-1.5V2a.5.5 0 0 0-.5-.5H8V0h2Z\" \/>\n\t\t\t<\/svg>\n\t\t<\/button><\/figure>\n\n\n\n<p class=\"wp-block-paragraph\">Sin embargo, para alcanzar ese objetivo es obligatorio tener en cuenta el contexto en el que viven las personas. Una cantidad considerable de actividad f\u00edsica, sobre todo en los pa\u00edses de renta baja y media y entre las familias de renta baja en los pa\u00edses de renta alta, <a href=\"https:\/\/pubmed.ncbi.nlm.nih.gov\/36525957\/\" target=\"_blank\" rel=\"noreferrer noopener\">es m\u00e1s una necesidad que una elecci\u00f3n<\/a>. En estos casos, adem\u00e1s de promover la actividad f\u00edsica, es imperativo promover la salud, la equidad y la justicia. Tambi\u00e9n es esencial trabajar fuera del sector sanitario; para aumentar la actividad f\u00edsica tambi\u00e9n es necesario trabajar con los sectores del deporte, los entornos urbanos, la educaci\u00f3n y la planificaci\u00f3n.&nbsp;&nbsp;<\/p>\n\n\n\n<p class=\"wp-block-paragraph\">Desde hace d\u00e9cadas, este campo se centra en la actividad f\u00edsica total, que combina las actividades que tienen lugar en el trabajo, en la escuela, en casa, durante el tiempo libre y como medio de transporte. Ha llegado el momento de estudiar cada uno de estos \u00e1mbitos por separado, ya que las actividades que tienen lugar en cada uno de ellos var\u00edan considerablemente en t\u00e9rminos de necesidad frente a elecci\u00f3n.&nbsp;&nbsp;<\/p>\n\n\n\n<p class=\"has-large-font-size wp-block-paragraph\"><strong>Mensajes clave<\/strong>&nbsp;<\/p>\n\n\n\n<ul class=\"wp-block-list\">\n<li>La inactividad f\u00edsica causa tantas muertes como el tabaquismo al a\u00f1o en todo el mundo.&nbsp;<\/li>\n\n\n\n<li>Los niveles de actividad f\u00edsica no est\u00e1n aumentando en todo el mundo.&nbsp;&nbsp;<\/li>\n\n\n\n<li>Es hora de cambiar el enfoque de la promoci\u00f3n de la actividad f\u00edsica: en lugar de dirigirse a las personas inactivas, es hora de dirigirse a toda la poblaci\u00f3n para que se mueva m\u00e1s.&nbsp;&nbsp;<\/li>\n\n\n\n<li>Es imperativo tener en cuenta el contexto en el que tiene lugar la actividad f\u00edsica y si se practica como una necesidad o como una elecci\u00f3n.&nbsp;<\/li>\n<\/ul>\n\n\n\n<p class=\"wp-block-paragraph\"><strong>Autores<\/strong>&nbsp;<\/p>\n\n\n\n<p class=\"wp-block-paragraph\">Pedro C Hallal y Adrian Bauman - Becarios ISPAH&nbsp;&nbsp;<\/p>","protected":false},"excerpt":{"rendered":"<p>Why a Day for Physical Activity?&nbsp; Physical activity is part of human routine living for centuries. However, the 2012 Lancet Physical Activity Series showed that physical inactivity was responsible for 5+ million deaths per year globally. This massive burden of disease attributable to physical inactivity is due to (a) the high prevalence of inactivity observed [&hellip;]<\/p>\n","protected":false},"author":470,"featured_media":33692,"comment_status":"closed","ping_status":"closed","sticky":false,"template":"","format":"standard","meta":{"_jf_schedule_form":"","_jf_limit_responses":"","country-income-classification":"","slim_seo":{"title":"World Day for Physical Activity 2025: More of the Same is not Enough\u00a0 - ISPAH","description":"\u00bfPor qu\u00e9 un D\u00eda para la Actividad F\u00edsica?   La actividad f\u00edsica forma parte de la rutina humana desde hace siglos. Sin embargo, la serie sobre actividad f\u00edsica de The Lancet de 2012 muestra que..."},"_slim_seo_primary_term_category":0,"_slim_seo_primary_term_post_tag":0,"footnotes":""},"categories":[82,23],"tags":[346,347,345],"class_list":["post-33564","post","type-post","status-publish","format-standard","has-post-thumbnail","hentry","category-8-investments","category-blog","tag-healthy-populations","tag-multisector-approach","tag-policy-worldwide"],"_links":{"self":[{"href":"https:\/\/ispah.tecology-hosting.co\/es_es\/wp-json\/wp\/v2\/posts\/33564","targetHints":{"allow":["GET"]}}],"collection":[{"href":"https:\/\/ispah.tecology-hosting.co\/es_es\/wp-json\/wp\/v2\/posts"}],"about":[{"href":"https:\/\/ispah.tecology-hosting.co\/es_es\/wp-json\/wp\/v2\/types\/post"}],"author":[{"embeddable":true,"href":"https:\/\/ispah.tecology-hosting.co\/es_es\/wp-json\/wp\/v2\/users\/470"}],"replies":[{"embeddable":true,"href":"https:\/\/ispah.tecology-hosting.co\/es_es\/wp-json\/wp\/v2\/comments?post=33564"}],"version-history":[{"count":1,"href":"https:\/\/ispah.tecology-hosting.co\/es_es\/wp-json\/wp\/v2\/posts\/33564\/revisions"}],"predecessor-version":[{"id":34574,"href":"https:\/\/ispah.tecology-hosting.co\/es_es\/wp-json\/wp\/v2\/posts\/33564\/revisions\/34574"}],"wp:featuredmedia":[{"embeddable":true,"href":"https:\/\/ispah.tecology-hosting.co\/es_es\/wp-json\/wp\/v2\/media\/33692"}],"wp:attachment":[{"href":"https:\/\/ispah.tecology-hosting.co\/es_es\/wp-json\/wp\/v2\/media?parent=33564"}],"wp:term":[{"taxonomy":"category","embeddable":true,"href":"https:\/\/ispah.tecology-hosting.co\/es_es\/wp-json\/wp\/v2\/categories?post=33564"},{"taxonomy":"post_tag","embeddable":true,"href":"https:\/\/ispah.tecology-hosting.co\/es_es\/wp-json\/wp\/v2\/tags?post=33564"}],"curies":[{"name":"wp","href":"https:\/\/api.w.org\/{rel}","templated":true}]}}