{"id":33441,"date":"2025-03-03T01:42:14","date_gmt":"2025-03-03T01:42:14","guid":{"rendered":"https:\/\/ispah.tecology-hosting.co\/?p=33441"},"modified":"2025-03-05T06:20:32","modified_gmt":"2025-03-05T06:20:32","slug":"dia-mundial-de-la-obesidad-2025-ispah-apoya-un-enfoque-sistemico-para-una-vida-mas-sana","status":"publish","type":"post","link":"https:\/\/ispah.tecology-hosting.co\/es_es\/world-obesity-day-2025-ispah-supports-a-systems-focus-for-healthier-lives\/","title":{"rendered":"D\u00eda Mundial de la Obesidad 2025: ISPAH apoya un enfoque sist\u00e9mico para una vida m\u00e1s sana"},"content":{"rendered":"<p class=\"has-large-font-size wp-block-paragraph\"><strong>\u00bfPor qu\u00e9 un D\u00eda de la Obesidad?<\/strong><\/p>\n\n\n\n<p class=\"wp-block-paragraph\">La obesidad sigue siendo una enfermedad muy mal entendida, sobre todo porque muchas personas siguen atribuyendo a esta afecci\u00f3n una de sus principales causas. <a href=\"https:\/\/www.who.int\/news-room\/fact-sheets\/detail\/obesity-and-overweight\">enfermedad<\/a> ser consecuencia de <a href=\"https:\/\/obesitycanada.ca\/understanding-obesity\/5-facts\/\">elecciones personales<\/a>. Desgraciadamente <a href=\"https:\/\/www.cfp.ca\/content\/60\/11\/973.short\">creencias (err\u00f3neas)<\/a> puede conducir a <a href=\"https:\/\/link.springer.com\/article\/10.1007\/s13679-023-00495-3\">estigma relacionado con el peso<\/a>, <a href=\"https:\/\/obesitycanada.ca\/for-patients\/weight-bias\/#:~:text=Weight%20stigma%20refers%20to%20social,%2Ddiscipline%20or%20self%2Dcontrol.\">prejuicios y discriminaci\u00f3n<\/a>-actitudes, estereotipos y acciones perjudiciales y generalizadas que han <a href=\"https:\/\/link.springer.com\/article\/10.1186\/S12916-018-1116-5\">impactos negativos<\/a> tanto a nivel individual como social.<\/p>\n\n\n\n<p class=\"has-large-font-size wp-block-paragraph\"><strong>\u00bfCu\u00e1l es la historia?<\/strong><\/p>\n\n\n\n<p class=\"wp-block-paragraph\"><a href=\"https:\/\/www.who.int\/news-room\/fact-sheets\/detail\/obesity-and-overweight\">Obesidad<\/a>&nbsp;se ha definido como cr\u00f3nica, <a href=\"https:\/\/www.gov.uk\/government\/publications\/reducing-obesity-obesity-system-map\">complejo<\/a>El exceso de grasa corporal (adiposidad) perjudica la salud. <a href=\"https:\/\/www.worldobesityday.org\/\">D\u00eda Mundial de la Obesidad 2025<\/a>celebrada el 4 de marzo<sup>th<\/sup>La Comisi\u00f3n Europea hace un llamamiento a la acci\u00f3n a escala mundial, desplazando la atenci\u00f3n de los Estados miembros de la UE a los pa\u00edses en v\u00edas de desarrollo. <em>individual<\/em> a la <em>sistemas<\/em> (por ejemplo, medioambientales, socioculturales, pol\u00edticas, econ\u00f3micas) que contribuyen a la <a href=\"https:\/\/www.thelancet.com\/journals\/lancet\/article\/PIIS0140-6736(23)02750-2\/fulltext\">tasas crecientes de obesidad en el mundo<\/a>.<\/p>\n\n\n\n<figure data-wp-context=\"{&quot;imageId&quot;:&quot;6a9d4ffc60096&quot;}\" data-wp-interactive=\"core\/image\" data-wp-key=\"6a9d4ffc60096\" class=\"wp-block-image size-full wp-lightbox-container\"><img decoding=\"async\" width=\"1080\" height=\"1080\" data-wp-class--hide=\"state.isContentHidden\" data-wp-class--show=\"state.isContentVisible\" data-wp-init=\"callbacks.setButtonStyles\" data-wp-on--click=\"actions.showLightbox\" data-wp-on--load=\"callbacks.setButtonStyles\" data-wp-on--pointerdown=\"actions.preloadImage\" data-wp-on--pointerenter=\"actions.preloadImageWithDelay\" data-wp-on--pointerleave=\"actions.cancelPreload\" data-wp-on-window--resize=\"callbacks.setButtonStyles\" src=\"https:\/\/ispah.tecology-hosting.co\/wp-content\/uploads\/2025\/03\/WOD_Announcement_Instagram_v1.webp\" alt=\"Wod Anuncio Instagram V1\" class=\"wp-image-33445\" srcset=\"https:\/\/ispah.tecology-hosting.co\/wp-content\/uploads\/2025\/03\/WOD_Announcement_Instagram_v1.webp 1080w, https:\/\/ispah.tecology-hosting.co\/wp-content\/uploads\/2025\/03\/WOD_Announcement_Instagram_v1-960x960.webp 960w, https:\/\/ispah.tecology-hosting.co\/wp-content\/uploads\/2025\/03\/WOD_Announcement_Instagram_v1-300x300.webp 300w, https:\/\/ispah.tecology-hosting.co\/wp-content\/uploads\/2025\/03\/WOD_Announcement_Instagram_v1-768x768.webp 768w\" sizes=\"(max-width: 1080px) 100vw, 1080px\" \/><button\n\t\t\tclass=\"lightbox-trigger\"\n\t\t\ttype=\"button\"\n\t\t\taria-haspopup=\"dialog\"\n\t\t\tdata-wp-bind--aria-label=\"state.thisImage.triggerButtonAriaLabel\"\n\t\t\tdata-wp-init=\"callbacks.initTriggerButton\"\n\t\t\tdata-wp-on--click=\"actions.showLightbox\"\n\t\t\tdata-wp-style--right=\"state.thisImage.buttonRight\"\n\t\t\tdata-wp-style--top=\"state.thisImage.buttonTop\"\n\t\t>\n\t\t\t<svg xmlns=\"http:\/\/www.w3.org\/2000\/svg\" width=\"12\" height=\"12\" fill=\"none\" viewbox=\"0 0 12 12\">\n\t\t\t\t<path fill=\"#fff\" d=\"M2 0a2 2 0 0 0-2 2v2h1.5V2a.5.5 0 0 1 .5-.5h2V0H2Zm2 10.5H2a.5.5 0 0 1-.5-.5V8H0v2a2 2 0 0 0 2 2h2v-1.5ZM8 12v-1.5h2a.5.5 0 0 0 .5-.5V8H12v2a2 2 0 0 1-2 2H8Zm2-12a2 2 0 0 1 2 2v2h-1.5V2a.5.5 0 0 0-.5-.5H8V0h2Z\" \/>\n\t\t\t<\/svg>\n\t\t<\/button><figcaption class=\"wp-element-caption\">D\u00eda Mundial contra la Obesidad, 2025. https:\/\/www.worldobesityday.org<\/figcaption><\/figure>\n\n\n\n<p class=\"wp-block-paragraph\">En <a href=\"https:\/\/ispah.tecology-hosting.co\/es_es\/\">Sociedad Internacional de Actividad F\u00edsica y Salud (ISPAH)<\/a> apoya el D\u00eda Mundial de la Obesidad 2025 en sus esfuerzos globales por promover la actividad f\u00edsica y la salud, y m\u00e1s concretamente, a trav\u00e9s de la&nbsp;<a href=\"https:\/\/ispah.tecology-hosting.co\/wp-content\/uploads\/2020\/11\/English-Eight-Investments-That-Work-FINAL.pdf\"><em>Ocho inversiones que favorecen la actividad f\u00edsica<\/em><\/a> - estrategias viables para promover comunidades m\u00e1s sanas mediante la integraci\u00f3n de la actividad f\u00edsica en las pol\u00edticas nacionales y subnacionales.<\/p>\n\n\n\n<p class=\"has-large-font-size wp-block-paragraph\"><strong>El sobrepeso y la obesidad son una preocupaci\u00f3n mundial<\/strong><\/p>\n\n\n\n<ul class=\"wp-block-list\">\n<li>A escala mundial, se calcula que aproximadamente <a href=\"https:\/\/www.who.int\/news-room\/fact-sheets\/detail\/obesity-and-overweight\">1 de cada 8 personas<\/a> viv\u00edan con obesidad en 2022<\/li>\n\n\n\n<li>La prevalencia mundial de la obesidad entre los adultos ha <a href=\"https:\/\/www.who.int\/news-room\/fact-sheets\/detail\/obesity-and-overweight\">duplicado<\/a> desde 1990; en 2022, aproximadamente 16% de los adultos viv\u00edan con obesidad<\/li>\n\n\n\n<li>La prevalencia mundial de la obesidad pedi\u00e1trica tambi\u00e9n ha aumentado, con una estimaci\u00f3n de 1.000 millones de euros al a\u00f1o. <a href=\"https:\/\/jamanetwork.com\/journals\/jamapediatrics\/fullarticle\/2819322\">8.5%<\/a> de ni\u00f1os y adolescentes con obesidad en 2023<\/li>\n\n\n\n<li>Obesidad <em>estigma<\/em> es un <a href=\"https:\/\/link.springer.com\/article\/10.1186\/s12992-018-0337-x?utm_source=getftr&amp;utm_medium=getftr&amp;utm_campaign=getftr_pilot&amp;getft_integrator=wiley\">preocupaci\u00f3n mundial<\/a>Aunque el estigma relacionado con el peso ha sido ampliamente reconocido como un importante problema de salud en el Norte, ahora tambi\u00e9n se considera un problema emergente en el Sur.<\/li>\n<\/ul>\n\n\n\n<p class=\"has-large-font-size wp-block-paragraph\"><strong>Cambio sist\u00e9mico: \u00bfcu\u00e1ndo y c\u00f3mo?<\/strong><\/p>\n\n\n\n<ul class=\"wp-block-list\">\n<li><strong>Ahora:<\/strong>&nbsp;Sabemos que <a href=\"https:\/\/link.springer.com\/content\/pdf\/10.1186\/s12966-021-01082-2.pdf\">intervenciones posteriores<\/a> tienden a tener una eficacia limitada para la prevenci\u00f3n y el tratamiento de la obesidad. Hay una necesidad urgente de ir m\u00e1s all\u00e1 de los enfoques de la obesidad a nivel individual (incluyendo la <a href=\"https:\/\/onlinelibrary.wiley.com\/doi\/full\/10.1111\/cob.12615\">\"come menos, mu\u00e9vete m\u00e1s\"<\/a> narrativa), a una <a href=\"https:\/\/link.springer.com\/article\/10.1186\/s12889-018-6274-z\">enfoque sist\u00e9mico<\/a> para hacer frente a este reto mundial.<\/li>\n\n\n\n<li><strong>Acci\u00f3n basada en la evidencia:<\/strong> Las ocho inversiones de la ISPAH ofrecen estrategias pr\u00e1cticas, basadas en la investigaci\u00f3n, para aumentar los niveles de actividad f\u00edsica en todo el mundo. De hecho, la actividad f\u00edsica es importante para todas las personas, incluidas las que padecen obesidad. Dado que existen <a href=\"https:\/\/www.gov.uk\/government\/publications\/reducing-obesity-obesity-system-map\">cientos de factores complejos y entrelazados<\/a> que contribuyen a la prevalencia de la obesidad, y que los beneficios de la actividad f\u00edsica para las personas con obesidad van m\u00e1s all\u00e1 de la obesidad. <a href=\"https:\/\/www.mdpi.com\/1660-4601\/19\/9\/4981\">p\u00e9rdida de peso<\/a>-Es esencial una acci\u00f3n basada en la evidencia que vaya m\u00e1s all\u00e1 de centrarse en los determinantes y comportamientos individuales.<\/li>\n\n\n\n<li><strong>Garantizar que <\/strong><a href=\"https:\/\/www.annualreviews.org\/content\/journals\/10.1146\/annurev-nutr-092021-050805\"><strong>equidad sanitaria<\/strong><\/a><strong> es una prioridad:<\/strong> La obesidad afecta de forma desproporcionada a <a href=\"https:\/\/link.springer.com\/article\/10.1007\/s13679-023-00493-5\">poblaciones marginadas<\/a>Por ello, es imperativo abordar los numerosos factores sist\u00e9micos y entrecruzados que conducen a las disparidades en la prevalencia de la obesidad.<\/li>\n<\/ul>\n\n\n\n<p class=\"has-large-font-size wp-block-paragraph\"><strong>Mensajes para llevar a casa<\/strong><\/p>\n\n\n\n<ul class=\"wp-block-list\">\n<li><strong>El cambio de sistemas es clave:<\/strong> Para abordar eficazmente la obesidad es necesario pasar de la responsabilidad y la culpa individuales a planteamientos y soluciones sist\u00e9micos integrales.<\/li>\n\n\n\n<li><a href=\"https:\/\/www.annualreviews.org\/content\/journals\/10.1146\/annurev-publhealth-060922-044108\"><strong>Fomentar la equidad sanitaria<\/strong><\/a><strong> es vital:<\/strong> Centrarse en los cambios sist\u00e9micos y adoptar una perspectiva de equidad sanitaria puede conducir al desarrollo de soluciones y enfoques m\u00e1s equitativos e integradores para el tratamiento y la prevenci\u00f3n de la obesidad.<\/li>\n\n\n\n<li><strong>Combatir el estigma de la obesidad es una prioridad mundial:<\/strong> Un reciente <a href=\"https:\/\/onlinelibrary.wiley.com\/doi\/full\/10.1111\/obr.13642\">Declaraci\u00f3n de posici\u00f3n de la Federaci\u00f3n Mundial de Obesidad<\/a> esboz\u00f3 varias recomendaciones basadas en pruebas para combatir el estigma del peso y sus efectos nocivos a escala mundial.<\/li>\n\n\n\n<li><a href=\"https:\/\/www.annualreviews.org\/content\/journals\/10.1146\/annurev-publhealth-060922-044108\"><strong>Colaboraci\u00f3n intersectorial<\/strong><\/a><strong> es esencial:<\/strong> Los gobiernos, los responsables pol\u00edticos, los profesionales sanitarios, los planificadores urbanos, los educadores, los investigadores y las comunidades deben trabajar juntos para abordar la obesidad y desarrollar pruebas sobre la aplicaci\u00f3n en el mundo real de enfoques sist\u00e9micos para el tratamiento de la obesidad y la prevenci\u00f3n de la obesidad. <a href=\"https:\/\/www.frontiersin.org\/journals\/public-health\/articles\/10.3389\/fpubh.2023.1015492\/full\">prevenci\u00f3n<\/a>.<\/li>\n<\/ul>\n\n\n\n<p class=\"wp-block-paragraph\">El D\u00eda Mundial de la Obesidad 2025 representa una llamada a la acci\u00f3n para <a href=\"https:\/\/www.worldobesityday.org\/\">\"poner un foco\"<\/a> de la obesidad como reto sanitario mundial, lo que exige centrarse en los numerosos sistemas y factores que influyen en esta enfermedad cr\u00f3nica. Cambiar nuestro enfoque de la responsabilidad individual al cambio sist\u00e9mico, globalmente y guiado por una lente de equidad sanitaria, es fundamental para abordar la obesidad y las disparidades de la obesidad, y para combatir el estigma relacionado con el peso. S\u00f3lo trabajando juntos para hacer frente a estas barreras estructurales podremos crear un futuro en el que una mejor salud sea m\u00e1s asequible para todos.<\/p>\n\n\n\n<p class=\"wp-block-paragraph\"><strong>Autores:<\/strong><\/p>\n\n\n\n<div class=\"wp-block-media-text is-stacked-on-mobile\" style=\"grid-template-columns:15% auto\"><figure class=\"wp-block-media-text__media\"><img decoding=\"async\" width=\"720\" height=\"1080\" src=\"https:\/\/ispah.tecology-hosting.co\/wp-content\/uploads\/2025\/03\/Shauna11of30-720x1080.webp\" alt=\"Shauna(11de30)\" class=\"wp-image-33442 size-full\" srcset=\"https:\/\/ispah.tecology-hosting.co\/wp-content\/uploads\/2025\/03\/Shauna11of30-720x1080.webp 720w, https:\/\/ispah.tecology-hosting.co\/wp-content\/uploads\/2025\/03\/Shauna11of30-640x960.webp 640w, https:\/\/ispah.tecology-hosting.co\/wp-content\/uploads\/2025\/03\/Shauna11of30-768x1152.webp 768w, https:\/\/ispah.tecology-hosting.co\/wp-content\/uploads\/2025\/03\/Shauna11of30-1024x1536.webp 1024w, https:\/\/ispah.tecology-hosting.co\/wp-content\/uploads\/2025\/03\/Shauna11of30.webp 1280w\" sizes=\"(max-width: 720px) 100vw, 720px\" \/><\/figure><div class=\"wp-block-media-text__content\">\n<p class=\"wp-block-paragraph\">Dra. Shauna Burke | Facultad de Ciencias de la Salud, Western University, London, Ontario, Canad\u00e1 &amp; Children's Health Research Institute, London, Ontario, Canad\u00e1<\/p>\n<\/div><\/div>\n\n\n\n<div class=\"wp-block-media-text is-stacked-on-mobile\" style=\"grid-template-columns:15% auto\"><figure class=\"wp-block-media-text__media\"><img decoding=\"async\" width=\"863\" height=\"1080\" src=\"https:\/\/ispah.tecology-hosting.co\/wp-content\/uploads\/2025\/03\/Sophie-Phillips-863x1080.webp\" alt=\"Sophie Phillips\" class=\"wp-image-33443 size-full\" srcset=\"https:\/\/ispah.tecology-hosting.co\/wp-content\/uploads\/2025\/03\/Sophie-Phillips-863x1080.webp 863w, https:\/\/ispah.tecology-hosting.co\/wp-content\/uploads\/2025\/03\/Sophie-Phillips-767x960.webp 767w, https:\/\/ispah.tecology-hosting.co\/wp-content\/uploads\/2025\/03\/Sophie-Phillips-768x961.webp 768w, https:\/\/ispah.tecology-hosting.co\/wp-content\/uploads\/2025\/03\/Sophie-Phillips-1227x1536.webp 1227w, https:\/\/ispah.tecology-hosting.co\/wp-content\/uploads\/2025\/03\/Sophie-Phillips.webp 1534w\" sizes=\"(max-width: 863px) 100vw, 863px\" \/><\/figure><div class=\"wp-block-media-text__content\">\n<p class=\"wp-block-paragraph\">Dra. Sophie Phillips | Facultad de Ciencias de la Salud, Western University, London, Ontario, Canad\u00e1<\/p>\n<\/div><\/div>","protected":false},"excerpt":{"rendered":"<p>Why a Day for Obesity? Obesity remains widely misunderstood; primarily because many people still attribute this disease to be the consequence of personal choices. Unfortunately, such (mis)beliefs can lead to weight-related stigma, bias, and discrimination\u2014harmful, widespread attitudes, stereotypes, and actions that have negative impacts at both individual and societal levels. What\u2019s the Story? Obesity&nbsp;has been [&hellip;]<\/p>\n","protected":false},"author":1154,"featured_media":33448,"comment_status":"closed","ping_status":"closed","sticky":false,"template":"","format":"standard","meta":{"_jf_schedule_form":"","_jf_limit_responses":"","country-income-classification":"","slim_seo":{"title":"World Obesity Day 2025: ISPAH Supports a Systems Focus for Healthier Lives - ISPAH","description":"\u00bfPor qu\u00e9 un D\u00eda de la Obesidad? La obesidad sigue siendo una enfermedad muy mal entendida, sobre todo porque muchas personas siguen atribuy\u00e9ndola a una elecci\u00f3n personal."},"_slim_seo_primary_term_category":0,"_slim_seo_primary_term_post_tag":0,"footnotes":""},"categories":[82,23],"tags":[338,336,339,337],"class_list":["post-33441","post","type-post","status-publish","format-standard","has-post-thumbnail","hentry","category-8-investments","category-blog","tag-health-equity","tag-obesity","tag-stigma","tag-systems-change"],"_links":{"self":[{"href":"https:\/\/ispah.tecology-hosting.co\/es_es\/wp-json\/wp\/v2\/posts\/33441","targetHints":{"allow":["GET"]}}],"collection":[{"href":"https:\/\/ispah.tecology-hosting.co\/es_es\/wp-json\/wp\/v2\/posts"}],"about":[{"href":"https:\/\/ispah.tecology-hosting.co\/es_es\/wp-json\/wp\/v2\/types\/post"}],"author":[{"embeddable":true,"href":"https:\/\/ispah.tecology-hosting.co\/es_es\/wp-json\/wp\/v2\/users\/1154"}],"replies":[{"embeddable":true,"href":"https:\/\/ispah.tecology-hosting.co\/es_es\/wp-json\/wp\/v2\/comments?post=33441"}],"version-history":[{"count":0,"href":"https:\/\/ispah.tecology-hosting.co\/es_es\/wp-json\/wp\/v2\/posts\/33441\/revisions"}],"wp:featuredmedia":[{"embeddable":true,"href":"https:\/\/ispah.tecology-hosting.co\/es_es\/wp-json\/wp\/v2\/media\/33448"}],"wp:attachment":[{"href":"https:\/\/ispah.tecology-hosting.co\/es_es\/wp-json\/wp\/v2\/media?parent=33441"}],"wp:term":[{"taxonomy":"category","embeddable":true,"href":"https:\/\/ispah.tecology-hosting.co\/es_es\/wp-json\/wp\/v2\/categories?post=33441"},{"taxonomy":"post_tag","embeddable":true,"href":"https:\/\/ispah.tecology-hosting.co\/es_es\/wp-json\/wp\/v2\/tags?post=33441"}],"curies":[{"name":"wp","href":"https:\/\/api.w.org\/{rel}","templated":true}]}}