{"id":30926,"date":"2024-12-09T03:17:37","date_gmt":"2024-12-09T03:17:37","guid":{"rendered":"https:\/\/ispah.tecology-hosting.co\/?p=30926"},"modified":"2025-01-08T16:32:35","modified_gmt":"2025-01-08T16:32:35","slug":"paris-2024-un-hito-para-la-comunidad-internacional-de-la-actividad-fisica","status":"publish","type":"post","link":"https:\/\/ispah.tecology-hosting.co\/es_es\/paris-2024-a-landmark-event-for-the-international-physical-activity-community\/","title":{"rendered":"Par\u00eds 2024: Un acontecimiento hist\u00f3rico para la comunidad internacional de la actividad f\u00edsica\u00a0"},"content":{"rendered":"<p class=\"wp-block-paragraph\">El 10\u00ba Congreso de la ISPAH en Par\u00eds ha concluido con \u00e9xito. Coorganizado por la Sociedad Francesa de Salud P\u00fablica (SFSP) con el copatrocinio de la Organizaci\u00f3n Mundial de la Salud (OMS), el congreso se celebr\u00f3 del 28 al 31 de octubre de 2024 con talleres, simposios, conferencias magistrales y presentaciones sobre el panorama mundial de la salud p\u00fablica. El congreso reuni\u00f3 a investigadores, profesionales y responsables pol\u00edticos de todo el mundo. Par\u00eds proporcion\u00f3 un tel\u00f3n de fondo inspirador, ya que la ciudad aprovech\u00f3 el impulso de los Juegos Ol\u00edmpicos de 2024 para promover iniciativas de salud p\u00fablica y su firme compromiso con el fomento de la actividad f\u00edsica.<\/p>\n\n\n\n<hr class=\"wp-block-separator has-alpha-channel-opacity is-style-wide is-style-wide--1\"\/>\n\n\n\n<div class=\"wp-block-group has-global-padding is-layout-constrained wp-block-group-is-layout-constrained\" style=\"margin-top:var(--wp--preset--spacing--20);margin-bottom:var(--wp--preset--spacing--20)\">\n<div class=\"wp-block-columns alignwide are-vertically-aligned-top is-layout-flex wp-container-core-columns-is-layout-1e8f0723 wp-block-columns-is-layout-flex\" style=\"margin-top:0;margin-bottom:0;padding-right:0;padding-left:0\">\n<div class=\"wp-block-column is-vertically-aligned-top is-layout-flow wp-container-core-column-is-layout-a67750dc wp-block-column-is-layout-flow\">\n<h3 class=\"wp-block-heading has-medium-font-size\"><strong>Una ciudad l\u00edder<\/strong>\u00a0<\/h3>\n\n\n\n<p class=\"wp-block-paragraph\">Par\u00eds aprovech\u00f3 la oportunidad para mostrar sus esfuerzos por crear un entorno activo e integrador. Las acciones locales, alineadas con el legado ol\u00edmpico de la ciudad para 2024, pusieron de relieve enfoques innovadores para integrar la actividad f\u00edsica en la vida cotidiana. Los asistentes al congreso pudieron ser testigos de primera mano de las iniciativas de la ciudad encaminadas a reducir la inactividad f\u00edsica y mejorar la salud de la poblaci\u00f3n, reforzando el papel de la sede como l\u00edder en salud p\u00fablica mundial.\u00a0<\/p>\n<\/div>\n\n\n\n<div class=\"wp-block-column is-vertically-aligned-top is-layout-flow wp-block-column-is-layout-flow\" style=\"padding-top:0;padding-bottom:0\">\n<figure data-wp-context=\"{&quot;imageId&quot;:&quot;6a9d5a51a4357&quot;}\" data-wp-interactive=\"core\/image\" data-wp-key=\"6a9d5a51a4357\" class=\"wp-block-image size-full is-style-default wp-lightbox-container\"><img decoding=\"async\" width=\"1146\" height=\"1163\" data-wp-class--hide=\"state.isContentHidden\" data-wp-class--show=\"state.isContentVisible\" data-wp-init=\"callbacks.setButtonStyles\" data-wp-on--click=\"actions.showLightbox\" data-wp-on--load=\"callbacks.setButtonStyles\" data-wp-on--pointerdown=\"actions.preloadImage\" data-wp-on--pointerenter=\"actions.preloadImageWithDelay\" data-wp-on--pointerleave=\"actions.cancelPreload\" data-wp-on-window--resize=\"callbacks.setButtonStyles\" src=\"https:\/\/ispah.tecology-hosting.co\/wp-content\/uploads\/2024\/12\/IMG-20241030-WA0022-1.jpg\" alt=\"Img 20241030 Wa0022\" class=\"wp-image-30930\" srcset=\"https:\/\/ispah.tecology-hosting.co\/wp-content\/uploads\/2024\/12\/IMG-20241030-WA0022-1.jpg 1146w, https:\/\/ispah.tecology-hosting.co\/wp-content\/uploads\/2024\/12\/IMG-20241030-WA0022-1-296x300.jpg 296w, https:\/\/ispah.tecology-hosting.co\/wp-content\/uploads\/2024\/12\/IMG-20241030-WA0022-1-1009x1024.jpg 1009w, https:\/\/ispah.tecology-hosting.co\/wp-content\/uploads\/2024\/12\/IMG-20241030-WA0022-1-768x779.jpg 768w\" sizes=\"(max-width: 1146px) 100vw, 1146px\" \/><button\n\t\t\tclass=\"lightbox-trigger\"\n\t\t\ttype=\"button\"\n\t\t\taria-haspopup=\"dialog\"\n\t\t\tdata-wp-bind--aria-label=\"state.thisImage.triggerButtonAriaLabel\"\n\t\t\tdata-wp-init=\"callbacks.initTriggerButton\"\n\t\t\tdata-wp-on--click=\"actions.showLightbox\"\n\t\t\tdata-wp-style--right=\"state.thisImage.buttonRight\"\n\t\t\tdata-wp-style--top=\"state.thisImage.buttonTop\"\n\t\t>\n\t\t\t<svg xmlns=\"http:\/\/www.w3.org\/2000\/svg\" width=\"12\" height=\"12\" fill=\"none\" viewbox=\"0 0 12 12\">\n\t\t\t\t<path fill=\"#fff\" d=\"M2 0a2 2 0 0 0-2 2v2h1.5V2a.5.5 0 0 1 .5-.5h2V0H2Zm2 10.5H2a.5.5 0 0 1-.5-.5V8H0v2a2 2 0 0 0 2 2h2v-1.5ZM8 12v-1.5h2a.5.5 0 0 0 .5-.5V8H12v2a2 2 0 0 1-2 2H8Zm2-12a2 2 0 0 1 2 2v2h-1.5V2a.5.5 0 0 0-.5-.5H8V0h2Z\" \/>\n\t\t\t<\/svg>\n\t\t<\/button><figcaption class=\"wp-element-caption\">Fotograf\u00eda de Amandine Baron<\/figcaption><\/figure>\n<\/div>\n<\/div>\n<\/div>\n\n\n\n<hr class=\"wp-block-separator has-alpha-channel-opacity is-style-wide is-style-wide--2\"\/>\n\n\n\n<p class=\"wp-block-paragraph\"><strong>El papel de la Sociedad Francesa de Salud P\u00fablica (SFSP)<\/strong>&nbsp;<\/p>\n\n\n\n<p class=\"wp-block-paragraph\">El SFSP desempe\u00f1\u00f3 un papel fundamental en la organizaci\u00f3n del congreso, mostrando su liderazgo en el fomento de la colaboraci\u00f3n entre profesionales de la salud p\u00fablica, investigadores y responsables pol\u00edticos. Con m\u00e1s de 80 asociaciones miembros y una amplia red de expertos, la SFSP facilit\u00f3 debates que abordaron los retos multidisciplinares de la promoci\u00f3n de la actividad f\u00edsica. El compromiso de la sociedad con la creaci\u00f3n de un debate p\u00fablico y la influencia en las pol\u00edticas qued\u00f3 patente a lo largo de todo el congreso, proporcionando una base s\u00f3lida para futuros esfuerzos de colaboraci\u00f3n.&nbsp;<\/p>\n\n\n\n<p class=\"wp-block-paragraph\"><strong>Una reuni\u00f3n hist\u00f3rica<\/strong>&nbsp;<\/p>\n\n\n\n<p class=\"wp-block-paragraph\">El Congreso ISPAH 2024 atrajo a una red diversa de m\u00e1s de 900 delegados de todo el mundo. Los asistentes participaron en vibrantes debates sobre las \u00faltimas investigaciones, compartieron ideas pol\u00edticas y exploraron las mejores pr\u00e1cticas para hacer frente a las desigualdades en la participaci\u00f3n en la actividad f\u00edsica. El congreso cont\u00f3 con 17 simposios, m\u00e1s de 300 presentaciones orales y orales breves y 407 presentaciones de p\u00f3steres que abordaron cuestiones urgentes en la promoci\u00f3n de la actividad f\u00edsica, desde intervenciones escalables hasta la implementaci\u00f3n de pol\u00edticas.&nbsp;<\/p>\n\n\n\n<figure data-wp-context=\"{&quot;imageId&quot;:&quot;6a9d5a51a4ca8&quot;}\" data-wp-interactive=\"core\/image\" data-wp-key=\"6a9d5a51a4ca8\" class=\"wp-block-image size-large wp-lightbox-container\"><img decoding=\"async\" width=\"1024\" height=\"683\" data-wp-class--hide=\"state.isContentHidden\" data-wp-class--show=\"state.isContentVisible\" data-wp-init=\"callbacks.setButtonStyles\" data-wp-on--click=\"actions.showLightbox\" data-wp-on--load=\"callbacks.setButtonStyles\" data-wp-on--pointerdown=\"actions.preloadImage\" data-wp-on--pointerenter=\"actions.preloadImageWithDelay\" data-wp-on--pointerleave=\"actions.cancelPreload\" data-wp-on-window--resize=\"callbacks.setButtonStyles\" src=\"https:\/\/ispah.tecology-hosting.co\/wp-content\/uploads\/2024\/12\/IMG_3663-1024x683.jpg\" alt=\"Imagen 3663\" class=\"wp-image-30928\" srcset=\"https:\/\/ispah.tecology-hosting.co\/wp-content\/uploads\/2024\/12\/IMG_3663-1024x683.jpg 1024w, https:\/\/ispah.tecology-hosting.co\/wp-content\/uploads\/2024\/12\/IMG_3663-300x200.jpg 300w, https:\/\/ispah.tecology-hosting.co\/wp-content\/uploads\/2024\/12\/IMG_3663-768x512.jpg 768w, https:\/\/ispah.tecology-hosting.co\/wp-content\/uploads\/2024\/12\/IMG_3663-1536x1024.jpg 1536w, https:\/\/ispah.tecology-hosting.co\/wp-content\/uploads\/2024\/12\/IMG_3663-2048x1365.jpg 2048w\" sizes=\"(max-width: 1024px) 100vw, 1024px\" \/><button\n\t\t\tclass=\"lightbox-trigger\"\n\t\t\ttype=\"button\"\n\t\t\taria-haspopup=\"dialog\"\n\t\t\tdata-wp-bind--aria-label=\"state.thisImage.triggerButtonAriaLabel\"\n\t\t\tdata-wp-init=\"callbacks.initTriggerButton\"\n\t\t\tdata-wp-on--click=\"actions.showLightbox\"\n\t\t\tdata-wp-style--right=\"state.thisImage.buttonRight\"\n\t\t\tdata-wp-style--top=\"state.thisImage.buttonTop\"\n\t\t>\n\t\t\t<svg xmlns=\"http:\/\/www.w3.org\/2000\/svg\" width=\"12\" height=\"12\" fill=\"none\" viewbox=\"0 0 12 12\">\n\t\t\t\t<path fill=\"#fff\" d=\"M2 0a2 2 0 0 0-2 2v2h1.5V2a.5.5 0 0 1 .5-.5h2V0H2Zm2 10.5H2a.5.5 0 0 1-.5-.5V8H0v2a2 2 0 0 0 2 2h2v-1.5ZM8 12v-1.5h2a.5.5 0 0 0 .5-.5V8H12v2a2 2 0 0 1-2 2H8Zm2-12a2 2 0 0 1 2 2v2h-1.5V2a.5.5 0 0 0-.5-.5H8V0h2Z\" \/>\n\t\t\t<\/svg>\n\t\t<\/button><figcaption class=\"wp-element-caption\">Fotograf\u00eda de Amandine Baron<\/figcaption><\/figure>\n\n\n\n<p class=\"wp-block-paragraph\"><strong>Lo m\u00e1s destacado del Congreso<\/strong>&nbsp;<\/p>\n\n\n\n<p class=\"wp-block-paragraph\">Un tema clave del congreso fue la urgente necesidad de acelerar la pol\u00edtica y la pr\u00e1ctica para garantizar la actividad f\u00edsica para todos. El evento proporcion\u00f3 una plataforma para compartir estrategias basadas en pruebas y modelos innovadores que pueden adaptarse a diferentes contextos y poblaciones. Los investigadores presentaron nuevos hallazgos sobre los beneficios de la actividad f\u00edsica para la salud, mientras que los responsables pol\u00edticos compartieron casos de \u00e9xito en la aplicaci\u00f3n de intervenciones a nivel comunitario.&nbsp;<\/p>\n\n\n\n<p class=\"wp-block-paragraph\"><strong>Un catalizador del cambio y una mirada al futuro<\/strong>&nbsp;<\/p>\n\n\n\n<p class=\"wp-block-paragraph\">Los debates y las oportunidades de establecer contactos suscitaron nuevas ideas y forjaron s\u00f3lidas alianzas que seguir\u00e1n haciendo avanzar el campo de la promoci\u00f3n de la actividad f\u00edsica. El congreso subray\u00f3 la importancia de integrar la actividad f\u00edsica en las agendas de salud p\u00fablica y destac\u00f3 la necesidad de realizar esfuerzos sostenidos para crear entornos que apoyen una vida activa.&nbsp;<\/p>\n\n\n\n<p class=\"wp-block-paragraph\">Al concluir el congreso, el mensaje era claro: el momento de actuar es ahora. El impulso generado durante el Congreso 2024 de la ISPAH seguir\u00e1 adelante y servir\u00e1 de base para futuras investigaciones, decisiones pol\u00edticas e iniciativas comunitarias. Los asistentes abandonaron Par\u00eds con la visi\u00f3n de hacer que la actividad f\u00edsica sea accesible para todos.&nbsp;<\/p>\n\n\n\n<p class=\"wp-block-paragraph\">El Congreso 2024 de la ISPAH fue un hito que allan\u00f3 el camino hacia un mundo m\u00e1s sano y activo. Esperamos ver el progreso y el impacto continuos a medida que trabajamos juntos para lograr el objetivo mundial de reducir la inactividad f\u00edsica en 15% para 2030.&nbsp;<\/p>\n\n\n\n<p class=\"wp-block-paragraph\">Gracias a todos los que nos acompa\u00f1aron en Par\u00eds. Vuestra participaci\u00f3n y contribuciones han hecho de este congreso un \u00e9xito inolvidable.&nbsp;<\/p>","protected":false},"excerpt":{"rendered":"<p>The 10th ISPAH Congress in Paris has come to a successful conclusion. Co-hosted by the French Society of Public Health (SFSP) with co-sponsorship from the World Health Organisation (WHO), the congress took place from October 28-31, 2024 with workshops, symposiums, keynotes, and presentations on the global public health landscape. The congress brought together researchers, practitioners, [&hellip;]<\/p>\n","protected":false},"author":1808,"featured_media":30928,"comment_status":"closed","ping_status":"closed","sticky":false,"template":"","format":"standard","meta":{"_jf_schedule_form":"","_jf_limit_responses":"","country-income-classification":"","slim_seo":{"title":"Paris 2024: A Landmark Event for the International Physical Activity Community\u00a0 - ISPAH","description":"El 10\u00ba Congreso de la ISPAH en Par\u00eds ha concluido con \u00e9xito. Coorganizado por la Sociedad Francesa de Salud P\u00fablica (SFSP) con el copatrocinio de la Organizaci\u00f3n Mundial de la Salud (OMS)."},"_slim_seo_primary_term_category":0,"_slim_seo_primary_term_post_tag":0,"footnotes":""},"categories":[23],"tags":[],"class_list":["post-30926","post","type-post","status-publish","format-standard","has-post-thumbnail","hentry","category-blog"],"_links":{"self":[{"href":"https:\/\/ispah.tecology-hosting.co\/es_es\/wp-json\/wp\/v2\/posts\/30926","targetHints":{"allow":["GET"]}}],"collection":[{"href":"https:\/\/ispah.tecology-hosting.co\/es_es\/wp-json\/wp\/v2\/posts"}],"about":[{"href":"https:\/\/ispah.tecology-hosting.co\/es_es\/wp-json\/wp\/v2\/types\/post"}],"author":[{"embeddable":true,"href":"https:\/\/ispah.tecology-hosting.co\/es_es\/wp-json\/wp\/v2\/users\/1808"}],"replies":[{"embeddable":true,"href":"https:\/\/ispah.tecology-hosting.co\/es_es\/wp-json\/wp\/v2\/comments?post=30926"}],"version-history":[{"count":0,"href":"https:\/\/ispah.tecology-hosting.co\/es_es\/wp-json\/wp\/v2\/posts\/30926\/revisions"}],"wp:featuredmedia":[{"embeddable":true,"href":"https:\/\/ispah.tecology-hosting.co\/es_es\/wp-json\/wp\/v2\/media\/30928"}],"wp:attachment":[{"href":"https:\/\/ispah.tecology-hosting.co\/es_es\/wp-json\/wp\/v2\/media?parent=30926"}],"wp:term":[{"taxonomy":"category","embeddable":true,"href":"https:\/\/ispah.tecology-hosting.co\/es_es\/wp-json\/wp\/v2\/categories?post=30926"},{"taxonomy":"post_tag","embeddable":true,"href":"https:\/\/ispah.tecology-hosting.co\/es_es\/wp-json\/wp\/v2\/tags?post=30926"}],"curies":[{"name":"wp","href":"https:\/\/api.w.org\/{rel}","templated":true}]}}