{"id":20671,"date":"2022-04-14T16:26:40","date_gmt":"2022-04-14T15:26:40","guid":{"rendered":"https:\/\/ispah.tecology-hosting.co\/?p=20671"},"modified":"2026-01-22T23:26:22","modified_gmt":"2026-01-22T23:26:22","slug":"ispah-aspa-webinar-sobre-salud-mental-y-bienestar-para-los-profesionales-que-inician-su-carrera-ispah-early-career-network","status":"publish","type":"post","link":"https:\/\/ispah.tecology-hosting.co\/es_es\/ispah-aspa-webinar-addressing-mental-health-and-wellbeing-for-early-career-professionals-ispah-early-career-network\/","title":{"rendered":"Seminario web ISPAH\/ASPA: C\u00f3mo abordar la salud mental y el bienestar de los profesionales que inician su carrera: ISPAH Early Career Network"},"content":{"rendered":"<p class=\"wp-block-paragraph\">En los dos \u00faltimos a\u00f1os, la salud mental ha pasado a un primer plano en las conversaciones en el lugar de trabajo y por fin est\u00e1 recibiendo el reconocimiento que merece. La pandemia de COVID-19 ha empeorado dr\u00e1sticamente el estado de salud mental de muchas personas en todo el mundo, por lo que nos pareci\u00f3 importante debatir este importante componente de la salud general con expertos de la industria y la ense\u00f1anza superior, dados los miembros a los que prestamos servicios en todo el mundo.<\/p>\n\n\n\n<p class=\"wp-block-paragraph\">Teniendo esto en cuenta, ISPAH y ASPA ECNs se han unido para organizar un seminario web dirigido a apoyar la salud mental y el bienestar de los profesionales que inician su carrera. Nuestros ponentes son:<\/p>\n\n\n\n<p class=\"wp-block-paragraph\">Catherine Draper, de la Universidad de Witwatersrand, y Ben Higgs, fundador y Director General de la Fundaci\u00f3n Rise.<\/p>\n\n\n\n<p class=\"wp-block-paragraph\"><strong>Formato:<\/strong><br>Presidenta: Dra. Gabriella Mcloughlin (Presidenta de la REC)<br>1. Ben Higgs (15 minutos)<br>2. Dra. Cathi Draper (15 minutos)<br>3. Preguntas y respuestas interactivas - 25 minutos<\/p>\n\n\n\n<p class=\"wp-block-paragraph\"><strong>Acerca de los ponentes:<\/strong><br>Ben Higgs es fundador y director de Rise Foundation Australia, una organizaci\u00f3n de educaci\u00f3n en salud mental y resiliencia comunitaria basada en la experiencia vivida y respaldada por t\u00e9cnicas y herramientas contrastadas.<\/p>\n\n\n\n<p class=\"wp-block-paragraph\">La Dra. Cathi Draper fue Presidenta de la ISPAH. Cathi es profesora asociada de la Unidad de Investigaci\u00f3n de V\u00edas de Desarrollo para la Salud MRC\/Wits de la Universidad de Witwatersrand, y tambi\u00e9n est\u00e1 afiliada a la Divisi\u00f3n de Ciencias del Ejercicio y Medicina Deportiva de la Universidad de Ciudad del Cabo (Sud\u00e1frica).<\/p>\n\n\n\n<p class=\"wp-block-paragraph\"><a role=\"button\" href=\"https:\/\/us02web.zoom.us\/webinar\/register\/WN_NGG5CytPQXOZnsEzSSbGYA\" target=\"_blank\" rel=\"noopener\"><br>Haga clic aqu\u00ed para inscribirse<br><\/a><br><img decoding=\"async\" src=\"https:\/\/ispah.tecology-hosting.co\/wp-content\/uploads\/2022\/04\/ISPAH-ASPA-webinar-1024x515.png\" alt=\"\" width=\"800\" height=\"402\"><\/p>","protected":false},"excerpt":{"rendered":"<p>Over the last couple of years, mental health has been elevated to the forefront of conversations in the workplace and is finally getting the recognition it deserves. The COVID-19 pandemic has drastically worsened mental health status worldwide for many, and so we felt it important to discuss this important component to overall health with experts [&hellip;]<\/p>\n","protected":false},"author":610,"featured_media":17795,"comment_status":"closed","ping_status":"open","sticky":false,"template":"","format":"standard","meta":{"_jf_schedule_form":"","_jf_limit_responses":"","country-income-classification":"","slim_seo":{"title":"Seminario web ISPAH\/ASPA: C\u00f3mo abordar la salud mental y el bienestar de los profesionales que inician su carrera: ISPAH Early Career Network - ISPAH","description":"En los dos \u00faltimos a\u00f1os, la salud mental ha pasado a un primer plano en las conversaciones en el lugar de trabajo y por fin est\u00e1 recibiendo el reconocimiento que merece. La pandemia de COVID-19 ha empeorado dr\u00e1sticamente el estado de salud mental de muchas personas en todo el mundo, por lo que consideramos importante hablar de este importante componente..."},"_slim_seo_primary_term_category":0,"_slim_seo_primary_term_post_tag":0,"footnotes":""},"categories":[39],"tags":[],"class_list":["post-20671","post","type-post","status-publish","format-standard","has-post-thumbnail","hentry","category-events"],"_links":{"self":[{"href":"https:\/\/ispah.tecology-hosting.co\/es_es\/wp-json\/wp\/v2\/posts\/20671","targetHints":{"allow":["GET"]}}],"collection":[{"href":"https:\/\/ispah.tecology-hosting.co\/es_es\/wp-json\/wp\/v2\/posts"}],"about":[{"href":"https:\/\/ispah.tecology-hosting.co\/es_es\/wp-json\/wp\/v2\/types\/post"}],"author":[{"embeddable":true,"href":"https:\/\/ispah.tecology-hosting.co\/es_es\/wp-json\/wp\/v2\/users\/610"}],"replies":[{"embeddable":true,"href":"https:\/\/ispah.tecology-hosting.co\/es_es\/wp-json\/wp\/v2\/comments?post=20671"}],"version-history":[{"count":2,"href":"https:\/\/ispah.tecology-hosting.co\/es_es\/wp-json\/wp\/v2\/posts\/20671\/revisions"}],"predecessor-version":[{"id":35354,"href":"https:\/\/ispah.tecology-hosting.co\/es_es\/wp-json\/wp\/v2\/posts\/20671\/revisions\/35354"}],"wp:featuredmedia":[{"embeddable":true,"href":"https:\/\/ispah.tecology-hosting.co\/es_es\/wp-json\/wp\/v2\/media\/17795"}],"wp:attachment":[{"href":"https:\/\/ispah.tecology-hosting.co\/es_es\/wp-json\/wp\/v2\/media?parent=20671"}],"wp:term":[{"taxonomy":"category","embeddable":true,"href":"https:\/\/ispah.tecology-hosting.co\/es_es\/wp-json\/wp\/v2\/categories?post=20671"},{"taxonomy":"post_tag","embeddable":true,"href":"https:\/\/ispah.tecology-hosting.co\/es_es\/wp-json\/wp\/v2\/tags?post=20671"}],"curies":[{"name":"wp","href":"https:\/\/api.w.org\/{rel}","templated":true}]}}