{"id":18749,"date":"2021-12-14T06:00:00","date_gmt":"2021-12-14T06:00:00","guid":{"rendered":"https:\/\/ispah.tecology-hosting.co\/?p=18749"},"modified":"2024-12-14T00:59:41","modified_gmt":"2024-12-14T00:59:41","slug":"pantalones-cortos-ispah","status":"publish","type":"post","link":"https:\/\/ispah.tecology-hosting.co\/es_es\/ispah-shorts\/","title":{"rendered":"Pantalones cortos ISPAH"},"content":{"rendered":"<p class=\"wp-block-paragraph\"><b>\u00bfQu\u00e9 son los pantalones cortos ISPAH?<\/b><b><\/b><\/p>\n\n\n\n<p class=\"wp-block-paragraph\">ISPAH shorts es una iniciativa del Comit\u00e9 de Desarrollo de Capacidades de ISPAH para ayudar a nuestros miembros a compartir los resultados de sus investigaciones de una manera innovadora y atractiva. Lanzada en 2019 como un beneficio exclusivo para los miembros de ISPAH, una vez m\u00e1s se invit\u00f3 a los miembros a presentar res\u00famenes de manuscritos publicados en 2020 para tener la oportunidad de traducirlos a formato digital.<\/p>\n\n\n\n<p class=\"wp-block-paragraph\">Como parte de un proceso competitivo, cada una de las candidaturas se puntu\u00f3 en funci\u00f3n de su claridad, calidad, rigor, significaci\u00f3n e importancia para el campo de la actividad f\u00edsica y la salud p\u00fablica. Este a\u00f1o recibimos 19 candidaturas que representaban a investigadores de las regiones europea (n=5), del Pac\u00edfico occidental (n=6) y panamericana (n=8) de la comunidad ISPAH.  Una vez m\u00e1s, nos complace presentar las candidaturas seleccionadas de este a\u00f1o y queremos agradecer a Jennifer Duncan su labor a la hora de dar vida a estas candidaturas.<\/p>\n\n\n\n<figure class=\"wp-block-embed is-type-video is-provider-youtube wp-block-embed-youtube wp-embed-aspect-16-9 wp-has-aspect-ratio\"><div class=\"wp-block-embed__wrapper\">\n<iframe title=\"Desigualdad en la actividad f\u00edsica - tendencias globales por desigualdad de ingresos y g\u00e9nero en adultos.\" width=\"500\" height=\"281\" src=\"https:\/\/www.youtube.com\/embed\/EBB4gf7I6T4?feature=oembed\" frameborder=\"0\" allow=\"accelerometer; autoplay; clipboard-write; encrypted-media; gyroscope; picture-in-picture; web-share\" referrerpolicy=\"strict-origin-when-cross-origin\" allowfullscreen><\/iframe>\n<\/div><\/figure>\n\n\n\n<p class=\"wp-block-paragraph\">Chastin et al., 2020. Inequality in physical activity - global trends by income inequality and gender in adults.<\/p>\n\n\n\n<figure class=\"wp-block-embed is-type-video is-provider-youtube wp-block-embed-youtube wp-embed-aspect-16-9 wp-has-aspect-ratio\"><div class=\"wp-block-embed__wrapper\">\n<iframe title=\"Padres inmigrantes brasile\u00f1os sobre la actividad f\u00edsica y el tiempo frente a la pantalla de sus hijos en edad preescolar\" width=\"500\" height=\"281\" src=\"https:\/\/www.youtube.com\/embed\/lOO8m6dZ3-Y?feature=oembed\" frameborder=\"0\" allow=\"accelerometer; autoplay; clipboard-write; encrypted-media; gyroscope; picture-in-picture; web-share\" referrerpolicy=\"strict-origin-when-cross-origin\" allowfullscreen><\/iframe>\n<\/div><\/figure>\n\n\n\n<p class=\"wp-block-paragraph\">Lindsay et al., 2020. Padres inmigrantes brasile\u00f1os sobre la actividad f\u00edsica y el tiempo de pantalla de sus hijos en edad preescolar.<\/p>\n\n\n\n<figure class=\"wp-block-embed is-type-video is-provider-youtube wp-block-embed-youtube wp-embed-aspect-16-9 wp-has-aspect-ratio\"><div class=\"wp-block-embed__wrapper\">\n<iframe title=\"\u00bfPor qu\u00e9 camina la gente? Papel del entorno construido y estado de desarrollo de un modelo de transitabilidad.\" width=\"500\" height=\"281\" src=\"https:\/\/www.youtube.com\/embed\/cFbVWsIcOZM?feature=oembed\" frameborder=\"0\" allow=\"accelerometer; autoplay; clipboard-write; encrypted-media; gyroscope; picture-in-picture; web-share\" referrerpolicy=\"strict-origin-when-cross-origin\" allowfullscreen><\/iframe>\n<\/div><\/figure>\n\n\n\n<p class=\"wp-block-paragraph\">Bozovic y otros, 2020. \u00bfPor qu\u00e9 camina la gente? Role of the built environment &amp; state of development of a model of walkability.<\/p>\n\n\n\n<figure class=\"wp-block-embed is-type-video is-provider-youtube wp-block-embed-youtube wp-embed-aspect-16-9 wp-has-aspect-ratio\"><div class=\"wp-block-embed__wrapper\">\n<iframe title=\"Primeras directrices mundiales sobre actividad f\u00edsica y sedentarismo para personas discapacitadas\" width=\"500\" height=\"281\" src=\"https:\/\/www.youtube.com\/embed\/z-S_bgJT3Ac?feature=oembed\" frameborder=\"0\" allow=\"accelerometer; autoplay; clipboard-write; encrypted-media; gyroscope; picture-in-picture; web-share\" referrerpolicy=\"strict-origin-when-cross-origin\" allowfullscreen><\/iframe>\n<\/div><\/figure>\n\n\n\n<p class=\"wp-block-paragraph\">Carty y otros, 2021. Primeras directrices mundiales sobre actividad f\u00edsica y comportamiento sedentario para personas con discapacidad.<\/p>\n\n\n\n<figure class=\"wp-block-embed is-type-video is-provider-youtube wp-block-embed-youtube wp-embed-aspect-16-9 wp-has-aspect-ratio\"><div class=\"wp-block-embed__wrapper\">\n<iframe title=\"\u00bfCumplir los objetivos de actividad f\u00edsica pero perder el norte?\" width=\"500\" height=\"281\" src=\"https:\/\/www.youtube.com\/embed\/pF5oZidSiJk?feature=oembed\" frameborder=\"0\" allow=\"accelerometer; autoplay; clipboard-write; encrypted-media; gyroscope; picture-in-picture; web-share\" referrerpolicy=\"strict-origin-when-cross-origin\" allowfullscreen><\/iframe>\n<\/div><\/figure>\n\n\n\n<p class=\"wp-block-paragraph\">Mizdrak y otros, 2021. Alcanzar los objetivos de actividad f\u00edsica, \u00bfpero perder el norte?<\/p>","protected":false},"excerpt":{"rendered":"<p>What are ISPAH shorts? ISPAH shorts is an initiative from ISPAH\u2019s Capacity Building Committee to help our members share their research findings in an innovative and engaging way. Launched in 2019 as an exclusive ISPAH member benefit, members were once again invited to submit abstracts from manuscripts published in 2020 for the opportunity to have [&hellip;]<\/p>\n","protected":false},"author":1154,"featured_media":9605,"comment_status":"closed","ping_status":"open","sticky":false,"template":"","format":"standard","meta":{"_jf_schedule_form":"","_jf_limit_responses":"","country-income-classification":"","slim_seo":{"title":"Pantalones cortos ISPAH - ISPAH","description":"\u00bfQu\u00e9 son los cortos ISPAH? ISPAH shorts es una iniciativa del Comit\u00e9 de Educaci\u00f3n de ISPAH para ayudar a nuestros miembros a compartir los resultados de sus investigaciones de una manera innovadora y atractiva. Lanzada en 2019 como un beneficio exclusivo para los miembros de ISPAH, se invit\u00f3 una vez m\u00e1s a los miembros a presentar res\u00famenes de manuscritos publicados en 2020 para..."},"_slim_seo_primary_term_category":0,"_slim_seo_primary_term_post_tag":0,"footnotes":""},"categories":[23],"tags":[],"class_list":["post-18749","post","type-post","status-publish","format-standard","has-post-thumbnail","hentry","category-blog"],"_links":{"self":[{"href":"https:\/\/ispah.tecology-hosting.co\/es_es\/wp-json\/wp\/v2\/posts\/18749","targetHints":{"allow":["GET"]}}],"collection":[{"href":"https:\/\/ispah.tecology-hosting.co\/es_es\/wp-json\/wp\/v2\/posts"}],"about":[{"href":"https:\/\/ispah.tecology-hosting.co\/es_es\/wp-json\/wp\/v2\/types\/post"}],"author":[{"embeddable":true,"href":"https:\/\/ispah.tecology-hosting.co\/es_es\/wp-json\/wp\/v2\/users\/1154"}],"replies":[{"embeddable":true,"href":"https:\/\/ispah.tecology-hosting.co\/es_es\/wp-json\/wp\/v2\/comments?post=18749"}],"version-history":[{"count":0,"href":"https:\/\/ispah.tecology-hosting.co\/es_es\/wp-json\/wp\/v2\/posts\/18749\/revisions"}],"wp:featuredmedia":[{"embeddable":true,"href":"https:\/\/ispah.tecology-hosting.co\/es_es\/wp-json\/wp\/v2\/media\/9605"}],"wp:attachment":[{"href":"https:\/\/ispah.tecology-hosting.co\/es_es\/wp-json\/wp\/v2\/media?parent=18749"}],"wp:term":[{"taxonomy":"category","embeddable":true,"href":"https:\/\/ispah.tecology-hosting.co\/es_es\/wp-json\/wp\/v2\/categories?post=18749"},{"taxonomy":"post_tag","embeddable":true,"href":"https:\/\/ispah.tecology-hosting.co\/es_es\/wp-json\/wp\/v2\/tags?post=18749"}],"curies":[{"name":"wp","href":"https:\/\/api.w.org\/{rel}","templated":true}]}}