{"id":34487,"date":"2025-08-14T05:58:50","date_gmt":"2025-08-14T04:58:50","guid":{"rendered":"https:\/\/ispah.tecology-hosting.co\/?p=34487"},"modified":"2025-08-21T07:36:15","modified_gmt":"2025-08-21T06:36:15","slug":"aktive-umgebungen-ispah-gappa-webinar-2","status":"publish","type":"post","link":"https:\/\/ispah.tecology-hosting.co\/de\/active-environments-ispah-gappa-webinar-2\/","title":{"rendered":"Aktive Umgebungen: ISPAH GAPPA Webinar #2"},"content":{"rendered":"<p class=\"wp-block-paragraph\">Dies ist das zweite in einer Reihe von vier Webinaren \u00fcber L\u00f6sungen gegen Bewegungsmangel, die sich an den Elementen des Globalen Aktionsplans f\u00fcr k\u00f6rperliche Aktivit\u00e4t (GAPPA) der Weltgesundheitsorganisation orientieren.<\/p>\n\n\n\n<p class=\"wp-block-paragraph\">Dieses Webinar befasst sich mit dem Thema \"Aktive Umgebungen\" und stellt L\u00f6sungen f\u00fcr k\u00f6rperliche Aktivit\u00e4t vor, die in verschiedenen Umgebungen und f\u00fcr unterschiedliche Zielgruppen in gro\u00dfem Umfang angeboten werden.<\/p>\n\n\n\n<p class=\"wp-block-paragraph\">Weitere Webinare werden sich auf \"Aktive Systeme\" (Governance und Politik) und \"Aktive Gesellschaften\" (Soziale Normen und Einstellungen) konzentrieren.<\/p>\n\n\n\n<h2 class=\"wp-block-heading\">Wann? <\/h2>\n\n\n\n<p class=\"has-accent-color has-text-color has-link-color has-large-font-size wp-elements-1 wp-block-paragraph\"><strong>Montag, 8. September 2025<\/strong><\/p>\n\n\n\n<figure class=\"wp-block-table is-style-stripes\"><table class=\"has-contrast-color has-text-color has-link-color has-fixed-layout\"><tbody><tr><td class=\"has-text-align-center\" data-align=\"center\"><strong>Standort<\/strong><\/td><td class=\"has-text-align-left\" data-align=\"left\"><strong>Zeit<\/strong><\/td><\/tr><tr><td class=\"has-text-align-center\" data-align=\"center\">     London<\/td><td class=\"has-text-align-left\" data-align=\"left\">8 Uhr morgens<\/td><\/tr><tr><td class=\"has-text-align-center\" data-align=\"center\">     Berlin<\/td><td class=\"has-text-align-left\" data-align=\"left\">9 Uhr morgens<\/td><\/tr><tr><td class=\"has-text-align-center\" data-align=\"center\">     Delhi<\/td><td class=\"has-text-align-left\" data-align=\"left\">12:30 Uhr<\/td><\/tr><tr><td class=\"has-text-align-center\" data-align=\"center\">     Singapur<\/td><td class=\"has-text-align-left\" data-align=\"left\">15 Uhr<\/td><\/tr><tr><td class=\"has-text-align-center\" data-align=\"center\">     Ostaustralien<\/td><td class=\"has-text-align-left\" data-align=\"left\">17 Uhr<\/td><\/tr><\/tbody><\/table><\/figure>\n\n\n\n<h2 class=\"wp-block-heading\" id=\"speakers-1\">Redner:<\/h2>\n\n\n\n<p class=\"has-large-font-size wp-block-paragraph\"><strong>Dr. Tiago Canelas<\/strong><\/p>\n\n\n\n<div class=\"wp-block-columns is-layout-flex wp-container-core-columns-is-layout-04822461 wp-block-columns-is-layout-flex\">\n<div class=\"wp-block-column is-layout-flow wp-block-column-is-layout-flow\">\n<p class=\"wp-block-paragraph\">Dr. Canelas ist Senior Research Associate am Global Diet and Activity Research Network (GDAR) an der Universit\u00e4t von Cambridge, Gro\u00dfbritannien. Dr. Canelas hat einen interdisziplin\u00e4ren Hintergrund von Geographie (BA) bis zu globaler Gesundheit (MSc und PhD). Seine Arbeit konzentriert sich auf Katastrophenmanagement, Klimawandel, die bebaute Umwelt, Ern\u00e4hrung, k\u00f6rperliche Aktivit\u00e4t und nicht \u00fcbertragbare sowie ansteckende Krankheiten, insbesondere in L\u00e4ndern mit niedrigem und mittlerem Einkommen. Au\u00dferhalb der akademischen Welt bastelt er gerne Karten und trainiert f\u00fcr Triathlons.<br><\/p>\n<\/div>\n\n\n\n<div class=\"wp-block-column is-layout-flow wp-block-column-is-layout-flow\">\n<figure data-wp-context=\"{&quot;imageId&quot;:&quot;6a9d44fa629b9&quot;}\" data-wp-interactive=\"core\/image\" data-wp-key=\"6a9d44fa629b9\" class=\"wp-block-image aligncenter size-large is-resized wp-lightbox-container\"><img decoding=\"async\" width=\"790\" height=\"1080\" data-wp-class--hide=\"state.isContentHidden\" data-wp-class--show=\"state.isContentVisible\" data-wp-init=\"callbacks.setButtonStyles\" data-wp-on--click=\"actions.showLightbox\" data-wp-on--load=\"callbacks.setButtonStyles\" data-wp-on--pointerdown=\"actions.preloadImage\" data-wp-on--pointerenter=\"actions.preloadImageWithDelay\" data-wp-on--pointerleave=\"actions.cancelPreload\" data-wp-on-window--resize=\"callbacks.setButtonStyles\" src=\"https:\/\/ispah.tecology-hosting.co\/wp-content\/uploads\/2025\/08\/Tiago-790x1080.jpeg\" alt=\"Tiago\" class=\"wp-image-34530\" style=\"width:261px;height:auto\" srcset=\"https:\/\/ispah.tecology-hosting.co\/wp-content\/uploads\/2025\/08\/Tiago-790x1080.jpeg 790w, https:\/\/ispah.tecology-hosting.co\/wp-content\/uploads\/2025\/08\/Tiago-702x960.jpeg 702w, https:\/\/ispah.tecology-hosting.co\/wp-content\/uploads\/2025\/08\/Tiago.jpeg 1404w\" sizes=\"(max-width: 790px) 100vw, 790px\" \/><button\n\t\t\tclass=\"lightbox-trigger\"\n\t\t\ttype=\"button\"\n\t\t\taria-haspopup=\"dialog\"\n\t\t\tdata-wp-bind--aria-label=\"state.thisImage.triggerButtonAriaLabel\"\n\t\t\tdata-wp-init=\"callbacks.initTriggerButton\"\n\t\t\tdata-wp-on--click=\"actions.showLightbox\"\n\t\t\tdata-wp-style--right=\"state.thisImage.buttonRight\"\n\t\t\tdata-wp-style--top=\"state.thisImage.buttonTop\"\n\t\t>\n\t\t\t<svg xmlns=\"http:\/\/www.w3.org\/2000\/svg\" width=\"12\" height=\"12\" fill=\"none\" viewbox=\"0 0 12 12\">\n\t\t\t\t<path fill=\"#fff\" d=\"M2 0a2 2 0 0 0-2 2v2h1.5V2a.5.5 0 0 1 .5-.5h2V0H2Zm2 10.5H2a.5.5 0 0 1-.5-.5V8H0v2a2 2 0 0 0 2 2h2v-1.5ZM8 12v-1.5h2a.5.5 0 0 0 .5-.5V8H12v2a2 2 0 0 1-2 2H8Zm2-12a2 2 0 0 1 2 2v2h-1.5V2a.5.5 0 0 0-.5-.5H8V0h2Z\" \/>\n\t\t\t<\/svg>\n\t\t<\/button><\/figure>\n<\/div>\n<\/div>\n\n\n\n<p class=\"wp-block-paragraph\">Dr. Canelas wird \u00fcber eine Studie berichten, in der untersucht wurde, wie das st\u00e4dtische Umfeld in vier afrikanischen St\u00e4dten durch Bewegungsmangel, ungesunde Ern\u00e4hrung und klimabedingte Gefahren zum Risiko f\u00fcr nicht \u00fcbertragbare Krankheiten beitr\u00e4gt. Das Team verwendete standardisierte Instrumente, die in Zusammenarbeit mit lokalen Partnern angepasst wurden, um Daten in 23 kleinen Gebieten mit unterschiedlichen sozio\u00f6konomischen Benachteiligungen zu erfassen. Die Ergebnisse helfen uns zu verstehen, wie syndemische Gefahren die st\u00e4dtische Gesundheit beeinflussen und was n\u00f6tig ist, um sie sinnvoll zu messen.<\/p>\n\n\n\n<p class=\"has-large-font-size wp-block-paragraph\"><strong>Prof. Jasper Schipperijn<\/strong><\/p>\n\n\n\n<p class=\"wp-block-paragraph\">Prof. Schipperijn ist Professor f\u00fcr aktive Lebensumgebungen an der Abteilung f\u00fcr Sportwissenschaft und klinische Biomechanik der Universit\u00e4t von S\u00fcdd\u00e4nemark.<\/p>\n\n\n\n<div class=\"wp-block-media-text is-stacked-on-mobile\" style=\"grid-template-columns:56% auto\"><figure class=\"wp-block-media-text__media\"><img decoding=\"async\" width=\"1620\" height=\"1080\" src=\"https:\/\/ispah.tecology-hosting.co\/wp-content\/uploads\/2025\/08\/Jasper-1620x1080.jpg\" alt=\"Jaspis\" class=\"wp-image-34531 size-full\" srcset=\"https:\/\/ispah.tecology-hosting.co\/wp-content\/uploads\/2025\/08\/Jasper-1620x1080.jpg 1620w, https:\/\/ispah.tecology-hosting.co\/wp-content\/uploads\/2025\/08\/Jasper-960x640.jpg 960w, https:\/\/ispah.tecology-hosting.co\/wp-content\/uploads\/2025\/08\/Jasper.jpg 1920w\" sizes=\"(max-width: 1620px) 100vw, 1620px\" \/><\/figure><div class=\"wp-block-media-text__content\">\n<p class=\"wp-block-paragraph\"> Seine Forschungsinteressen drehen sich um drei Hauptthemen: 1) Spielpl\u00e4tze, 2) die Durchf\u00fchrung multidisziplin\u00e4rer Interventionsstudien zur Schaffung aktiver Lebensumgebungen und 3) die Entwicklung von Instrumenten und Methoden, die es erm\u00f6glichen, aktives Leben und die Umgebung, in der es stattfindet, zu messen.<\/p>\n<\/div><\/div>\n\n\n\n<p class=\"wp-block-paragraph\">Ein Gro\u00dfteil seiner Arbeit basiert auf Interventionsstudien oder nat\u00fcrlichen Experimenten, bei denen es um Ver\u00e4nderungen in der baulichen Umwelt geht, z. B. die gemeinsame Gestaltung und Renovierung von Schulh\u00f6fen, st\u00e4dtischen Gr\u00fcnfl\u00e4chen, \u00f6ffentlichen Freifl\u00e4chen oder Radfahranlagen.<\/p>\n\n\n\n<p class=\"wp-block-paragraph\">Der Vortrag von Prof. Schipperijn gibt einen \u00dcberblick \u00fcber die Arbeit zur Schaffung aktiver Umgebungen f\u00fcr und mit Kindern und Jugendlichen.<\/p>\n\n\n\n<p class=\"has-large-font-size wp-block-paragraph\"><strong>Dr. Melanie Lowe<\/strong><\/p>\n\n\n\n<div class=\"wp-block-media-text is-stacked-on-mobile\" style=\"grid-template-columns:43% auto\"><figure class=\"wp-block-media-text__media\"><img decoding=\"async\" width=\"994\" height=\"1080\" src=\"https:\/\/ispah.tecology-hosting.co\/wp-content\/uploads\/2025\/08\/Melanie_MSSI-edited_cropped-994x1080.jpg\" alt=\"Melanie mssi bearbeitet beschnitten\" class=\"wp-image-34532 size-full\" srcset=\"https:\/\/ispah.tecology-hosting.co\/wp-content\/uploads\/2025\/08\/Melanie_MSSI-edited_cropped-994x1080.jpg 994w, https:\/\/ispah.tecology-hosting.co\/wp-content\/uploads\/2025\/08\/Melanie_MSSI-edited_cropped-884x960.jpg 884w, https:\/\/ispah.tecology-hosting.co\/wp-content\/uploads\/2025\/08\/Melanie_MSSI-edited_cropped.jpg 1767w\" sizes=\"(max-width: 994px) 100vw, 994px\" \/><\/figure><div class=\"wp-block-media-text__content\">\n<p class=\"wp-block-paragraph\">Dr. Lowe ist ein Vice-Chancellor's Senior Research Fellow im Zentrum f\u00fcr Stadtforschung an der RMIT University in Melbourne, Australien. Dr. Lowe forscht im Bereich Stadtplanung und \u00f6ffentliche Gesundheit. Sie untersucht, wie man gesunde, aktive und widerstandsf\u00e4hige St\u00e4dte plant und entwickelt faktengest\u00fctzte Indikatoren zur \u00dcberwachung und Information der Politik. Dr. Lowe ist Co-Direktorin des&nbsp;<a href=\"https:\/\/secure-web.cisco.com\/1EXAVlYS69WSMWCLMgPC6Ahd1zmRMp5h5v5Sgi8jRHY2W91sv80m1tZDDh7ZT9EbeBzFP7XysTND_C3-OjihiLIpJHssq6sxGjysmhD-4HkljDHwA7_rSmBfJ8QTQb9vzB-KpbB-ptO9uRJHRvcma2LZ7F9H8C30rIH1qCXLL5dfTDQE3SAUubbHiphhYHWHd3fSy-Ws3SzIe5RQ-BipdoFOMYAd3LpDAIg9S7OrybhvWMOcbxTPDEz6nEUlis3-TjEmM69XLbmbHBlm9JuZ1zIGNhYrjsPG5i5pYqM5GjCcl3VfeTaPduUMy9RUcYnKwcv5sMMqUuyAumXKvX9RNfkbsCCSP0s0aUlZ1i_1V9ygtSG6HYk6-r3V44XiF5eZquagfHWkX2Kv5juado50_tYesyXtg5aqyvT4rAQntsc-W_MrY8WgPx9P3Fc0Eol_O\/https%3A%2F%2Fwww.healthysustainablecities.org%2F\" target=\"_blank\" rel=\"noreferrer noopener\">Globale Beobachtungsstelle f\u00fcr gesunde und nachhaltige St\u00e4dte<\/a>die Indikatoren f\u00fcr eine gesunde und nachhaltige Stadtgestaltung und -planung f\u00fcr St\u00e4dte auf der ganzen Welt liefert.<\/p>\n<\/div><\/div>\n\n\n\n<p class=\"wp-block-paragraph\"> Dr. Lowe arbeitet mit multidisziplin\u00e4ren Teams von Forschern und politischen Entscheidungstr\u00e4gern zusammen, um die Ber\u00fccksichtigung der Gesundheit in der Stadtplanung zu st\u00e4rken. Die Forschungsergebnisse von Dr. Lowe sind in die Kommunal-, Landes- und Bundespolitik in Australien eingeflossen und werden von internationalen Organisationen genutzt.<\/p>\n\n\n\n<p class=\"wp-block-paragraph\">Der Vortrag von Dr. Lowe wird sich mit der Messung des Fortschritts auf dem Weg zu aktiven St\u00e4dten auf internationaler Ebene befassen. Das Global Observatory of Healthy and Sustainable Cities bietet vergleichbare, evidenzbasierte r\u00e4umliche und politische Indikatoren f\u00fcr gesunde, aktive und nachhaltige Stadtgestaltung und -planung f\u00fcr St\u00e4dte auf der ganzen Welt.  In dieser Pr\u00e4sentation werden die j\u00fcngsten Fortschritte bei der Ausweitung des Globalen Observatoriums durch die Entwicklung neuer Indikatoren, die Erweiterung der internationalen Mitgliedschaft und die Aufnahme neuer St\u00e4dte in unsere offene Wissenschaftsplattform vorgestellt. Unsere globale Zusammenarbeit st\u00e4rkt die Interessenvertretung und hilft bei der \u00dcberwachung des Fortschritts auf dem Weg zu st\u00e4dtischen Umgebungen, die ein aktives Leben und die Klimaresilienz f\u00f6rdern.<\/p>\n\n\n<div id=\"alert-wgnfm9atjg\" class=\"wp-block-tecology-alert alert  alert-primary\" role=\"alert\" aria-live=\"polite\"><div class=\"alert-content\"><p class=\"has-text-align-center wp-block-paragraph\"><strong>Bitte beachten Sie: <\/strong>Dies ist ein Webinar nur f\u00fcr ISPAH-Mitglieder<\/p><\/div><\/div>\n\n\n<div class=\"wp-block-buttons is-content-justification-center is-layout-flex wp-container-core-buttons-is-layout-ae92ed25 wp-block-buttons-is-layout-flex\" style=\"margin-top:var(--wp--preset--spacing--20)\">\n<div class=\"wp-block-button\"><a class=\"wp-block-button__link wp-element-button\" href=\"https:\/\/ispah.tecology-hosting.co\/de\/mitgliederbereich\/webinars\/\"><strong>REGISTRIEREN SIE SICH HIER F\u00dcR DAS WEBINAR<\/strong><\/a><\/div>\n<\/div>","protected":false},"excerpt":{"rendered":"<p>This is the second in a series of four webinars on solutions to physical inactivity designed around the elements of the World Health Organization&#8217;s Global Action Plan on Physical Activity (GAPPA). This webinar focuses on &#8220;Active Environments&#8221; and will showcase solutions solutions to physical activity that are delivered at scale in different settings targeting different [&hellip;]<\/p>\n","protected":false},"author":1154,"featured_media":34542,"comment_status":"closed","ping_status":"closed","sticky":false,"template":"","format":"standard","meta":{"_jf_schedule_form":"","_jf_limit_responses":"","country-income-classification":"","slim_seo":{"title":"Active Environments: ISPAH GAPPA Webinar #2 - ISPAH","description":"Dies ist das zweite in einer Reihe von vier Webinaren \u00fcber L\u00f6sungen gegen Bewegungsmangel, die sich an den Elementen des Global Actio"},"_slim_seo_primary_term_category":0,"_slim_seo_primary_term_post_tag":0,"footnotes":""},"categories":[39],"tags":[399,400,401],"class_list":["post-34487","post","type-post","status-publish","format-standard","has-post-thumbnail","hentry","category-events","tag-active-environments","tag-gappa","tag-webinar"],"_links":{"self":[{"href":"https:\/\/ispah.tecology-hosting.co\/de\/wp-json\/wp\/v2\/posts\/34487","targetHints":{"allow":["GET"]}}],"collection":[{"href":"https:\/\/ispah.tecology-hosting.co\/de\/wp-json\/wp\/v2\/posts"}],"about":[{"href":"https:\/\/ispah.tecology-hosting.co\/de\/wp-json\/wp\/v2\/types\/post"}],"author":[{"embeddable":true,"href":"https:\/\/ispah.tecology-hosting.co\/de\/wp-json\/wp\/v2\/users\/1154"}],"replies":[{"embeddable":true,"href":"https:\/\/ispah.tecology-hosting.co\/de\/wp-json\/wp\/v2\/comments?post=34487"}],"version-history":[{"count":7,"href":"https:\/\/ispah.tecology-hosting.co\/de\/wp-json\/wp\/v2\/posts\/34487\/revisions"}],"predecessor-version":[{"id":34586,"href":"https:\/\/ispah.tecology-hosting.co\/de\/wp-json\/wp\/v2\/posts\/34487\/revisions\/34586"}],"wp:featuredmedia":[{"embeddable":true,"href":"https:\/\/ispah.tecology-hosting.co\/de\/wp-json\/wp\/v2\/media\/34542"}],"wp:attachment":[{"href":"https:\/\/ispah.tecology-hosting.co\/de\/wp-json\/wp\/v2\/media?parent=34487"}],"wp:term":[{"taxonomy":"category","embeddable":true,"href":"https:\/\/ispah.tecology-hosting.co\/de\/wp-json\/wp\/v2\/categories?post=34487"},{"taxonomy":"post_tag","embeddable":true,"href":"https:\/\/ispah.tecology-hosting.co\/de\/wp-json\/wp\/v2\/tags?post=34487"}],"curies":[{"name":"wp","href":"https:\/\/api.w.org\/{rel}","templated":true}]}}