{"id":33987,"date":"2025-06-02T15:01:00","date_gmt":"2025-06-02T14:01:00","guid":{"rendered":"https:\/\/ispah.tecology-hosting.co\/?p=33987"},"modified":"2025-05-21T04:33:07","modified_gmt":"2025-05-21T03:33:07","slug":"pedal-for-change-feiert-den-weltfahrradtag","status":"publish","type":"post","link":"https:\/\/ispah.tecology-hosting.co\/de\/pedal-for-change-celebrating-world-bicycle-day\/","title":{"rendered":"Pedal for Change: Der Weltfahrradtag wird gefeiert\u00a0"},"content":{"rendered":"<p class=\"has-large-font-size wp-block-paragraph\"><em>Eine globale Bewegung, die die Kraft von Fahrr\u00e4dern f\u00fcr Nachhaltigkeit, Gesundheit und sozialen Einfluss hervorhebt.<\/em><\/p>\n\n\n\n<p class=\"wp-block-paragraph\"><strong>Warum den Weltfahrradtag feiern?<\/strong>&nbsp;<\/p>\n\n\n\n<p class=\"wp-block-paragraph\">Seit seiner Gr\u00fcndung im Jahr 2018, <a href=\"https:\/\/www.who.int\/campaigns\/world-bicycle-day\/\" target=\"_blank\" rel=\"noreferrer noopener\">Weltfahrradtag<\/a> wird seither j\u00e4hrlich am 3. Juni gefeiert<sup>rd<\/sup> von Fahrradbef\u00fcrwortern auf der ganzen Welt. Unter der Schirmherrschaft der Regierung Turkmenistans w\u00fcrdigt der Weltfahrradtag \"die Einzigartigkeit, Langlebigkeit und Vielseitigkeit des Fahrrads... ein einfaches, erschwingliches, zuverl\u00e4ssiges, sauberes und umweltfreundliches, nachhaltiges Verkehrsmittel, das Umweltbewusstsein und Gesundheit f\u00f6rdert.\"&nbsp;&nbsp;<\/p>\n\n\n\n<div class=\"wp-block-media-text has-media-on-the-right is-stacked-on-mobile\"><div class=\"wp-block-media-text__content\">\n<p class=\"wp-block-paragraph\">Der Vorsto\u00df f\u00fcr den Weltfahrradtag begann 2015 mit Professor Leszek Sibilski als akademisches Projekt \u00fcber die Rolle von Fahrr\u00e4dern in der Entwicklung, das sich zu einer globalen Lobbybewegung entwickelte und die Unterst\u00fctzung der UNO gewann. <a href=\"http:\/\/www.sum4all.org\/\" target=\"_blank\" rel=\"noreferrer noopener\">Nachhaltige Mobilit\u00e4t f\u00fcr alle<\/a>. Im April 2018 hat die UN-Generalversammlung einstimmig eine Resolution verabschiedet, die den 3. Juni offiziell zum Weltfahrradtag erkl\u00e4rt.&nbsp;<\/p>\n\n\n\n<p class=\"wp-block-paragraph\">Da die St\u00e4dte mit steigenden Emissionen, Verkehrsstaus und gesundheitlichen Problemen konfrontiert sind, bieten Fahrr\u00e4der eine skalierbare L\u00f6sung. Sie reduzieren den CO2-Fu\u00dfabdruck, entlasten den Verkehr und f\u00f6rdern einen aktiven Lebensstil. Der Weltfahrradtag erinnert uns an die einzigartige Rolle des Fahrrads beim Vorantreiben der<a href=\"https:\/\/worldhope.org\/how-we-work\/sustainable-development-goals\/?keyword=&amp;gad_source=1&amp;gad_campaignid=22163685509&amp;gbraid=0AAAAADnQ015cy3k8kRfTT4LWTDlOzF3lM&amp;gclid=Cj0KCQjwrPHABhCIARIsAFW2XBPL42DMhBFfAv4fVzvbD-fb2zIs-KZ64sNEi2TmZIT7vfVsMAg7rhYaAn4FEALw_wcB\" target=\"_blank\" rel=\"noreferrer noopener\"> Die Ziele f\u00fcr nachhaltige Entwicklung der UN<\/a> - von sauberer Energie und Klimaschutz bis hin zu Bildung, Gerechtigkeit und Wohlstand.&nbsp;&nbsp;<\/p>\n<\/div><figure class=\"wp-block-media-text__media\"><img decoding=\"async\" width=\"720\" height=\"1080\" src=\"https:\/\/ispah.tecology-hosting.co\/wp-content\/uploads\/2025\/05\/n-flkbc0ub8-720x1080.jpg\" alt=\"Junge f\u00e4hrt auf Fahrrad\" class=\"wp-image-34001 size-full\" srcset=\"https:\/\/ispah.tecology-hosting.co\/wp-content\/uploads\/2025\/05\/n-flkbc0ub8-720x1080.jpg 720w, https:\/\/ispah.tecology-hosting.co\/wp-content\/uploads\/2025\/05\/n-flkbc0ub8-640x960.jpg 640w, https:\/\/ispah.tecology-hosting.co\/wp-content\/uploads\/2025\/05\/n-flkbc0ub8.jpg 800w\" sizes=\"(max-width: 720px) 100vw, 720px\" \/><\/figure><\/div>\n\n\n\n<p class=\"wp-block-paragraph\"><strong>Die Entwicklung des Fahrrads<\/strong>&nbsp;<\/p>\n\n\n\n<p class=\"wp-block-paragraph\">Das Fahrrad hat einen langen und <a href=\"https:\/\/www.santafixie.co.uk\/bloguk\/the-evolution-of-the-bicycle\/\" target=\"_blank\" rel=\"noreferrer noopener\">faszinierende Geschichte<\/a>. Im Jahr 1817 erfand der deutsche Erfinder <a href=\"https:\/\/www.cyclinguk.org\/cycle\/draisienne-1817-2017-200-years-cycling-innovation-design\" target=\"_blank\" rel=\"noreferrer noopener\">Karl von Drais<\/a> baute die 'Laufmaschine', ein zweir\u00e4driges pferdeloses Fahrzeug, das von seinem Fahrer angetrieben wurde. Ein paar Jahrzehnte sp\u00e4ter kamen Pedale hinzu, gefolgt von Innovationen wie dem hochr\u00e4drigen <a href=\"https:\/\/www.bicyclehistory.net\/bicycle-history\/penny-farthing\/\" target=\"_blank\" rel=\"noreferrer noopener\">Penny-Farthing<\/a> in den 1860er Jahren, mit einem gro\u00dfen Vorderrad und einem kleinen Hinterrad, das notorisch schwer zu fahren war.&nbsp;&nbsp;<\/p>\n\n\n\n<p class=\"wp-block-paragraph\">Im sp\u00e4ten 19. Jahrhundert entstand das moderne \"Sicherheitsfahrrad\", das dem heutigen Design \u00e4hnelt, mit zwei gleich gro\u00dfen R\u00e4dern und einem Kettenantrieb, der f\u00fcr mehr Stabilit\u00e4t sorgt und die Zug\u00e4nglichkeit erh\u00f6ht, was zu einem schnellen Anstieg der weltweiten Beliebtheit f\u00fchrte. Im Laufe der Zeit entwickelte sich die Fahrradtechnologie weiter: leichtere Rahmen, Gangschaltungen und gel\u00e4ndespezifische Modelle erweiterten die M\u00f6glichkeiten der Fahrer, vom Pendler in der Stadt und auf dem Land bis zum Radsportler.&nbsp;&nbsp;<\/p>\n\n\n\n<p class=\"wp-block-paragraph\">Heute florieren die Fahrradkulturen <a href=\"https:\/\/protectmybike.co.uk\/blog\/view\/cycling-cultures-around-the-world\" target=\"_blank\" rel=\"noreferrer noopener\">rund um die Welt<\/a>. Von den autofreien Sonntags-Ciclov\u00edas in Bogot\u00e1 bis zu den Cycle Superhighways in Kopenhagen ist Radfahren mehr als nur ein Transportmittel - es ist ein Lebensstil. St\u00e4dte wie Amsterdam, Tokio und Kapstadt zeigen, wie das Fahrrad in den Alltag, die Stadtplanung und die Freizeitgestaltung eingebunden ist. Ob durch die Weltklasse-Infrastruktur in den Niederlanden, Japans geordnetes Street-Sharing oder Indiens wachsende Wiederbelebung des Fahrrads - verschiedene Kulturen machen sich das Fahrrad zu eigen, um ges\u00fcndere, gr\u00fcnere und besser vernetzte Gemeinschaften aufzubauen.&nbsp;<\/p>\n\n\n\n<figure data-wp-context=\"{&quot;imageId&quot;:&quot;6a9d44f7dc979&quot;}\" data-wp-interactive=\"core\/image\" data-wp-key=\"6a9d44f7dc979\" class=\"wp-block-image size-full wp-lightbox-container\"><img decoding=\"async\" width=\"1600\" height=\"1067\" data-wp-class--hide=\"state.isContentHidden\" data-wp-class--show=\"state.isContentVisible\" data-wp-init=\"callbacks.setButtonStyles\" data-wp-on--click=\"actions.showLightbox\" data-wp-on--load=\"callbacks.setButtonStyles\" data-wp-on--pointerdown=\"actions.preloadImage\" data-wp-on--pointerenter=\"actions.preloadImageWithDelay\" data-wp-on--pointerleave=\"actions.cancelPreload\" data-wp-on-window--resize=\"callbacks.setButtonStyles\" src=\"https:\/\/ispah.tecology-hosting.co\/wp-content\/uploads\/2025\/05\/kehncocldbk.jpg\" alt=\"Verschiedene Pendlerfahrr\u00e4der parken tags\u00fcber vor dem gelben Auto\" class=\"wp-image-33998\" srcset=\"https:\/\/ispah.tecology-hosting.co\/wp-content\/uploads\/2025\/05\/kehncocldbk.jpg 1600w, https:\/\/ispah.tecology-hosting.co\/wp-content\/uploads\/2025\/05\/kehncocldbk-960x640.jpg 960w\" sizes=\"(max-width: 1600px) 100vw, 1600px\" \/><button\n\t\t\tclass=\"lightbox-trigger\"\n\t\t\ttype=\"button\"\n\t\t\taria-haspopup=\"dialog\"\n\t\t\tdata-wp-bind--aria-label=\"state.thisImage.triggerButtonAriaLabel\"\n\t\t\tdata-wp-init=\"callbacks.initTriggerButton\"\n\t\t\tdata-wp-on--click=\"actions.showLightbox\"\n\t\t\tdata-wp-style--right=\"state.thisImage.buttonRight\"\n\t\t\tdata-wp-style--top=\"state.thisImage.buttonTop\"\n\t\t>\n\t\t\t<svg xmlns=\"http:\/\/www.w3.org\/2000\/svg\" width=\"12\" height=\"12\" fill=\"none\" viewbox=\"0 0 12 12\">\n\t\t\t\t<path fill=\"#fff\" d=\"M2 0a2 2 0 0 0-2 2v2h1.5V2a.5.5 0 0 1 .5-.5h2V0H2Zm2 10.5H2a.5.5 0 0 1-.5-.5V8H0v2a2 2 0 0 0 2 2h2v-1.5ZM8 12v-1.5h2a.5.5 0 0 0 .5-.5V8H12v2a2 2 0 0 1-2 2H8Zm2-12a2 2 0 0 1 2 2v2h-1.5V2a.5.5 0 0 0-.5-.5H8V0h2Z\" \/>\n\t\t\t<\/svg>\n\t\t<\/button><\/figure>\n\n\n\n<p class=\"wp-block-paragraph\"><strong>Fahrr\u00e4der als Werkzeuge f\u00fcr den Wandel<\/strong>&nbsp;<\/p>\n\n\n\n<p class=\"wp-block-paragraph\">Fahrr\u00e4der bewegen nicht nur Menschen, sie ver\u00e4ndern Leben. Gemeinn\u00fctzige Organisationen auf der ganzen Welt machen sich die Kraft des Fahrrads zunutze, um soziale Herausforderungen zu bew\u00e4ltigen:&nbsp;&nbsp;<\/p>\n\n\n\n<ul class=\"wp-block-list\">\n<li>Die <a href=\"https:\/\/worldbicyclerelief.org\/who-we-are\/\" target=\"_blank\" rel=\"noreferrer noopener\">World Bicycle Relief<\/a> hat sich dieses Potenzial auf globaler Ebene zunutze gemacht, indem es das charakteristische Buffalo Bicycle entwickelt und hergestellt hat. Die 2005 als Reaktion auf den Tsunami im Indischen Ozean gegr\u00fcndete Organisation verteilte 24.000 \"Buffalos\" an vertriebene Gemeinden in Sri Lanka, um den \u00dcberlebenden den Zugang zu Schulen, Kliniken und Arbeitspl\u00e4tzen zu erm\u00f6glichen. Seitdem hat World Bicycle Relief Millionen von Menschen geholfen und bewiesen, dass etwas so Einfaches wie ein Fahrrad T\u00fcren zu Bildung, Gesundheitsversorgung und wirtschaftlichen M\u00f6glichkeiten \u00f6ffnen kann. Wenn Sie mehr erfahren m\u00f6chten, sehen Sie sich dieses Video an: <a href=\"https:\/\/www.google.com\/search?q=world+bicycle+relief+video+africa+buffalo+bikes&amp;sca_esv=b5b85f1110a5fb0d&amp;udm=7&amp;biw=1368&amp;bih=751&amp;sxsrf=AHTn8zqTtufU1KTKMeMeLDPQH0eDt8jafQ%3A1746648596801&amp;ei=FL4baPDXMPfVi-gPgteCiAI&amp;ved=0ahUKEwjwsaOJlZKNAxX36gIHHYKrACEQ4dUDCBA&amp;uact=5&amp;oq=world+bicycle+relief+video+africa+buffalo+bikes&amp;gs_lp=EhZnd3Mtd2l6LW1vZGVsZXNzLXZpZGVvIi93b3JsZCBiaWN5Y2xlIHJlbGllZiB2aWRlbyBhZnJpY2EgYnVmZmFsbyBiaWtlczIHECEYoAEYCkjwQlCOJli-QHACeACQAQCYAZgBoAGRC6oBBDMuMTC4AQPIAQD4AQGYAg-gArUMwgIHECMYJxiuAsICBRAhGKABwgIFECEYnwXCAgQQIRgVmAMAiAYBkgcEMy4xMqAHmD6yBwQxLjEyuAeXDA&amp;sclient=gws-wiz-modeless-video#fpstate=ive&amp;ip=1&amp;vld=cid:b9f55065,vid:Y0c7DrazvrY,st:0\" target=\"_blank\" rel=\"noreferrer noopener\">Mit dem Fahrrad in eine bessere Zukunft: Bildungsgerechtigkeit f\u00fcr M\u00e4dchen sicherstellen<\/a>.\u00a0<\/li>\n<\/ul>\n\n\n\n<ul class=\"wp-block-list\">\n<li>Die <a href=\"https:\/\/www.bloomberg.org\/government-innovation\/spurring-innovation-in-cities\/bloomberg-initiative-for-cycling-infrastructure\/#:~:text=The%20Bloomberg%20Initiative%20for%20Cycling,and%20well%2Dbeing%20of%20communities.\" target=\"_blank\" rel=\"noreferrer noopener\">Bloomberg-Initiative f\u00fcr Radverkehrsinfrastruktur (BICI)<\/a> unterst\u00fctzt St\u00e4dte auf der ganzen Welt beim Aufbau von sichereren, vernetzten Radwegenetzen. BICI wurde in Zusammenarbeit mit der Global Designing Cities Initiative ins Leben gerufen und stellt finanzielle Mittel und technisches Fachwissen zur Verf\u00fcgung, um St\u00e4dte bei der Gestaltung fahrradfreundlicher Stra\u00dfen zu unterst\u00fctzen, die den Radverkehrsanteil erh\u00f6hen, die Gesundheit verbessern und die Lebensqualit\u00e4t in den St\u00e4dten steigern. Im Jahr 2023 erhielten zehn St\u00e4dte auf f\u00fcnf Kontinenten Zusch\u00fcsse, um innovative, nachhaltige Mobilit\u00e4tsl\u00f6sungen f\u00fcr \u00fcber 15 Millionen Einwohner zu entwickeln.&nbsp;<\/li>\n<\/ul>\n\n\n\n<figure data-wp-context=\"{&quot;imageId&quot;:&quot;6a9d44f7dce0d&quot;}\" data-wp-interactive=\"core\/image\" data-wp-key=\"6a9d44f7dce0d\" class=\"wp-block-image size-large wp-lightbox-container\"><img decoding=\"async\" width=\"1617\" height=\"1080\" data-wp-class--hide=\"state.isContentHidden\" data-wp-class--show=\"state.isContentVisible\" data-wp-init=\"callbacks.setButtonStyles\" data-wp-on--click=\"actions.showLightbox\" data-wp-on--load=\"callbacks.setButtonStyles\" data-wp-on--pointerdown=\"actions.preloadImage\" data-wp-on--pointerenter=\"actions.preloadImageWithDelay\" data-wp-on--pointerleave=\"actions.cancelPreload\" data-wp-on-window--resize=\"callbacks.setButtonStyles\" src=\"https:\/\/ispah.tecology-hosting.co\/wp-content\/uploads\/2025\/06\/AdobeStock_502827179-1617x1080.jpeg\" alt=\"Stra\u00dfenmarkierung, Fu\u00dfg\u00e4nger- und Fahrradschilder auf der Stra\u00dfe. Gehweg f\u00fcr Fu\u00dfg\u00e4nger und Radfahrer auf Asphalt im Park. keine Menschen.\" class=\"wp-image-33999\" srcset=\"https:\/\/ispah.tecology-hosting.co\/wp-content\/uploads\/2025\/06\/AdobeStock_502827179-1617x1080.jpeg 1617w, https:\/\/ispah.tecology-hosting.co\/wp-content\/uploads\/2025\/06\/AdobeStock_502827179-960x641.jpeg 960w, https:\/\/ispah.tecology-hosting.co\/wp-content\/uploads\/2025\/06\/AdobeStock_502827179.jpeg 1920w\" sizes=\"(max-width: 1617px) 100vw, 1617px\" \/><button\n\t\t\tclass=\"lightbox-trigger\"\n\t\t\ttype=\"button\"\n\t\t\taria-haspopup=\"dialog\"\n\t\t\tdata-wp-bind--aria-label=\"state.thisImage.triggerButtonAriaLabel\"\n\t\t\tdata-wp-init=\"callbacks.initTriggerButton\"\n\t\t\tdata-wp-on--click=\"actions.showLightbox\"\n\t\t\tdata-wp-style--right=\"state.thisImage.buttonRight\"\n\t\t\tdata-wp-style--top=\"state.thisImage.buttonTop\"\n\t\t>\n\t\t\t<svg xmlns=\"http:\/\/www.w3.org\/2000\/svg\" width=\"12\" height=\"12\" fill=\"none\" viewbox=\"0 0 12 12\">\n\t\t\t\t<path fill=\"#fff\" d=\"M2 0a2 2 0 0 0-2 2v2h1.5V2a.5.5 0 0 1 .5-.5h2V0H2Zm2 10.5H2a.5.5 0 0 1-.5-.5V8H0v2a2 2 0 0 0 2 2h2v-1.5ZM8 12v-1.5h2a.5.5 0 0 0 .5-.5V8H12v2a2 2 0 0 1-2 2H8Zm2-12a2 2 0 0 1 2 2v2h-1.5V2a.5.5 0 0 0-.5-.5H8V0h2Z\" \/>\n\t\t\t<\/svg>\n\t\t<\/button><figcaption class=\"wp-element-caption\">Markierung f\u00fcr Fu\u00dfg\u00e4nger und Radfahrer auf der Stra\u00dfe. B\u00fcrgersteig f\u00fcr Fu\u00dfg\u00e4nger und Radfahrer auf asphaltierter Fl\u00e4che im Park. Keine Menschen. Foto in hoher Qualit\u00e4t<\/figcaption><\/figure>\n\n\n\n<p class=\"wp-block-paragraph\"><strong>Botschaften zum Mitnehmen:<\/strong><\/p>\n\n\n\n<ul class=\"wp-block-list\">\n<li><strong>Nachhaltigkeit vorantreiben: <\/strong>Fahrr\u00e4der sind emissionsfrei, und selbst Elektrofahrr\u00e4der haben eine viel geringere Umweltbelastung als Autos, was das Fahrrad zu einem der nachhaltigsten Verkehrsmittel macht.<\/li>\n\n\n\n<li><strong>F\u00f6rdern Sie die Gesundheit:<\/strong> Radfahren f\u00f6rdert die k\u00f6rperliche und geistige Gesundheit und hilft, chronischen Krankheiten wie Diabetes und Bluthochdruck vorzubeugen.<\/li>\n\n\n\n<li><strong>F\u00f6rdern Sie die soziale Eingliederung: <\/strong>Fahrr\u00e4der sind ein erschwingliches und zuverl\u00e4ssiges Verkehrsmittel, insbesondere in unterversorgten Gemeinden, und schlie\u00dfen L\u00fccken in Bezug auf Mobilit\u00e4t, Bildung und Chancen.<\/li>\n<\/ul>\n\n\n\n<p class=\"wp-block-paragraph\"><strong>Verfasst von:<\/strong><\/p>\n\n\n\n<p class=\"wp-block-paragraph\">Dr. Mark Stoutenberg | Wolfson Research Institute for Health &amp; Well-Being, Durham University, Durham, UK&nbsp;<\/p>","protected":false},"excerpt":{"rendered":"<p>A global movement that highlights the power of bicycles for sustainability, health, and social impact. Why celebrate world bicycle day?&nbsp; Since its establishment in 2018, World Bicycle Day has been celebrated annually on June 3rd by cycling advocates around the globe. Spearheaded by the government of Turkmenistan, World Bicycle Day recognizes &#8220;the uniqueness, longevity and [&hellip;]<\/p>\n","protected":false},"author":1436,"featured_media":33996,"comment_status":"closed","ping_status":"closed","sticky":false,"template":"","format":"standard","meta":{"_jf_schedule_form":"","_jf_limit_responses":"","country-income-classification":"","slim_seo":{"title":"Pedal for Change: Celebrating World Bicycle Day\u00a0 - ISPAH","description":"Eine globale Bewegung, die die Kraft des Fahrrads f\u00fcr Nachhaltigkeit, Gesundheit und sozialen Einfluss hervorhebt. Warum den Weltfahrradtag feiern?   Seit seiner Gr\u00fcndung"},"_slim_seo_primary_term_category":0,"_slim_seo_primary_term_post_tag":0,"footnotes":""},"categories":[82,97,23],"tags":[363,128,364,365,366],"class_list":["post-33987","post","type-post","status-publish","format-standard","has-post-thumbnail","hentry","category-8-investments","category-active-travel","category-blog","tag-bicycle","tag-environment","tag-health","tag-social-justice","tag-transportation"],"_links":{"self":[{"href":"https:\/\/ispah.tecology-hosting.co\/de\/wp-json\/wp\/v2\/posts\/33987","targetHints":{"allow":["GET"]}}],"collection":[{"href":"https:\/\/ispah.tecology-hosting.co\/de\/wp-json\/wp\/v2\/posts"}],"about":[{"href":"https:\/\/ispah.tecology-hosting.co\/de\/wp-json\/wp\/v2\/types\/post"}],"author":[{"embeddable":true,"href":"https:\/\/ispah.tecology-hosting.co\/de\/wp-json\/wp\/v2\/users\/1436"}],"replies":[{"embeddable":true,"href":"https:\/\/ispah.tecology-hosting.co\/de\/wp-json\/wp\/v2\/comments?post=33987"}],"version-history":[{"count":4,"href":"https:\/\/ispah.tecology-hosting.co\/de\/wp-json\/wp\/v2\/posts\/33987\/revisions"}],"predecessor-version":[{"id":34003,"href":"https:\/\/ispah.tecology-hosting.co\/de\/wp-json\/wp\/v2\/posts\/33987\/revisions\/34003"}],"wp:featuredmedia":[{"embeddable":true,"href":"https:\/\/ispah.tecology-hosting.co\/de\/wp-json\/wp\/v2\/media\/33996"}],"wp:attachment":[{"href":"https:\/\/ispah.tecology-hosting.co\/de\/wp-json\/wp\/v2\/media?parent=33987"}],"wp:term":[{"taxonomy":"category","embeddable":true,"href":"https:\/\/ispah.tecology-hosting.co\/de\/wp-json\/wp\/v2\/categories?post=33987"},{"taxonomy":"post_tag","embeddable":true,"href":"https:\/\/ispah.tecology-hosting.co\/de\/wp-json\/wp\/v2\/tags?post=33987"}],"curies":[{"name":"wp","href":"https:\/\/api.w.org\/{rel}","templated":true}]}}