{"id":33564,"date":"2025-04-05T23:59:00","date_gmt":"2025-04-05T22:59:00","guid":{"rendered":"https:\/\/ispah.tecology-hosting.co\/?p=33564"},"modified":"2025-08-21T06:59:52","modified_gmt":"2025-08-21T05:59:52","slug":"welttag-der-korperlichen-aktivitat-2025-mehr-vom-gleichen-ist-nicht-genug","status":"publish","type":"post","link":"https:\/\/ispah.tecology-hosting.co\/de\/world-day-for-physical-activity-2025-more-of-the-same-is-not-enough\/","title":{"rendered":"Welttag f\u00fcr k\u00f6rperliche Aktivit\u00e4t 2025: Mehr vom Gleichen ist nicht genug\u00a0"},"content":{"rendered":"<p class=\"wp-block-paragraph\"><strong>Warum ein Tag f\u00fcr k\u00f6rperliche Aktivit\u00e4t?<\/strong>&nbsp;<\/p>\n\n\n\n<p class=\"wp-block-paragraph\">K\u00f6rperliche Aktivit\u00e4t ist seit Jahrhunderten Teil des menschlichen Alltagslebens. Allerdings ist die <a href=\"https:\/\/www.thelancet.com\/series\/physical-activity\" target=\"_blank\" rel=\"noreferrer noopener\">2012 Lancet Reihe K\u00f6rperliche Aktivit\u00e4t<\/a> zeigte, dass k\u00f6rperliche Inaktivit\u00e4t weltweit f\u00fcr mehr als 5 Millionen Todesf\u00e4lle pro Jahr verantwortlich ist. Diese enorme Krankheitslast, die auf k\u00f6rperliche Inaktivit\u00e4t zur\u00fcckzuf\u00fchren ist, ist zur\u00fcckzuf\u00fchren auf (a) die hohe Pr\u00e4valenz von Inaktivit\u00e4t, die sowohl bei Erwachsenen (~30%) als auch bei Jugendlichen (~80%) weltweit beobachtet wird, und (b) das erh\u00f6hte Risiko vieler Krankheiten bei inaktiven Personen im Vergleich zu ihren aktiven Altersgenossen. Trotz erheblicher Fortschritte bei der \u00dcberwachung, Forschung und Politik in Bezug auf k\u00f6rperliche Aktivit\u00e4t weltweit, <a href=\"https:\/\/pubmed.ncbi.nlm.nih.gov\/38942042\" target=\"_blank\" rel=\"noreferrer noopener\">Das Niveau der k\u00f6rperlichen Aktivit\u00e4t steigt nicht<\/a> was darauf hindeutet, dass \"mehr vom Gleichen nicht genug ist\".  Deshalb m\u00fcssen wir Gesundheitsexperten, politische Entscheidungstr\u00e4ger und die Gesellschaft im Allgemeinen daran erinnern, wie wichtig k\u00f6rperliche Bet\u00e4tigung f\u00fcr die Gesundheit ist - daher die Notwendigkeit eines j\u00e4hrlichen Welttages der k\u00f6rperlichen Bet\u00e4tigung.&nbsp;<\/p>\n\n\n\n<figure data-wp-context=\"{&quot;imageId&quot;:&quot;6a9d5a33ba903&quot;}\" data-wp-interactive=\"core\/image\" data-wp-key=\"6a9d5a33ba903\" class=\"wp-block-image size-large wp-lightbox-container\"><img decoding=\"async\" width=\"1620\" height=\"1080\" data-wp-class--hide=\"state.isContentHidden\" data-wp-class--show=\"state.isContentVisible\" data-wp-init=\"callbacks.setButtonStyles\" data-wp-on--click=\"actions.showLightbox\" data-wp-on--load=\"callbacks.setButtonStyles\" data-wp-on--pointerdown=\"actions.preloadImage\" data-wp-on--pointerenter=\"actions.preloadImageWithDelay\" data-wp-on--pointerleave=\"actions.cancelPreload\" data-wp-on-window--resize=\"callbacks.setButtonStyles\" src=\"https:\/\/ispah.tecology-hosting.co\/wp-content\/uploads\/2025\/03\/AdobeStock_520330942-1620x1080.webp\" alt=\"Adobestock 520330942\" class=\"wp-image-33650\" srcset=\"https:\/\/ispah.tecology-hosting.co\/wp-content\/uploads\/2025\/03\/AdobeStock_520330942-1620x1080.webp 1620w, https:\/\/ispah.tecology-hosting.co\/wp-content\/uploads\/2025\/03\/AdobeStock_520330942-960x640.webp 960w, https:\/\/ispah.tecology-hosting.co\/wp-content\/uploads\/2025\/03\/AdobeStock_520330942-768x512.webp 768w, https:\/\/ispah.tecology-hosting.co\/wp-content\/uploads\/2025\/03\/AdobeStock_520330942-1536x1024.webp 1536w, https:\/\/ispah.tecology-hosting.co\/wp-content\/uploads\/2025\/03\/AdobeStock_520330942-18x12.webp 18w, https:\/\/ispah.tecology-hosting.co\/wp-content\/uploads\/2025\/03\/AdobeStock_520330942.webp 1920w\" sizes=\"(max-width: 1620px) 100vw, 1620px\" \/><button\n\t\t\tclass=\"lightbox-trigger\"\n\t\t\ttype=\"button\"\n\t\t\taria-haspopup=\"dialog\"\n\t\t\tdata-wp-bind--aria-label=\"state.thisImage.triggerButtonAriaLabel\"\n\t\t\tdata-wp-init=\"callbacks.initTriggerButton\"\n\t\t\tdata-wp-on--click=\"actions.showLightbox\"\n\t\t\tdata-wp-style--right=\"state.thisImage.buttonRight\"\n\t\t\tdata-wp-style--top=\"state.thisImage.buttonTop\"\n\t\t>\n\t\t\t<svg xmlns=\"http:\/\/www.w3.org\/2000\/svg\" width=\"12\" height=\"12\" fill=\"none\" viewbox=\"0 0 12 12\">\n\t\t\t\t<path fill=\"#fff\" d=\"M2 0a2 2 0 0 0-2 2v2h1.5V2a.5.5 0 0 1 .5-.5h2V0H2Zm2 10.5H2a.5.5 0 0 1-.5-.5V8H0v2a2 2 0 0 0 2 2h2v-1.5ZM8 12v-1.5h2a.5.5 0 0 0 .5-.5V8H12v2a2 2 0 0 1-2 2H8Zm2-12a2 2 0 0 1 2 2v2h-1.5V2a.5.5 0 0 0-.5-.5H8V0h2Z\" \/>\n\t\t\t<\/svg>\n\t\t<\/button><\/figure>\n\n\n\n<p class=\"wp-block-paragraph\"><strong>Was ist die Geschichte?<\/strong>&nbsp;<\/p>\n\n\n\n<p class=\"wp-block-paragraph\">K\u00f6rperliche Aktivit\u00e4t ist <a href=\"https:\/\/pubmed.ncbi.nlm.nih.gov\/39327916\/\" target=\"_blank\" rel=\"noreferrer noopener\">definiert<\/a> als jede k\u00f6rperliche Bewegung, die durch Skelettmuskeln erzeugt wird und zu einem Energieaufwand f\u00fchrt. Die Regierungen sind daf\u00fcr verantwortlich, es dem Einzelnen leicht zu machen, k\u00f6rperliche Aktivit\u00e4t als Teil des t\u00e4glichen Lebens zu w\u00e4hlen. Der Zugang zu angenehmer, sicherer, gesunder, gerechter und zielgerichteter k\u00f6rperlicher Bet\u00e4tigung muss eine gesellschaftliche Priorit\u00e4t sein. Die<a href=\"https:\/\/ispah.tecology-hosting.co\/de\/\" target=\"_blank\" rel=\"noreferrer noopener\">Internationale Gesellschaft f\u00fcr k\u00f6rperliche Aktivit\u00e4t und Gesundheit (ISPAH)<\/a>unterst\u00fctzt den Welttag f\u00fcr k\u00f6rperliche Aktivit\u00e4t 2025 als Teil seiner globalen Bem\u00fchungen zur F\u00f6rderung von k\u00f6rperlicher Aktivit\u00e4t und Gesundheit, insbesondere durch die<a href=\"https:\/\/ispah.tecology-hosting.co\/wp-content\/uploads\/2020\/11\/English-Eight-Investments-That-Work-FINAL.pdf\" target=\"_blank\" rel=\"noreferrer noopener\"><em>Acht Investitionen, die sich f\u00fcr k\u00f6rperliche Aktivit\u00e4t lohnen<\/em><\/a>- umsetzbare Strategien zur F\u00f6rderung ges\u00fcnderer Gemeinschaften durch die Verankerung von k\u00f6rperlicher Aktivit\u00e4t in der nationalen und subnationalen Politik.&nbsp;<\/p>\n\n\n\n<p class=\"wp-block-paragraph\"><strong>Was ist die L\u00f6sung?<\/strong>&nbsp;<\/p>\n\n\n\n<p class=\"wp-block-paragraph\">Es ist an der Zeit, sich von einem \"<a href=\"https:\/\/pubmed.ncbi.nlm.nih.gov\/3872850\/\" target=\"_blank\" rel=\"noreferrer noopener\">kranke Menschen<\/a>\" zu einem Ansatz f\u00fcr \"gesunde Bev\u00f6lkerungsgruppen\". Jahrzehntelang hat sich die F\u00f6rderung der k\u00f6rperlichen Aktivit\u00e4t auf die Inaktiven konzentriert. Es ist an der Zeit, sich auf die gesamte Bev\u00f6lkerung zu konzentrieren und darauf hinzuwirken, dass die gesamte Verteilung der k\u00f6rperlichen Aktivit\u00e4t zu mehr Aktivit\u00e4t f\u00fchrt. Ein solider Bestand an Beweisen deutet darauf hin, dass <a href=\"https:\/\/pubmed.ncbi.nlm.nih.gov\/39762423\/\" target=\"_blank\" rel=\"noreferrer noopener\">etwas k\u00f6rperliche Aktivit\u00e4t<\/a>selbst wenn er unter den empfohlenen 150 Minuten pro Woche liegt, bringt dem Einzelnen und der Gemeinschaft erhebliche gesundheitliche Vorteile.&nbsp;<\/p>\n\n\n\n<figure data-wp-context=\"{&quot;imageId&quot;:&quot;6a9d5a33bad7d&quot;}\" data-wp-interactive=\"core\/image\" data-wp-key=\"6a9d5a33bad7d\" class=\"wp-block-image size-full wp-lightbox-container\"><img decoding=\"async\" width=\"1920\" height=\"596\" data-wp-class--hide=\"state.isContentHidden\" data-wp-class--show=\"state.isContentVisible\" data-wp-init=\"callbacks.setButtonStyles\" data-wp-on--click=\"actions.showLightbox\" data-wp-on--load=\"callbacks.setButtonStyles\" data-wp-on--pointerdown=\"actions.preloadImage\" data-wp-on--pointerenter=\"actions.preloadImageWithDelay\" data-wp-on--pointerleave=\"actions.cancelPreload\" data-wp-on-window--resize=\"callbacks.setButtonStyles\" src=\"https:\/\/ispah.tecology-hosting.co\/wp-content\/uploads\/2025\/03\/AdobeStock_472814826.webp\" alt=\"Adobestock 472814826\" class=\"wp-image-33649\" srcset=\"https:\/\/ispah.tecology-hosting.co\/wp-content\/uploads\/2025\/03\/AdobeStock_472814826.webp 1920w, https:\/\/ispah.tecology-hosting.co\/wp-content\/uploads\/2025\/03\/AdobeStock_472814826-960x298.webp 960w, https:\/\/ispah.tecology-hosting.co\/wp-content\/uploads\/2025\/03\/AdobeStock_472814826-768x238.webp 768w, https:\/\/ispah.tecology-hosting.co\/wp-content\/uploads\/2025\/03\/AdobeStock_472814826-1536x477.webp 1536w, https:\/\/ispah.tecology-hosting.co\/wp-content\/uploads\/2025\/03\/AdobeStock_472814826-18x6.webp 18w\" sizes=\"(max-width: 1920px) 100vw, 1920px\" \/><button\n\t\t\tclass=\"lightbox-trigger\"\n\t\t\ttype=\"button\"\n\t\t\taria-haspopup=\"dialog\"\n\t\t\tdata-wp-bind--aria-label=\"state.thisImage.triggerButtonAriaLabel\"\n\t\t\tdata-wp-init=\"callbacks.initTriggerButton\"\n\t\t\tdata-wp-on--click=\"actions.showLightbox\"\n\t\t\tdata-wp-style--right=\"state.thisImage.buttonRight\"\n\t\t\tdata-wp-style--top=\"state.thisImage.buttonTop\"\n\t\t>\n\t\t\t<svg xmlns=\"http:\/\/www.w3.org\/2000\/svg\" width=\"12\" height=\"12\" fill=\"none\" viewbox=\"0 0 12 12\">\n\t\t\t\t<path fill=\"#fff\" d=\"M2 0a2 2 0 0 0-2 2v2h1.5V2a.5.5 0 0 1 .5-.5h2V0H2Zm2 10.5H2a.5.5 0 0 1-.5-.5V8H0v2a2 2 0 0 0 2 2h2v-1.5ZM8 12v-1.5h2a.5.5 0 0 0 .5-.5V8H12v2a2 2 0 0 1-2 2H8Zm2-12a2 2 0 0 1 2 2v2h-1.5V2a.5.5 0 0 0-.5-.5H8V0h2Z\" \/>\n\t\t\t<\/svg>\n\t\t<\/button><\/figure>\n\n\n\n<p class=\"wp-block-paragraph\">Um ein solches Ziel zu erreichen, ist es jedoch unerl\u00e4sslich, den Kontext zu ber\u00fccksichtigen, in dem die Menschen leben. Ein erhebliches Ma\u00df an k\u00f6rperlicher Aktivit\u00e4t, insbesondere in L\u00e4ndern mit niedrigem und mittlerem Einkommen und unter Familien mit niedrigem Einkommen in L\u00e4ndern mit hohem Einkommen, <a href=\"https:\/\/pubmed.ncbi.nlm.nih.gov\/36525957\/\" target=\"_blank\" rel=\"noreferrer noopener\">ist mehr eine Notwendigkeit als eine Wahl<\/a>. In solchen F\u00e4llen m\u00fcssen neben der F\u00f6rderung der k\u00f6rperlichen Aktivit\u00e4t unbedingt auch Gesundheit, Gleichheit und Gerechtigkeit gef\u00f6rdert werden. Es ist auch wichtig, au\u00dferhalb des Gesundheitssektors zu arbeiten. Die Steigerung der k\u00f6rperlichen Aktivit\u00e4t erfordert auch die Zusammenarbeit mit den Bereichen Sport, st\u00e4dtische Umwelt, Bildung und Planung.&nbsp;&nbsp;<\/p>\n\n\n\n<p class=\"wp-block-paragraph\">Seit Jahrzehnten konzentriert sich die Forschung auf die gesamte k\u00f6rperliche Aktivit\u00e4t, die die Aktivit\u00e4ten bei der Arbeit, in der Schule, zu Hause, in der Freizeit und als Transportmittel umfasst. Es ist an der Zeit, jeden dieser Bereiche separat zu untersuchen, denn die Aktivit\u00e4ten, die in jedem dieser Bereiche stattfinden, unterscheiden sich erheblich in Bezug auf die Notwendigkeit und die Wahlm\u00f6glichkeiten.&nbsp;&nbsp;<\/p>\n\n\n\n<p class=\"has-large-font-size wp-block-paragraph\"><strong>Wichtige Botschaften<\/strong>&nbsp;<\/p>\n\n\n\n<ul class=\"wp-block-list\">\n<li>K\u00f6rperliche Inaktivit\u00e4t verursacht jedes Jahr weltweit genauso viele Todesf\u00e4lle wie das Rauchen.&nbsp;<\/li>\n\n\n\n<li>Das Niveau der k\u00f6rperlichen Aktivit\u00e4t nimmt weltweit nicht zu.&nbsp;&nbsp;<\/li>\n\n\n\n<li>Es ist an der Zeit, den Schwerpunkt der Bewegungsf\u00f6rderung zu \u00e4ndern: Anstatt sich an inaktive Personen zu wenden, ist es an der Zeit, die gesamte Bev\u00f6lkerung zu mehr Bewegung zu bewegen.&nbsp;&nbsp;<\/li>\n\n\n\n<li>Es ist unerl\u00e4sslich, den Kontext zu ber\u00fccksichtigen, in dem k\u00f6rperliche Aktivit\u00e4t stattfindet und ob sie als Notwendigkeit oder als Wahlm\u00f6glichkeit praktiziert wird.&nbsp;<\/li>\n<\/ul>\n\n\n\n<p class=\"wp-block-paragraph\"><strong>Autoren<\/strong>&nbsp;<\/p>\n\n\n\n<p class=\"wp-block-paragraph\">Pedro C Hallal &amp; Adrian Bauman - ISPAH-Stipendiaten&nbsp;&nbsp;<\/p>","protected":false},"excerpt":{"rendered":"<p>Why a Day for Physical Activity?&nbsp; Physical activity is part of human routine living for centuries. However, the 2012 Lancet Physical Activity Series showed that physical inactivity was responsible for 5+ million deaths per year globally. This massive burden of disease attributable to physical inactivity is due to (a) the high prevalence of inactivity observed [&hellip;]<\/p>\n","protected":false},"author":470,"featured_media":33692,"comment_status":"closed","ping_status":"closed","sticky":false,"template":"","format":"standard","meta":{"_jf_schedule_form":"","_jf_limit_responses":"","country-income-classification":"","slim_seo":{"title":"World Day for Physical Activity 2025: More of the Same is not Enough\u00a0 - ISPAH","description":"Warum ein Tag f\u00fcr k\u00f6rperliche Aktivit\u00e4t?   K\u00f6rperliche Aktivit\u00e4t ist seit Jahrhunderten Teil der menschlichen Lebensroutine. Die Lancet Physical Activity Series von 2012 zeigt jedoch"},"_slim_seo_primary_term_category":0,"_slim_seo_primary_term_post_tag":0,"footnotes":""},"categories":[82,23],"tags":[346,347,345],"class_list":["post-33564","post","type-post","status-publish","format-standard","has-post-thumbnail","hentry","category-8-investments","category-blog","tag-healthy-populations","tag-multisector-approach","tag-policy-worldwide"],"_links":{"self":[{"href":"https:\/\/ispah.tecology-hosting.co\/de\/wp-json\/wp\/v2\/posts\/33564","targetHints":{"allow":["GET"]}}],"collection":[{"href":"https:\/\/ispah.tecology-hosting.co\/de\/wp-json\/wp\/v2\/posts"}],"about":[{"href":"https:\/\/ispah.tecology-hosting.co\/de\/wp-json\/wp\/v2\/types\/post"}],"author":[{"embeddable":true,"href":"https:\/\/ispah.tecology-hosting.co\/de\/wp-json\/wp\/v2\/users\/470"}],"replies":[{"embeddable":true,"href":"https:\/\/ispah.tecology-hosting.co\/de\/wp-json\/wp\/v2\/comments?post=33564"}],"version-history":[{"count":1,"href":"https:\/\/ispah.tecology-hosting.co\/de\/wp-json\/wp\/v2\/posts\/33564\/revisions"}],"predecessor-version":[{"id":34574,"href":"https:\/\/ispah.tecology-hosting.co\/de\/wp-json\/wp\/v2\/posts\/33564\/revisions\/34574"}],"wp:featuredmedia":[{"embeddable":true,"href":"https:\/\/ispah.tecology-hosting.co\/de\/wp-json\/wp\/v2\/media\/33692"}],"wp:attachment":[{"href":"https:\/\/ispah.tecology-hosting.co\/de\/wp-json\/wp\/v2\/media?parent=33564"}],"wp:term":[{"taxonomy":"category","embeddable":true,"href":"https:\/\/ispah.tecology-hosting.co\/de\/wp-json\/wp\/v2\/categories?post=33564"},{"taxonomy":"post_tag","embeddable":true,"href":"https:\/\/ispah.tecology-hosting.co\/de\/wp-json\/wp\/v2\/tags?post=33564"}],"curies":[{"name":"wp","href":"https:\/\/api.w.org\/{rel}","templated":true}]}}