{"id":33441,"date":"2025-03-03T01:42:14","date_gmt":"2025-03-03T01:42:14","guid":{"rendered":"https:\/\/ispah.tecology-hosting.co\/?p=33441"},"modified":"2025-03-05T06:20:32","modified_gmt":"2025-03-05T06:20:32","slug":"welttag-der-adipositas-2025-ispah-unterstutzt-einen-systemischen-fokus-fur-ein-gesunderes-leben","status":"publish","type":"post","link":"https:\/\/ispah.tecology-hosting.co\/de\/world-obesity-day-2025-ispah-supports-a-systems-focus-for-healthier-lives\/","title":{"rendered":"Welt-Adipositas-Tag 2025: ISPAH unterst\u00fctzt einen Systemfokus f\u00fcr ein ges\u00fcnderes Leben"},"content":{"rendered":"<p class=\"has-large-font-size wp-block-paragraph\"><strong>Warum ein Tag gegen Fettleibigkeit?<\/strong><\/p>\n\n\n\n<p class=\"wp-block-paragraph\">Fettleibigkeit wird nach wie vor weithin missverstanden; vor allem, weil viele Menschen diese Krankheit immer noch mit der <a href=\"https:\/\/www.who.int\/news-room\/fact-sheets\/detail\/obesity-and-overweight\">Krankheit<\/a> die Folge von <a href=\"https:\/\/obesitycanada.ca\/understanding-obesity\/5-facts\/\">pers\u00f6nliche Entscheidungen<\/a>. Leider sind solche <a href=\"https:\/\/www.cfp.ca\/content\/60\/11\/973.short\">(Fehl-)\u00dcberzeugungen<\/a> kann dazu f\u00fchren <a href=\"https:\/\/link.springer.com\/article\/10.1007\/s13679-023-00495-3\">Gewichtsbezogene Stigmatisierung<\/a>, <a href=\"https:\/\/obesitycanada.ca\/for-patients\/weight-bias\/#:~:text=Weight%20stigma%20refers%20to%20social,%2Ddiscipline%20or%20self%2Dcontrol.\">Voreingenommenheit und Diskriminierung<\/a>-sch\u00e4dliche, weit verbreitete Einstellungen, Stereotypen und Handlungen, die <a href=\"https:\/\/link.springer.com\/article\/10.1186\/S12916-018-1116-5\">negative Einfl\u00fcsse<\/a> sowohl auf individueller als auch auf gesellschaftlicher Ebene.<\/p>\n\n\n\n<p class=\"has-large-font-size wp-block-paragraph\"><strong>Was ist die Geschichte?<\/strong><\/p>\n\n\n\n<p class=\"wp-block-paragraph\"><a href=\"https:\/\/www.who.int\/news-room\/fact-sheets\/detail\/obesity-and-overweight\">Fettleibigkeit<\/a>&nbsp;wurde als chronisch definiert, <a href=\"https:\/\/www.gov.uk\/government\/publications\/reducing-obesity-obesity-system-map\">komplex<\/a>und vielschichtige Krankheit, bei der \u00fcberm\u00e4\u00dfiges K\u00f6rperfett (Adipositas) die Gesundheit beeintr\u00e4chtigt. <a href=\"https:\/\/www.worldobesityday.org\/\">Welt-Adipositas-Tag 2025<\/a>, gehalten am 4. M\u00e4rz<sup>th<\/sup>ruft zu globalem Handeln auf, indem er den Fokus von der <em>individuell<\/em> zum <em>Systeme<\/em> (z.B. \u00f6kologisch, soziokulturell, politisch, wirtschaftlich), die zu dem Problem beitragen. <a href=\"https:\/\/www.thelancet.com\/journals\/lancet\/article\/PIIS0140-6736(23)02750-2\/fulltext\">Steigende Raten von Fettleibigkeit weltweit<\/a>.<\/p>\n\n\n\n<figure data-wp-context=\"{&quot;imageId&quot;:&quot;6a9d5a33b391f&quot;}\" data-wp-interactive=\"core\/image\" data-wp-key=\"6a9d5a33b391f\" class=\"wp-block-image size-full wp-lightbox-container\"><img decoding=\"async\" width=\"1080\" height=\"1080\" data-wp-class--hide=\"state.isContentHidden\" data-wp-class--show=\"state.isContentVisible\" data-wp-init=\"callbacks.setButtonStyles\" data-wp-on--click=\"actions.showLightbox\" data-wp-on--load=\"callbacks.setButtonStyles\" data-wp-on--pointerdown=\"actions.preloadImage\" data-wp-on--pointerenter=\"actions.preloadImageWithDelay\" data-wp-on--pointerleave=\"actions.cancelPreload\" data-wp-on-window--resize=\"callbacks.setButtonStyles\" src=\"https:\/\/ispah.tecology-hosting.co\/wp-content\/uploads\/2025\/03\/WOD_Announcement_Instagram_v1.webp\" alt=\"Wod Ank\u00fcndigung Instagram V1\" class=\"wp-image-33445\" srcset=\"https:\/\/ispah.tecology-hosting.co\/wp-content\/uploads\/2025\/03\/WOD_Announcement_Instagram_v1.webp 1080w, https:\/\/ispah.tecology-hosting.co\/wp-content\/uploads\/2025\/03\/WOD_Announcement_Instagram_v1-960x960.webp 960w, https:\/\/ispah.tecology-hosting.co\/wp-content\/uploads\/2025\/03\/WOD_Announcement_Instagram_v1-300x300.webp 300w, https:\/\/ispah.tecology-hosting.co\/wp-content\/uploads\/2025\/03\/WOD_Announcement_Instagram_v1-768x768.webp 768w\" sizes=\"(max-width: 1080px) 100vw, 1080px\" \/><button\n\t\t\tclass=\"lightbox-trigger\"\n\t\t\ttype=\"button\"\n\t\t\taria-haspopup=\"dialog\"\n\t\t\tdata-wp-bind--aria-label=\"state.thisImage.triggerButtonAriaLabel\"\n\t\t\tdata-wp-init=\"callbacks.initTriggerButton\"\n\t\t\tdata-wp-on--click=\"actions.showLightbox\"\n\t\t\tdata-wp-style--right=\"state.thisImage.buttonRight\"\n\t\t\tdata-wp-style--top=\"state.thisImage.buttonTop\"\n\t\t>\n\t\t\t<svg xmlns=\"http:\/\/www.w3.org\/2000\/svg\" width=\"12\" height=\"12\" fill=\"none\" viewbox=\"0 0 12 12\">\n\t\t\t\t<path fill=\"#fff\" d=\"M2 0a2 2 0 0 0-2 2v2h1.5V2a.5.5 0 0 1 .5-.5h2V0H2Zm2 10.5H2a.5.5 0 0 1-.5-.5V8H0v2a2 2 0 0 0 2 2h2v-1.5ZM8 12v-1.5h2a.5.5 0 0 0 .5-.5V8H12v2a2 2 0 0 1-2 2H8Zm2-12a2 2 0 0 1 2 2v2h-1.5V2a.5.5 0 0 0-.5-.5H8V0h2Z\" \/>\n\t\t\t<\/svg>\n\t\t<\/button><figcaption class=\"wp-element-caption\">Welt-Adipositas-Tag, 2025. https:\/\/www.worldobesityday.org<\/figcaption><\/figure>\n\n\n\n<p class=\"wp-block-paragraph\">Die <a href=\"https:\/\/ispah.tecology-hosting.co\/de\/\">Internationale Gesellschaft f\u00fcr k\u00f6rperliche Aktivit\u00e4t und Gesundheit (ISPAH)<\/a> unterst\u00fctzt den Welt-Adipositas-Tag 2025 in seinen weltweiten Bem\u00fchungen zur F\u00f6rderung von k\u00f6rperlicher Aktivit\u00e4t und Gesundheit, insbesondere durch die&nbsp;<a href=\"https:\/\/ispah.tecology-hosting.co\/wp-content\/uploads\/2020\/11\/English-Eight-Investments-That-Work-FINAL.pdf\"><em>Acht Investitionen, die sich f\u00fcr k\u00f6rperliche Aktivit\u00e4t lohnen<\/em><\/a> - umsetzbare Strategien zur F\u00f6rderung ges\u00fcnderer Gemeinschaften durch die Verankerung von k\u00f6rperlicher Aktivit\u00e4t in der nationalen und subnationalen Politik.<\/p>\n\n\n\n<p class=\"has-large-font-size wp-block-paragraph\"><strong>\u00dcbergewicht und Adipositas sind ein globales Problem<\/strong><\/p>\n\n\n\n<ul class=\"wp-block-list\">\n<li>Es wird gesch\u00e4tzt, dass weltweit etwa <a href=\"https:\/\/www.who.int\/news-room\/fact-sheets\/detail\/obesity-and-overweight\">1 von 8 Menschen<\/a> im Jahr 2022 mit Fettleibigkeit leben werden<\/li>\n\n\n\n<li>Die weltweite Pr\u00e4valenz von Fettleibigkeit bei Erwachsenen hat <a href=\"https:\/\/www.who.int\/news-room\/fact-sheets\/detail\/obesity-and-overweight\">verdoppelt<\/a> seit 1990; im Jahr 2022 lebten etwa 16% der Erwachsenen mit Fettleibigkeit<\/li>\n\n\n\n<li>Die weltweite Pr\u00e4valenz von Fettleibigkeit bei Kindern hat ebenfalls zugenommen, mit einer gesch\u00e4tzten <a href=\"https:\/\/jamanetwork.com\/journals\/jamapediatrics\/fullarticle\/2819322\">8.5%<\/a> der Kinder und Jugendlichen, die mit Fettleibigkeit leben, im Jahr 2023<\/li>\n\n\n\n<li>Fettleibigkeit <em>Stigma<\/em> ist eine <a href=\"https:\/\/link.springer.com\/article\/10.1186\/s12992-018-0337-x?utm_source=getftr&amp;utm_medium=getftr&amp;utm_campaign=getftr_pilot&amp;getft_integrator=wiley\">globale Sorge<\/a>W\u00e4hrend die Stigmatisierung im Zusammenhang mit dem Gewicht im globalen Norden weithin als bedeutendes Gesundheitsproblem anerkannt ist, wird sie nun auch im globalen S\u00fcden als neues Problem betrachtet.<\/li>\n<\/ul>\n\n\n\n<p class=\"has-large-font-size wp-block-paragraph\"><strong>Systemischer Wandel - Wann und wie?<\/strong><\/p>\n\n\n\n<ul class=\"wp-block-list\">\n<li><strong>Jetzt:<\/strong>&nbsp;Wir wissen, dass <a href=\"https:\/\/link.springer.com\/content\/pdf\/10.1186\/s12966-021-01082-2.pdf\">nachgelagerte Eingriffe<\/a> sind in der Regel nur begrenzt wirksam bei der Pr\u00e4vention und Behandlung von Fettleibigkeit. Es besteht die dringende Notwendigkeit, \u00fcber Ans\u00e4tze zur Bek\u00e4mpfung der Fettleibigkeit auf individueller Ebene hinauszugehen (einschlie\u00dflich der gemeinsamen <a href=\"https:\/\/onlinelibrary.wiley.com\/doi\/full\/10.1111\/cob.12615\">\"Weniger essen, mehr bewegen\"<\/a> Erz\u00e4hlung), zu einer <a href=\"https:\/\/link.springer.com\/article\/10.1186\/s12889-018-6274-z\">systembasierter Ansatz<\/a> um diese globale Herausforderung zu bew\u00e4ltigen.<\/li>\n\n\n\n<li><strong>Evidenzbasiertes Handeln:<\/strong> Die Acht Investitionen der ISPAH bieten praktische, forschungsbasierte Strategien, um das Niveau der k\u00f6rperlichen Aktivit\u00e4t weltweit zu erh\u00f6hen. In der Tat ist k\u00f6rperliche Aktivit\u00e4t f\u00fcr alle Menschen wichtig, auch f\u00fcr diejenigen, die mit Fettleibigkeit leben. Angesichts der Tatsache, dass es <a href=\"https:\/\/www.gov.uk\/government\/publications\/reducing-obesity-obesity-system-map\">Hunderte von komplexen und ineinandergreifenden Faktoren<\/a> die zur Pr\u00e4valenz von Fettleibigkeit beitragen - und dass der Nutzen von k\u00f6rperlicher Aktivit\u00e4t f\u00fcr Menschen mit Fettleibigkeit \u00fcber die <a href=\"https:\/\/www.mdpi.com\/1660-4601\/19\/9\/4981\">Gewichtsabnahme<\/a>-Evidenzbasierte Ma\u00dfnahmen, die \u00fcber die Konzentration auf einzelne Faktoren und Verhaltensweisen hinausgehen, sind unerl\u00e4sslich.<\/li>\n\n\n\n<li><strong>Sicherstellen, dass <\/strong><a href=\"https:\/\/www.annualreviews.org\/content\/journals\/10.1146\/annurev-nutr-092021-050805\"><strong>Gesundheitsgerechtigkeit<\/strong><\/a><strong> ist eine Priorit\u00e4t:<\/strong> Fettleibigkeit betrifft unverh\u00e4ltnism\u00e4\u00dfig stark <a href=\"https:\/\/link.springer.com\/article\/10.1007\/s13679-023-00493-5\">marginalisierte Bev\u00f6lkerungsgruppen<\/a>Daher ist es unerl\u00e4sslich, die vielen sich \u00fcberschneidenden und systemischen Faktoren anzugehen, die zu Ungleichheiten bei der Adipositaspr\u00e4valenz f\u00fchren.<\/li>\n<\/ul>\n\n\n\n<p class=\"has-large-font-size wp-block-paragraph\"><strong>Botschaften zum Mitnehmen<\/strong><\/p>\n\n\n\n<ul class=\"wp-block-list\">\n<li><strong>Systemwechsel ist der Schl\u00fcssel:<\/strong> Eine wirksame Bek\u00e4mpfung der Fettleibigkeit erfordert eine Verlagerung von individueller Verantwortung und Schuldzuweisung zu umfassenden systemischen Ans\u00e4tzen und L\u00f6sungen.<\/li>\n\n\n\n<li><a href=\"https:\/\/www.annualreviews.org\/content\/journals\/10.1146\/annurev-publhealth-060922-044108\"><strong>Gesundheitliche Chancengleichheit vorantreiben<\/strong><\/a><strong> ist entscheidend:<\/strong> Die Fokussierung auf Systemver\u00e4nderungen und die Ber\u00fccksichtigung der gesundheitlichen Chancengleichheit k\u00f6nnen zur Entwicklung gerechterer und integrativerer L\u00f6sungen und Ans\u00e4tze f\u00fcr die Behandlung und Pr\u00e4vention von Adipositas f\u00fchren.<\/li>\n\n\n\n<li><strong>Die Bek\u00e4mpfung der Stigmatisierung von Fettleibigkeit ist eine globale Priorit\u00e4t:<\/strong> Eine aktuelle <a href=\"https:\/\/onlinelibrary.wiley.com\/doi\/full\/10.1111\/obr.13642\">Stellungnahme der World Obesity Federation<\/a> mehrere evidenzbasierte Empfehlungen zur Bek\u00e4mpfung des Gewichtsstigmas und seiner sch\u00e4dlichen Auswirkungen auf globaler Ebene.<\/li>\n\n\n\n<li><a href=\"https:\/\/www.annualreviews.org\/content\/journals\/10.1146\/annurev-publhealth-060922-044108\"><strong>Sektoren\u00fcbergreifende Zusammenarbeit<\/strong><\/a><strong> ist unerl\u00e4sslich:<\/strong> Regierungen, politische Entscheidungstr\u00e4ger, Gesundheitsdienstleister, Stadtplaner, P\u00e4dagogen, Forscher und Gemeinden m\u00fcssen zusammenarbeiten, um Adipositas zu bek\u00e4mpfen und Erkenntnisse \u00fcber die praktische Anwendung von Systemans\u00e4tzen zur Behandlung von Adipositas zu gewinnen. <a href=\"https:\/\/www.frontiersin.org\/journals\/public-health\/articles\/10.3389\/fpubh.2023.1015492\/full\">Pr\u00e4vention<\/a>.<\/li>\n<\/ul>\n\n\n\n<p class=\"wp-block-paragraph\">Der Welt-Adipositas-Tag 2025 ist ein Aufruf zum Handeln, um <a href=\"https:\/\/www.worldobesityday.org\/\">\"ein Scheinwerferlicht setzen\"<\/a> Adipositas als globale Gesundheitsherausforderung, die eine Konzentration auf die vielen Systeme und Faktoren erfordert, die diese chronische Krankheit beeinflussen. Die Verlagerung des Schwerpunkts von der individuellen Verantwortung auf einen systemischen Wandel, global und unter dem Gesichtspunkt der gesundheitlichen Chancengleichheit, ist entscheidend f\u00fcr die Bek\u00e4mpfung von Fettleibigkeit und Ungleichheiten im Zusammenhang mit Fettleibigkeit sowie f\u00fcr die Bek\u00e4mpfung der gewichtsbezogenen Stigmatisierung. Nur wenn wir zusammenarbeiten, um diese strukturellen Hindernisse zu beseitigen, k\u00f6nnen wir eine Zukunft schaffen, in der eine bessere Gesundheit f\u00fcr alle erreichbar ist.<\/p>\n\n\n\n<p class=\"wp-block-paragraph\"><strong>Verfasst von:<\/strong><\/p>\n\n\n\n<div class=\"wp-block-media-text is-stacked-on-mobile\" style=\"grid-template-columns:15% auto\"><figure class=\"wp-block-media-text__media\"><img decoding=\"async\" width=\"720\" height=\"1080\" src=\"https:\/\/ispah.tecology-hosting.co\/wp-content\/uploads\/2025\/03\/Shauna11of30-720x1080.webp\" alt=\"Shauna(11von30)\" class=\"wp-image-33442 size-full\" srcset=\"https:\/\/ispah.tecology-hosting.co\/wp-content\/uploads\/2025\/03\/Shauna11of30-720x1080.webp 720w, https:\/\/ispah.tecology-hosting.co\/wp-content\/uploads\/2025\/03\/Shauna11of30-640x960.webp 640w, https:\/\/ispah.tecology-hosting.co\/wp-content\/uploads\/2025\/03\/Shauna11of30-768x1152.webp 768w, https:\/\/ispah.tecology-hosting.co\/wp-content\/uploads\/2025\/03\/Shauna11of30-1024x1536.webp 1024w, https:\/\/ispah.tecology-hosting.co\/wp-content\/uploads\/2025\/03\/Shauna11of30.webp 1280w\" sizes=\"(max-width: 720px) 100vw, 720px\" \/><\/figure><div class=\"wp-block-media-text__content\">\n<p class=\"wp-block-paragraph\">Dr. Shauna Burke | Fakult\u00e4t f\u00fcr Gesundheitswissenschaften, Western University, London, Ontario, Kanada &amp; Children's Health Research Institute, London, Ontario, Kanada<\/p>\n<\/div><\/div>\n\n\n\n<div class=\"wp-block-media-text is-stacked-on-mobile\" style=\"grid-template-columns:15% auto\"><figure class=\"wp-block-media-text__media\"><img decoding=\"async\" width=\"863\" height=\"1080\" src=\"https:\/\/ispah.tecology-hosting.co\/wp-content\/uploads\/2025\/03\/Sophie-Phillips-863x1080.webp\" alt=\"Sophie Phillips\" class=\"wp-image-33443 size-full\" srcset=\"https:\/\/ispah.tecology-hosting.co\/wp-content\/uploads\/2025\/03\/Sophie-Phillips-863x1080.webp 863w, https:\/\/ispah.tecology-hosting.co\/wp-content\/uploads\/2025\/03\/Sophie-Phillips-767x960.webp 767w, https:\/\/ispah.tecology-hosting.co\/wp-content\/uploads\/2025\/03\/Sophie-Phillips-768x961.webp 768w, https:\/\/ispah.tecology-hosting.co\/wp-content\/uploads\/2025\/03\/Sophie-Phillips-1227x1536.webp 1227w, https:\/\/ispah.tecology-hosting.co\/wp-content\/uploads\/2025\/03\/Sophie-Phillips.webp 1534w\" sizes=\"(max-width: 863px) 100vw, 863px\" \/><\/figure><div class=\"wp-block-media-text__content\">\n<p class=\"wp-block-paragraph\">Dr. Sophie Phillips | Fakult\u00e4t f\u00fcr Gesundheitswissenschaften, Western University, London, Ontario, Kanada<\/p>\n<\/div><\/div>","protected":false},"excerpt":{"rendered":"<p>Why a Day for Obesity? Obesity remains widely misunderstood; primarily because many people still attribute this disease to be the consequence of personal choices. Unfortunately, such (mis)beliefs can lead to weight-related stigma, bias, and discrimination\u2014harmful, widespread attitudes, stereotypes, and actions that have negative impacts at both individual and societal levels. What\u2019s the Story? Obesity&nbsp;has been [&hellip;]<\/p>\n","protected":false},"author":1154,"featured_media":33448,"comment_status":"closed","ping_status":"closed","sticky":false,"template":"","format":"standard","meta":{"_jf_schedule_form":"","_jf_limit_responses":"","country-income-classification":"","slim_seo":{"title":"World Obesity Day 2025: ISPAH Supports a Systems Focus for Healthier Lives - ISPAH","description":"Warum ein Tag gegen Fettleibigkeit? Fettleibigkeit wird nach wie vor weitgehend missverstanden. Das liegt vor allem daran, dass viele Menschen diese Krankheit immer noch f\u00fcr die Folge einer pers\u00f6nlichen Entscheidung halten"},"_slim_seo_primary_term_category":0,"_slim_seo_primary_term_post_tag":0,"footnotes":""},"categories":[82,23],"tags":[338,336,339,337],"class_list":["post-33441","post","type-post","status-publish","format-standard","has-post-thumbnail","hentry","category-8-investments","category-blog","tag-health-equity","tag-obesity","tag-stigma","tag-systems-change"],"_links":{"self":[{"href":"https:\/\/ispah.tecology-hosting.co\/de\/wp-json\/wp\/v2\/posts\/33441","targetHints":{"allow":["GET"]}}],"collection":[{"href":"https:\/\/ispah.tecology-hosting.co\/de\/wp-json\/wp\/v2\/posts"}],"about":[{"href":"https:\/\/ispah.tecology-hosting.co\/de\/wp-json\/wp\/v2\/types\/post"}],"author":[{"embeddable":true,"href":"https:\/\/ispah.tecology-hosting.co\/de\/wp-json\/wp\/v2\/users\/1154"}],"replies":[{"embeddable":true,"href":"https:\/\/ispah.tecology-hosting.co\/de\/wp-json\/wp\/v2\/comments?post=33441"}],"version-history":[{"count":0,"href":"https:\/\/ispah.tecology-hosting.co\/de\/wp-json\/wp\/v2\/posts\/33441\/revisions"}],"wp:featuredmedia":[{"embeddable":true,"href":"https:\/\/ispah.tecology-hosting.co\/de\/wp-json\/wp\/v2\/media\/33448"}],"wp:attachment":[{"href":"https:\/\/ispah.tecology-hosting.co\/de\/wp-json\/wp\/v2\/media?parent=33441"}],"wp:term":[{"taxonomy":"category","embeddable":true,"href":"https:\/\/ispah.tecology-hosting.co\/de\/wp-json\/wp\/v2\/categories?post=33441"},{"taxonomy":"post_tag","embeddable":true,"href":"https:\/\/ispah.tecology-hosting.co\/de\/wp-json\/wp\/v2\/tags?post=33441"}],"curies":[{"name":"wp","href":"https:\/\/api.w.org\/{rel}","templated":true}]}}