{"id":30926,"date":"2024-12-09T03:17:37","date_gmt":"2024-12-09T03:17:37","guid":{"rendered":"https:\/\/ispah.tecology-hosting.co\/?p=30926"},"modified":"2025-01-08T16:32:35","modified_gmt":"2025-01-08T16:32:35","slug":"paris-2024-ist-ein-wichtiges-ereignis-fur-die-internationale-sportgemeinschaft","status":"publish","type":"post","link":"https:\/\/ispah.tecology-hosting.co\/de\/paris-2024-a-landmark-event-for-the-international-physical-activity-community\/","title":{"rendered":"Paris 2024: Ein wegweisendes Ereignis f\u00fcr die internationale Sportgemeinschaft\u00a0"},"content":{"rendered":"<p class=\"wp-block-paragraph\">Der 10. ISPAH-Kongress in Paris ist erfolgreich zu Ende gegangen. Der von der Franz\u00f6sischen Gesellschaft f\u00fcr \u00f6ffentliche Gesundheit (SFSP) mit Unterst\u00fctzung der Weltgesundheitsorganisation (WHO) veranstaltete Kongress fand vom 28. bis 31. Oktober 2024 statt und bot Workshops, Symposien, Keynotes und Pr\u00e4sentationen \u00fcber die globale \u00f6ffentliche Gesundheit. Der Kongress brachte Forscher, Praktiker und politische Entscheidungstr\u00e4ger aus der ganzen Welt zusammen. Paris bot eine inspirierende Kulisse, da die Stadt den Schwung der Olympischen Spiele 2024 nutzte, um Initiativen im Bereich der \u00f6ffentlichen Gesundheit voranzutreiben, und ihr starkes Engagement f\u00fcr die F\u00f6rderung k\u00f6rperlicher Aktivit\u00e4t.<\/p>\n\n\n\n<hr class=\"wp-block-separator has-alpha-channel-opacity is-style-wide is-style-wide--1\"\/>\n\n\n\n<div class=\"wp-block-group has-global-padding is-layout-constrained wp-block-group-is-layout-constrained\" style=\"margin-top:var(--wp--preset--spacing--20);margin-bottom:var(--wp--preset--spacing--20)\">\n<div class=\"wp-block-columns alignwide are-vertically-aligned-top is-layout-flex wp-container-core-columns-is-layout-1e8f0723 wp-block-columns-is-layout-flex\" style=\"margin-top:0;margin-bottom:0;padding-right:0;padding-left:0\">\n<div class=\"wp-block-column is-vertically-aligned-top is-layout-flow wp-container-core-column-is-layout-a67750dc wp-block-column-is-layout-flow\">\n<h3 class=\"wp-block-heading has-medium-font-size\"><strong>Eine Stadt, die den Weg weist<\/strong>\u00a0<\/h3>\n\n\n\n<p class=\"wp-block-paragraph\">Paris nutzte die Gelegenheit, seine Bem\u00fchungen um die Schaffung eines aktiven und integrativen Umfelds zu pr\u00e4sentieren. Lokale Aktionen, die auf das olympische Verm\u00e4chtnis der Stadt f\u00fcr 2024 abgestimmt sind, zeigten innovative Ans\u00e4tze zur Integration von k\u00f6rperlicher Aktivit\u00e4t in das t\u00e4gliche Leben auf. Die Kongressteilnehmer konnten sich aus erster Hand von den Initiativen der Stadt \u00fcberzeugen, die darauf abzielen, die k\u00f6rperliche Inaktivit\u00e4t zu reduzieren und die Gesundheit der Bev\u00f6lkerung zu verbessern, was die Rolle des Gastgebers als Vorreiter im Bereich der globalen \u00f6ffentlichen Gesundheit unterstreicht.\u00a0<\/p>\n<\/div>\n\n\n\n<div class=\"wp-block-column is-vertically-aligned-top is-layout-flow wp-block-column-is-layout-flow\" style=\"padding-top:0;padding-bottom:0\">\n<figure data-wp-context=\"{&quot;imageId&quot;:&quot;6a9d68f85fd62&quot;}\" data-wp-interactive=\"core\/image\" data-wp-key=\"6a9d68f85fd62\" class=\"wp-block-image size-full is-style-default wp-lightbox-container\"><img decoding=\"async\" width=\"1146\" height=\"1163\" data-wp-class--hide=\"state.isContentHidden\" data-wp-class--show=\"state.isContentVisible\" data-wp-init=\"callbacks.setButtonStyles\" data-wp-on--click=\"actions.showLightbox\" data-wp-on--load=\"callbacks.setButtonStyles\" data-wp-on--pointerdown=\"actions.preloadImage\" data-wp-on--pointerenter=\"actions.preloadImageWithDelay\" data-wp-on--pointerleave=\"actions.cancelPreload\" data-wp-on-window--resize=\"callbacks.setButtonStyles\" src=\"https:\/\/ispah.tecology-hosting.co\/wp-content\/uploads\/2024\/12\/IMG-20241030-WA0022-1.jpg\" alt=\"Img 20241030 Wa0022\" class=\"wp-image-30930\" srcset=\"https:\/\/ispah.tecology-hosting.co\/wp-content\/uploads\/2024\/12\/IMG-20241030-WA0022-1.jpg 1146w, https:\/\/ispah.tecology-hosting.co\/wp-content\/uploads\/2024\/12\/IMG-20241030-WA0022-1-296x300.jpg 296w, https:\/\/ispah.tecology-hosting.co\/wp-content\/uploads\/2024\/12\/IMG-20241030-WA0022-1-1009x1024.jpg 1009w, https:\/\/ispah.tecology-hosting.co\/wp-content\/uploads\/2024\/12\/IMG-20241030-WA0022-1-768x779.jpg 768w\" sizes=\"(max-width: 1146px) 100vw, 1146px\" \/><button\n\t\t\tclass=\"lightbox-trigger\"\n\t\t\ttype=\"button\"\n\t\t\taria-haspopup=\"dialog\"\n\t\t\tdata-wp-bind--aria-label=\"state.thisImage.triggerButtonAriaLabel\"\n\t\t\tdata-wp-init=\"callbacks.initTriggerButton\"\n\t\t\tdata-wp-on--click=\"actions.showLightbox\"\n\t\t\tdata-wp-style--right=\"state.thisImage.buttonRight\"\n\t\t\tdata-wp-style--top=\"state.thisImage.buttonTop\"\n\t\t>\n\t\t\t<svg xmlns=\"http:\/\/www.w3.org\/2000\/svg\" width=\"12\" height=\"12\" fill=\"none\" viewbox=\"0 0 12 12\">\n\t\t\t\t<path fill=\"#fff\" d=\"M2 0a2 2 0 0 0-2 2v2h1.5V2a.5.5 0 0 1 .5-.5h2V0H2Zm2 10.5H2a.5.5 0 0 1-.5-.5V8H0v2a2 2 0 0 0 2 2h2v-1.5ZM8 12v-1.5h2a.5.5 0 0 0 .5-.5V8H12v2a2 2 0 0 1-2 2H8Zm2-12a2 2 0 0 1 2 2v2h-1.5V2a.5.5 0 0 0-.5-.5H8V0h2Z\" \/>\n\t\t\t<\/svg>\n\t\t<\/button><figcaption class=\"wp-element-caption\">Bildnachweis zu Amandine Baron<\/figcaption><\/figure>\n<\/div>\n<\/div>\n<\/div>\n\n\n\n<hr class=\"wp-block-separator has-alpha-channel-opacity is-style-wide is-style-wide--2\"\/>\n\n\n\n<p class=\"wp-block-paragraph\"><strong>Die Rolle der Franz\u00f6sischen Gesellschaft f\u00fcr \u00f6ffentliche Gesundheit (SFSP)<\/strong>&nbsp;<\/p>\n\n\n\n<p class=\"wp-block-paragraph\">Die SFSP spielte eine zentrale Rolle bei der Organisation des Kongresses und stellte ihre f\u00fchrende Rolle bei der F\u00f6rderung der Zusammenarbeit zwischen Fachleuten des \u00f6ffentlichen Gesundheitswesens, Forschern und politischen Entscheidungstr\u00e4gern unter Beweis. Mit \u00fcber 80 Mitgliedsverb\u00e4nden und einem breiten Netzwerk von Experten erm\u00f6glichte die SFSP Diskussionen, die sich mit den multidisziplin\u00e4ren Herausforderungen der Bewegungsf\u00f6rderung befassten. Das Engagement der Gesellschaft, eine \u00f6ffentliche Debatte anzusto\u00dfen und Einfluss auf die Politik zu nehmen, wurde w\u00e4hrend des gesamten Kongresses deutlich und bildet eine solide Grundlage f\u00fcr zuk\u00fcnftige gemeinsame Bem\u00fchungen.&nbsp;<\/p>\n\n\n\n<p class=\"wp-block-paragraph\"><strong>Ein Meilenstein-Treffen<\/strong>&nbsp;<\/p>\n\n\n\n<p class=\"wp-block-paragraph\">Der ISPAH-Kongress 2024 zog ein vielf\u00e4ltiges Netzwerk von \u00fcber 900 Delegierten aus der ganzen Welt an. Die Teilnehmer f\u00fchrten lebhafte Diskussionen \u00fcber die neuesten Forschungsergebnisse, tauschten politische Erkenntnisse aus und erkundeten bew\u00e4hrte Verfahren zur Bek\u00e4mpfung von Ungleichheiten bei der Teilnahme an k\u00f6rperlicher Bet\u00e4tigung. Der Kongress bot 17 Symposien, \u00fcber 300 m\u00fcndliche und kurze Pr\u00e4sentationen und 407 Posterpr\u00e4sentationen, die sich mit dr\u00e4ngenden Fragen der Bewegungsf\u00f6rderung befassten, von skalierbaren Interventionen bis hin zur politischen Umsetzung.&nbsp;<\/p>\n\n\n\n<figure data-wp-context=\"{&quot;imageId&quot;:&quot;6a9d68f8606c4&quot;}\" data-wp-interactive=\"core\/image\" data-wp-key=\"6a9d68f8606c4\" class=\"wp-block-image size-large wp-lightbox-container\"><img decoding=\"async\" width=\"1024\" height=\"683\" data-wp-class--hide=\"state.isContentHidden\" data-wp-class--show=\"state.isContentVisible\" data-wp-init=\"callbacks.setButtonStyles\" data-wp-on--click=\"actions.showLightbox\" data-wp-on--load=\"callbacks.setButtonStyles\" data-wp-on--pointerdown=\"actions.preloadImage\" data-wp-on--pointerenter=\"actions.preloadImageWithDelay\" data-wp-on--pointerleave=\"actions.cancelPreload\" data-wp-on-window--resize=\"callbacks.setButtonStyles\" src=\"https:\/\/ispah.tecology-hosting.co\/wp-content\/uploads\/2024\/12\/IMG_3663-1024x683.jpg\" alt=\"Bild 3663\" class=\"wp-image-30928\" srcset=\"https:\/\/ispah.tecology-hosting.co\/wp-content\/uploads\/2024\/12\/IMG_3663-1024x683.jpg 1024w, https:\/\/ispah.tecology-hosting.co\/wp-content\/uploads\/2024\/12\/IMG_3663-300x200.jpg 300w, https:\/\/ispah.tecology-hosting.co\/wp-content\/uploads\/2024\/12\/IMG_3663-768x512.jpg 768w, https:\/\/ispah.tecology-hosting.co\/wp-content\/uploads\/2024\/12\/IMG_3663-1536x1024.jpg 1536w, https:\/\/ispah.tecology-hosting.co\/wp-content\/uploads\/2024\/12\/IMG_3663-2048x1365.jpg 2048w\" sizes=\"(max-width: 1024px) 100vw, 1024px\" \/><button\n\t\t\tclass=\"lightbox-trigger\"\n\t\t\ttype=\"button\"\n\t\t\taria-haspopup=\"dialog\"\n\t\t\tdata-wp-bind--aria-label=\"state.thisImage.triggerButtonAriaLabel\"\n\t\t\tdata-wp-init=\"callbacks.initTriggerButton\"\n\t\t\tdata-wp-on--click=\"actions.showLightbox\"\n\t\t\tdata-wp-style--right=\"state.thisImage.buttonRight\"\n\t\t\tdata-wp-style--top=\"state.thisImage.buttonTop\"\n\t\t>\n\t\t\t<svg xmlns=\"http:\/\/www.w3.org\/2000\/svg\" width=\"12\" height=\"12\" fill=\"none\" viewbox=\"0 0 12 12\">\n\t\t\t\t<path fill=\"#fff\" d=\"M2 0a2 2 0 0 0-2 2v2h1.5V2a.5.5 0 0 1 .5-.5h2V0H2Zm2 10.5H2a.5.5 0 0 1-.5-.5V8H0v2a2 2 0 0 0 2 2h2v-1.5ZM8 12v-1.5h2a.5.5 0 0 0 .5-.5V8H12v2a2 2 0 0 1-2 2H8Zm2-12a2 2 0 0 1 2 2v2h-1.5V2a.5.5 0 0 0-.5-.5H8V0h2Z\" \/>\n\t\t\t<\/svg>\n\t\t<\/button><figcaption class=\"wp-element-caption\">Bildnachweis zu Amandine Baron<\/figcaption><\/figure>\n\n\n\n<p class=\"wp-block-paragraph\"><strong>H\u00f6hepunkte des Kongresses<\/strong>&nbsp;<\/p>\n\n\n\n<p class=\"wp-block-paragraph\">Ein zentrales Thema des Kongresses war die dringende Notwendigkeit, Politik und Praxis zu beschleunigen, um k\u00f6rperliche Aktivit\u00e4t f\u00fcr alle zu gew\u00e4hrleisten. Die Veranstaltung bot eine Plattform f\u00fcr den Austausch von evidenzbasierten Strategien und innovativen Modellen, die sich auf verschiedene Kontexte und Bev\u00f6lkerungsgruppen \u00fcbertragen lassen. Forscher pr\u00e4sentierten neue Erkenntnisse \u00fcber den gesundheitlichen Nutzen von k\u00f6rperlicher Aktivit\u00e4t, w\u00e4hrend politische Entscheidungstr\u00e4ger Erfolgsgeschichten \u00fcber die Umsetzung von Ma\u00dfnahmen auf Gemeindeebene erz\u00e4hlten.&nbsp;<\/p>\n\n\n\n<p class=\"wp-block-paragraph\"><strong>Ein Katalysator f\u00fcr den Wandel und ein Blick in die Zukunft<\/strong>&nbsp;<\/p>\n\n\n\n<p class=\"wp-block-paragraph\">Die Diskussionen und Networking-M\u00f6glichkeiten haben neue Ideen hervorgebracht und starke Partnerschaften geschmiedet, die den Bereich der Bewegungsf\u00f6rderung weiter voranbringen werden. Der Kongress unterstrich, wie wichtig es ist, k\u00f6rperliche Aktivit\u00e4t in die Agenden der \u00f6ffentlichen Gesundheit zu integrieren, und betonte die Notwendigkeit nachhaltiger Bem\u00fchungen, ein Umfeld zu schaffen, das ein aktives Leben unterst\u00fctzt.&nbsp;<\/p>\n\n\n\n<p class=\"wp-block-paragraph\">Als der Kongress zu Ende ging, war die Botschaft klar: Die Zeit zum Handeln ist jetzt. Der Impuls, der w\u00e4hrend des ISPAH-Kongresses 2024 entstanden ist, wird sich fortsetzen und in k\u00fcnftige Forschung, politische Entscheidungen und Gemeinschaftsinitiativen einflie\u00dfen. Die Teilnehmer verlie\u00dfen Paris mit der Vision, k\u00f6rperliche Aktivit\u00e4t f\u00fcr alle zug\u00e4nglich zu machen.&nbsp;<\/p>\n\n\n\n<p class=\"wp-block-paragraph\">Der ISPAH-Kongress 2024 war ein Meilenstein, der den Weg f\u00fcr eine ges\u00fcndere, aktivere Welt ebnete. Wir freuen uns auf die weiteren Fortschritte und Auswirkungen, wenn wir gemeinsam daran arbeiten, das globale Ziel einer Reduzierung der k\u00f6rperlichen Inaktivit\u00e4t um 15% bis 2030 zu erreichen.&nbsp;<\/p>\n\n\n\n<p class=\"wp-block-paragraph\">Vielen Dank an alle, die mit uns in Paris waren. Ihre Teilnahme und Ihre Beitr\u00e4ge haben diesen Kongress zu einem unvergesslichen Erfolg gemacht.&nbsp;<\/p>","protected":false},"excerpt":{"rendered":"<p>The 10th ISPAH Congress in Paris has come to a successful conclusion. Co-hosted by the French Society of Public Health (SFSP) with co-sponsorship from the World Health Organisation (WHO), the congress took place from October 28-31, 2024 with workshops, symposiums, keynotes, and presentations on the global public health landscape. The congress brought together researchers, practitioners, [&hellip;]<\/p>\n","protected":false},"author":1808,"featured_media":30928,"comment_status":"closed","ping_status":"closed","sticky":false,"template":"","format":"standard","meta":{"_jf_schedule_form":"","_jf_limit_responses":"","country-income-classification":"","slim_seo":{"title":"Paris 2024: A Landmark Event for the International Physical Activity Community\u00a0 - ISPAH","description":"Der 10. ISPAH-Kongress in Paris ist erfolgreich zu Ende gegangen. Der Kongress wurde von der Franz\u00f6sischen Gesellschaft f\u00fcr \u00f6ffentliche Gesundheit (SFSP) ausgerichtet und von der World"},"_slim_seo_primary_term_category":0,"_slim_seo_primary_term_post_tag":0,"footnotes":""},"categories":[23],"tags":[],"class_list":["post-30926","post","type-post","status-publish","format-standard","has-post-thumbnail","hentry","category-blog"],"_links":{"self":[{"href":"https:\/\/ispah.tecology-hosting.co\/de\/wp-json\/wp\/v2\/posts\/30926","targetHints":{"allow":["GET"]}}],"collection":[{"href":"https:\/\/ispah.tecology-hosting.co\/de\/wp-json\/wp\/v2\/posts"}],"about":[{"href":"https:\/\/ispah.tecology-hosting.co\/de\/wp-json\/wp\/v2\/types\/post"}],"author":[{"embeddable":true,"href":"https:\/\/ispah.tecology-hosting.co\/de\/wp-json\/wp\/v2\/users\/1808"}],"replies":[{"embeddable":true,"href":"https:\/\/ispah.tecology-hosting.co\/de\/wp-json\/wp\/v2\/comments?post=30926"}],"version-history":[{"count":0,"href":"https:\/\/ispah.tecology-hosting.co\/de\/wp-json\/wp\/v2\/posts\/30926\/revisions"}],"wp:featuredmedia":[{"embeddable":true,"href":"https:\/\/ispah.tecology-hosting.co\/de\/wp-json\/wp\/v2\/media\/30928"}],"wp:attachment":[{"href":"https:\/\/ispah.tecology-hosting.co\/de\/wp-json\/wp\/v2\/media?parent=30926"}],"wp:term":[{"taxonomy":"category","embeddable":true,"href":"https:\/\/ispah.tecology-hosting.co\/de\/wp-json\/wp\/v2\/categories?post=30926"},{"taxonomy":"post_tag","embeddable":true,"href":"https:\/\/ispah.tecology-hosting.co\/de\/wp-json\/wp\/v2\/tags?post=30926"}],"curies":[{"name":"wp","href":"https:\/\/api.w.org\/{rel}","templated":true}]}}