{"id":25176,"date":"2023-03-17T01:35:03","date_gmt":"2023-03-17T01:35:03","guid":{"rendered":"https:\/\/ispah.tecology-hosting.co\/?p=25176"},"modified":"2024-03-18T20:38:40","modified_gmt":"2024-03-18T20:38:40","slug":"welttag-fur-korperliche-aktivitat-6-april-2","status":"publish","type":"post","link":"https:\/\/ispah.tecology-hosting.co\/de\/world-day-for-physical-activity-april-6\/","title":{"rendered":"Welttag f\u00fcr k\u00f6rperliche Aktivit\u00e4t - 6. April"},"content":{"rendered":"<p class=\"wp-block-paragraph\">Der Welttag f\u00fcr k\u00f6rperliche Aktivit\u00e4t ist der 6. April 2023. Diese Veranstaltung wurde 2002 unter der Leitung von Agita Mundo mit Unterst\u00fctzung der Weltgesundheitsorganisation ins Leben gerufen.<\/p>\n\n\n\n<p class=\"wp-block-paragraph\">Das diesj\u00e4hrige Thema - \"Have a Good Time! Sei aktiv!\" - unterstreicht die Bedeutung des Spa\u00dfes. Wenn wir Spa\u00df an k\u00f6rperlicher Aktivit\u00e4t haben, halten wir sie eher aufrecht! Folgen Sie uns also auf den sozialen Medien, um Tipps, Videos und Fotos zum Welttag f\u00fcr k\u00f6rperliche Aktivit\u00e4t zu erhalten.<\/p>\n\n\n\n<figure data-wp-context=\"{&quot;imageId&quot;:&quot;6a9d4ff501830&quot;}\" data-wp-interactive=\"core\/image\" data-wp-key=\"6a9d4ff501830\" class=\"wp-block-image size-large wp-lightbox-container\"><img decoding=\"async\" width=\"1024\" height=\"576\" data-wp-class--hide=\"state.isContentHidden\" data-wp-class--show=\"state.isContentVisible\" data-wp-init=\"callbacks.setButtonStyles\" data-wp-on--click=\"actions.showLightbox\" data-wp-on--load=\"callbacks.setButtonStyles\" data-wp-on--pointerdown=\"actions.preloadImage\" data-wp-on--pointerenter=\"actions.preloadImageWithDelay\" data-wp-on--pointerleave=\"actions.cancelPreload\" data-wp-on-window--resize=\"callbacks.setButtonStyles\" src=\"https:\/\/ispah.tecology-hosting.co\/wp-content\/uploads\/2023\/03\/World-Day-for-PA-2023-1024x576.jpg\" alt=\"\" class=\"wp-image-25179\" srcset=\"https:\/\/ispah.tecology-hosting.co\/wp-content\/uploads\/2023\/03\/World-Day-for-PA-2023-1024x576.jpg 1024w, https:\/\/ispah.tecology-hosting.co\/wp-content\/uploads\/2023\/03\/World-Day-for-PA-2023-300x169.jpg 300w, https:\/\/ispah.tecology-hosting.co\/wp-content\/uploads\/2023\/03\/World-Day-for-PA-2023-768x432.jpg 768w, https:\/\/ispah.tecology-hosting.co\/wp-content\/uploads\/2023\/03\/World-Day-for-PA-2023.jpg 1280w\" sizes=\"(max-width: 1024px) 100vw, 1024px\" \/><button\n\t\t\tclass=\"lightbox-trigger\"\n\t\t\ttype=\"button\"\n\t\t\taria-haspopup=\"dialog\"\n\t\t\tdata-wp-bind--aria-label=\"state.thisImage.triggerButtonAriaLabel\"\n\t\t\tdata-wp-init=\"callbacks.initTriggerButton\"\n\t\t\tdata-wp-on--click=\"actions.showLightbox\"\n\t\t\tdata-wp-style--right=\"state.thisImage.buttonRight\"\n\t\t\tdata-wp-style--top=\"state.thisImage.buttonTop\"\n\t\t>\n\t\t\t<svg xmlns=\"http:\/\/www.w3.org\/2000\/svg\" width=\"12\" height=\"12\" fill=\"none\" viewbox=\"0 0 12 12\">\n\t\t\t\t<path fill=\"#fff\" d=\"M2 0a2 2 0 0 0-2 2v2h1.5V2a.5.5 0 0 1 .5-.5h2V0H2Zm2 10.5H2a.5.5 0 0 1-.5-.5V8H0v2a2 2 0 0 0 2 2h2v-1.5ZM8 12v-1.5h2a.5.5 0 0 0 .5-.5V8H12v2a2 2 0 0 1-2 2H8Zm2-12a2 2 0 0 1 2 2v2h-1.5V2a.5.5 0 0 0-.5-.5H8V0h2Z\" \/>\n\t\t\t<\/svg>\n\t\t<\/button><\/figure>","protected":false},"excerpt":{"rendered":"<p>World Day for Physical Activity is April 6, 2023. This event was established in 2002, led by Agita Mundo with support from the World Health Organization. This year\u2019s theme &#8211; \u201cHave a Good Time! Be Active!\u201d &#8211; emphasizes the importance of fun. If we enjoy physical activity, we are more likely to keep it up! [&hellip;]<\/p>\n","protected":false},"author":610,"featured_media":27863,"comment_status":"closed","ping_status":"closed","sticky":false,"template":"","format":"standard","meta":{"_jf_schedule_form":"","_jf_limit_responses":"","country-income-classification":"","slim_seo":{"title":"Welttag f\u00fcr k\u00f6rperliche Aktivit\u00e4t - 6. April - ISPAH","description":"Der Welttag f\u00fcr k\u00f6rperliche Aktivit\u00e4t ist der 6. April 2023. Diese Veranstaltung wurde 2002 unter der Leitung von Agita Mundo mit Unterst\u00fctzung der Weltgesundheitsorganisation ins Leben gerufen. Das diesj\u00e4hrige Thema - \"Have a Good Time! Sei aktiv!\" - unterstreicht die Bedeutung von Spa\u00df. Wenn wir Spa\u00df an k\u00f6rperlicher Aktivit\u00e4t haben, sind wir mehr..."},"_slim_seo_primary_term_category":0,"_slim_seo_primary_term_post_tag":0,"footnotes":""},"categories":[60],"tags":[87],"class_list":["post-25176","post","type-post","status-publish","format-standard","has-post-thumbnail","hentry","category-announcements","tag-physical-activity"],"_links":{"self":[{"href":"https:\/\/ispah.tecology-hosting.co\/de\/wp-json\/wp\/v2\/posts\/25176","targetHints":{"allow":["GET"]}}],"collection":[{"href":"https:\/\/ispah.tecology-hosting.co\/de\/wp-json\/wp\/v2\/posts"}],"about":[{"href":"https:\/\/ispah.tecology-hosting.co\/de\/wp-json\/wp\/v2\/types\/post"}],"author":[{"embeddable":true,"href":"https:\/\/ispah.tecology-hosting.co\/de\/wp-json\/wp\/v2\/users\/610"}],"replies":[{"embeddable":true,"href":"https:\/\/ispah.tecology-hosting.co\/de\/wp-json\/wp\/v2\/comments?post=25176"}],"version-history":[{"count":0,"href":"https:\/\/ispah.tecology-hosting.co\/de\/wp-json\/wp\/v2\/posts\/25176\/revisions"}],"wp:featuredmedia":[{"embeddable":true,"href":"https:\/\/ispah.tecology-hosting.co\/de\/wp-json\/wp\/v2\/media\/27863"}],"wp:attachment":[{"href":"https:\/\/ispah.tecology-hosting.co\/de\/wp-json\/wp\/v2\/media?parent=25176"}],"wp:term":[{"taxonomy":"category","embeddable":true,"href":"https:\/\/ispah.tecology-hosting.co\/de\/wp-json\/wp\/v2\/categories?post=25176"},{"taxonomy":"post_tag","embeddable":true,"href":"https:\/\/ispah.tecology-hosting.co\/de\/wp-json\/wp\/v2\/tags?post=25176"}],"curies":[{"name":"wp","href":"https:\/\/api.w.org\/{rel}","templated":true}]}}