{"id":18749,"date":"2021-12-14T06:00:00","date_gmt":"2021-12-14T06:00:00","guid":{"rendered":"https:\/\/ispah.tecology-hosting.co\/?p=18749"},"modified":"2024-12-14T00:59:41","modified_gmt":"2024-12-14T00:59:41","slug":"ispah-shorts","status":"publish","type":"post","link":"https:\/\/ispah.tecology-hosting.co\/de\/ispah-shorts\/","title":{"rendered":"ISPAH Kurze Hosen"},"content":{"rendered":"<p class=\"wp-block-paragraph\"><b>Was sind ISPAH-Shorts?<\/b><b><\/b><\/p>\n\n\n\n<p class=\"wp-block-paragraph\">ISPAH shorts ist eine Initiative des ISPAH-Komitees f\u00fcr Kapazit\u00e4tsaufbau, die unseren Mitgliedern helfen soll, ihre Forschungsergebnisse auf innovative und ansprechende Weise zu pr\u00e4sentieren. Die Initiative wurde 2019 als exklusiver Vorteil f\u00fcr ISPAH-Mitglieder ins Leben gerufen. Die Mitglieder wurden erneut eingeladen, Abstracts von Manuskripten einzureichen, die 2020 ver\u00f6ffentlicht werden, um die M\u00f6glichkeit zu haben, sie in digitale Form zu bringen.<\/p>\n\n\n\n<p class=\"wp-block-paragraph\">Im Rahmen eines Wettbewerbsprozesses wurde jeder Beitrag auf der Grundlage von Klarheit, Qualit\u00e4t, Stringenz, Bedeutung und Wichtigkeit f\u00fcr das Gebiet der k\u00f6rperlichen Aktivit\u00e4t und der \u00f6ffentlichen Gesundheit bewertet. In diesem Jahr erhielten wir 19 Bewerbungen von Forschern aus ganz Europa (n=5), dem Westpazifik (n=6) und Panamerika (n=8) der ISPAH-Gemeinschaft.  Wir freuen uns, Ihnen auch in diesem Jahr wieder die ausgew\u00e4hlten Beitr\u00e4ge pr\u00e4sentieren zu k\u00f6nnen und danken Jennifer Duncan f\u00fcr ihre Arbeit, mit der sie diese Beitr\u00e4ge ins Leben gerufen hat.<\/p>\n\n\n\n<figure class=\"wp-block-embed is-type-video is-provider-youtube wp-block-embed-youtube wp-embed-aspect-16-9 wp-has-aspect-ratio\"><div class=\"wp-block-embed__wrapper\">\n<iframe title=\"Ungleiche k\u00f6rperliche Aktivit\u00e4t - globale Trends nach Einkommensungleichheit und Geschlecht bei Erwachsenen.\" width=\"500\" height=\"281\" src=\"https:\/\/www.youtube.com\/embed\/EBB4gf7I6T4?feature=oembed\" frameborder=\"0\" allow=\"accelerometer; autoplay; clipboard-write; encrypted-media; gyroscope; picture-in-picture; web-share\" referrerpolicy=\"strict-origin-when-cross-origin\" allowfullscreen><\/iframe>\n<\/div><\/figure>\n\n\n\n<p class=\"wp-block-paragraph\">Chastin et al., 2020. Ungleiche k\u00f6rperliche Aktivit\u00e4t - globale Trends nach Einkommensungleichheit und Geschlecht bei Erwachsenen.<\/p>\n\n\n\n<figure class=\"wp-block-embed is-type-video is-provider-youtube wp-block-embed-youtube wp-embed-aspect-16-9 wp-has-aspect-ratio\"><div class=\"wp-block-embed__wrapper\">\n<iframe title=\"Brasilianische V\u00e4ter mit Migrationshintergrund \u00fcber die k\u00f6rperliche Aktivit\u00e4t und Bildschirmzeit ihrer Kinder im Vorschulalter\" width=\"500\" height=\"281\" src=\"https:\/\/www.youtube.com\/embed\/lOO8m6dZ3-Y?feature=oembed\" frameborder=\"0\" allow=\"accelerometer; autoplay; clipboard-write; encrypted-media; gyroscope; picture-in-picture; web-share\" referrerpolicy=\"strict-origin-when-cross-origin\" allowfullscreen><\/iframe>\n<\/div><\/figure>\n\n\n\n<p class=\"wp-block-paragraph\">Lindsay et al., 2020. Brasilianische V\u00e4ter mit Migrationshintergrund \u00fcber die k\u00f6rperliche Aktivit\u00e4t und Bildschirmzeit ihrer Kinder im Vorschulalter<\/p>\n\n\n\n<figure class=\"wp-block-embed is-type-video is-provider-youtube wp-block-embed-youtube wp-embed-aspect-16-9 wp-has-aspect-ratio\"><div class=\"wp-block-embed__wrapper\">\n<iframe title=\"Warum gehen Menschen zu Fu\u00df? Die Rolle der bebauten Umwelt und der Stand der Entwicklung eines Modells der Gehbarkeit.\" width=\"500\" height=\"281\" src=\"https:\/\/www.youtube.com\/embed\/cFbVWsIcOZM?feature=oembed\" frameborder=\"0\" allow=\"accelerometer; autoplay; clipboard-write; encrypted-media; gyroscope; picture-in-picture; web-share\" referrerpolicy=\"strict-origin-when-cross-origin\" allowfullscreen><\/iframe>\n<\/div><\/figure>\n\n\n\n<p class=\"wp-block-paragraph\">Bozovic et al., 2020. Warum gehen Menschen zu Fu\u00df? Die Rolle der bebauten Umwelt &amp; Stand der Entwicklung eines Modells der Gehbarkeit.<\/p>\n\n\n\n<figure class=\"wp-block-embed is-type-video is-provider-youtube wp-block-embed-youtube wp-embed-aspect-16-9 wp-has-aspect-ratio\"><div class=\"wp-block-embed__wrapper\">\n<iframe title=\"Die ersten globalen Leitlinien f\u00fcr k\u00f6rperliche Aktivit\u00e4t und sitzende T\u00e4tigkeiten f\u00fcr Menschen mit Behinderungen\" width=\"500\" height=\"281\" src=\"https:\/\/www.youtube.com\/embed\/z-S_bgJT3Ac?feature=oembed\" frameborder=\"0\" allow=\"accelerometer; autoplay; clipboard-write; encrypted-media; gyroscope; picture-in-picture; web-share\" referrerpolicy=\"strict-origin-when-cross-origin\" allowfullscreen><\/iframe>\n<\/div><\/figure>\n\n\n\n<p class=\"wp-block-paragraph\">Carty et al., 2021. The First Global Physical Activity &amp; Sedentary Behavior Guidelines for People Living With Disability<\/p>\n\n\n\n<figure class=\"wp-block-embed is-type-video is-provider-youtube wp-block-embed-youtube wp-embed-aspect-16-9 wp-has-aspect-ratio\"><div class=\"wp-block-embed__wrapper\">\n<iframe title=\"Die Ziele f\u00fcr k\u00f6rperliche Aktivit\u00e4t erreichen, aber den Sinn verfehlen?\" width=\"500\" height=\"281\" src=\"https:\/\/www.youtube.com\/embed\/pF5oZidSiJk?feature=oembed\" frameborder=\"0\" allow=\"accelerometer; autoplay; clipboard-write; encrypted-media; gyroscope; picture-in-picture; web-share\" referrerpolicy=\"strict-origin-when-cross-origin\" allowfullscreen><\/iframe>\n<\/div><\/figure>\n\n\n\n<p class=\"wp-block-paragraph\">Mizdrak et al., 2021. Die Ziele f\u00fcr k\u00f6rperliche Aktivit\u00e4t erreichen, aber den Sinn verfehlen?<\/p>","protected":false},"excerpt":{"rendered":"<p>What are ISPAH shorts? ISPAH shorts is an initiative from ISPAH\u2019s Capacity Building Committee to help our members share their research findings in an innovative and engaging way. Launched in 2019 as an exclusive ISPAH member benefit, members were once again invited to submit abstracts from manuscripts published in 2020 for the opportunity to have [&hellip;]<\/p>\n","protected":false},"author":1154,"featured_media":9605,"comment_status":"closed","ping_status":"open","sticky":false,"template":"","format":"standard","meta":{"_jf_schedule_form":"","_jf_limit_responses":"","country-income-classification":"","slim_seo":{"title":"ISPAH Kurze Hosen - ISPAH","description":"Was sind ISPAH-Shorts? ISPAH shorts ist eine Initiative des ISPAH-Bildungskomitees, um unseren Mitgliedern zu helfen, ihre Forschungsergebnisse auf innovative und ansprechende Weise zu pr\u00e4sentieren. Im Jahr 2019 als exklusiver Vorteil f\u00fcr ISPAH-Mitglieder eingef\u00fchrt, wurden die Mitglieder erneut eingeladen, Abstracts von Manuskripten einzureichen, die im Jahr 2020..."},"_slim_seo_primary_term_category":0,"_slim_seo_primary_term_post_tag":0,"footnotes":""},"categories":[23],"tags":[],"class_list":["post-18749","post","type-post","status-publish","format-standard","has-post-thumbnail","hentry","category-blog"],"_links":{"self":[{"href":"https:\/\/ispah.tecology-hosting.co\/de\/wp-json\/wp\/v2\/posts\/18749","targetHints":{"allow":["GET"]}}],"collection":[{"href":"https:\/\/ispah.tecology-hosting.co\/de\/wp-json\/wp\/v2\/posts"}],"about":[{"href":"https:\/\/ispah.tecology-hosting.co\/de\/wp-json\/wp\/v2\/types\/post"}],"author":[{"embeddable":true,"href":"https:\/\/ispah.tecology-hosting.co\/de\/wp-json\/wp\/v2\/users\/1154"}],"replies":[{"embeddable":true,"href":"https:\/\/ispah.tecology-hosting.co\/de\/wp-json\/wp\/v2\/comments?post=18749"}],"version-history":[{"count":0,"href":"https:\/\/ispah.tecology-hosting.co\/de\/wp-json\/wp\/v2\/posts\/18749\/revisions"}],"wp:featuredmedia":[{"embeddable":true,"href":"https:\/\/ispah.tecology-hosting.co\/de\/wp-json\/wp\/v2\/media\/9605"}],"wp:attachment":[{"href":"https:\/\/ispah.tecology-hosting.co\/de\/wp-json\/wp\/v2\/media?parent=18749"}],"wp:term":[{"taxonomy":"category","embeddable":true,"href":"https:\/\/ispah.tecology-hosting.co\/de\/wp-json\/wp\/v2\/categories?post=18749"},{"taxonomy":"post_tag","embeddable":true,"href":"https:\/\/ispah.tecology-hosting.co\/de\/wp-json\/wp\/v2\/tags?post=18749"}],"curies":[{"name":"wp","href":"https:\/\/api.w.org\/{rel}","templated":true}]}}